{"id":10286,"date":"2013-04-23T19:27:28","date_gmt":"2013-04-23T19:27:28","guid":{"rendered":"http:\/\/www.mediaforcecommunications.com\/?p=10286"},"modified":"2022-09-14T17:04:03","modified_gmt":"2022-09-14T21:04:03","slug":"homenaje-a-las-divinas-y-humanas-del-2013-acapara-la-atencion-del-gremio-artistico-hispano","status":"publish","type":"post","link":"https:\/\/mediaforceglobal.com\/es\/press-releases\/homenaje-a-las-divinas-y-humanas-del-2013-acapara-la-atencion-del-gremio-artistico-hispano\/","title":{"rendered":"Homenaje a las \u201cDivinas y Humanas\u201d del 2013 acapara la atenci\u00f3n del gremio art\u00edstico hispano"},"content":{"rendered":"<p style=\"text-align: left;\" align=\"center\"><strong>Las \u201cDivinas y Humanas\u201d de TVyNovelas reciben su reconocimiento<\/strong><\/p>\n<p>La noche se visti\u00f3 de gala el pasado 18 de abril,\u00a0 para homenajear a las 20 \u201cDivinas y Humanas\u201d del espect\u00e1culo latino, que fueron seleccionadas por la revista TVyNovelas USA\u00a0 al considerarlas no solo mujeres hermosas sino tambi\u00e9n exitosas, delante y detr\u00e1s de las c\u00e1maras.<\/p>\n<p><!--more--><\/p>\n<p>Por la alfombra roja que precedi\u00f3 el glamoroso evento desfilaron las \u201cDivinas y Humanas\u201d, entre ellas las actrices Catherine Siachoque, Sonya Smith y las presentadoras de televisi\u00f3n: Adamari L\u00f3pez, Ana Patricia Gonz\u00e1lez y Lourdes Stephen. Todas lucieron sus mejores galas y como era de esperarse,\u00a0 acapararon la atenci\u00f3n de los profesionales de la comunicaci\u00f3n, quienes se deleitaron con su encanto y espontaneidad, para luego entrevistarlas y encontrar ese lado humano, que las hizo merecedoras de esta distinci\u00f3n.<\/p>\n<p>El evento auspiciado por Satin, Smirnoff y Samsara estuvo bajo la conducci\u00f3n de Carlos\u00a0 Calder\u00f3n, quien ameniz\u00f3 la velada con sus divertidos comentarios y dio la bienvenida al director de TVyNovelas, Luis Alfonso Borrego, quien fue el encargado de presentar y\u00a0 entregar los reconocimientos a cada una de las homenajeadas. La sinigual Gaby Espino, agradeci\u00f3 haber sido escogida dentro de este selecto grupo y valoro la iniciativa por permitirle mostrar a su p\u00fablico, que ella es una mujer de carne y hueso como todas, con la \u00fanica diferencia de que\u00a0 trabaja\u00a0 frente a las c\u00e1maras. Por su parte, Chiquinquir\u00e1 Delgado, declar\u00f3 orgullosa al recibir su galard\u00f3n: \u201cTodas las mujeres tenemos algo de Divinas y Humanas, porque a diferencia de los hombres tenemos esa habilidad de hacer 20 cosas a la vez y las hacemos bien\u201d, como era de esperarse retumbaron los aplausos en el sal\u00f3n con las intervenciones de cada una de las elegidas al recibir su presea.<\/p>\n<p>La flaca, Lili Estefan, tambi\u00e9n destac\u00f3 que tanto ella como sus compa\u00f1eras, son campeonas ante la vida y m\u00e1s humana de lo que muchos piensan, pues no solo viven cada una de las historias que les toca narrar, sino tambi\u00e9n cumplen su rol de esposa, madre e hija \u201cNosotras tambi\u00e9n sentimos\u201d. Lupita Jones, tambi\u00e9n agradeci\u00f3 el haber sido homenajeada y destac\u00f3 el trabajo de TVyNovelas por mostrar siempre con \u00e9tica y respeto la vida de los artistas.<\/p>\n<p>A la cita tambi\u00e9n asistieron importantes personalidades del mundo art\u00edstico entre ellas\u00a0 la cantante Lena Burke, los actores Omar Germanos, Osvaldo R\u00edos, Mauricio Henao, Juan Soler y su esposa Maki y\u00a0 las actrices Michelle Vargas, Adriana Lavat\u00a0 y\u00a0 talentos juveniles como Kimberly Dos Ramos.<\/p>\n<p>La edici\u00f3n de \u201cDivinas y Humanas\u201d de la revista TVyNovelas,\u00a0 se convierte as\u00ed en un evento anual en el cual se le rinde homenaje a todas esas mujeres hispanas del espect\u00e1culo, cuya historia pueda servir de ejemplo para cualquiera de los lectores.<\/p>\n<p><strong>Lista de las divinas 2013:<\/strong><\/p>\n<p>Adamari L\u00f3pez<br \/>\nAna Patricia Gonz\u00e1lez<br \/>\nAracely Ar\u00e1mbula<br \/>\nB\u00e1rbara Bermudo<br \/>\nBlanca Soto<br \/>\nCatherine Siachoque<br \/>\nChiquinquir\u00e1 Delgado<br \/>\nDanna Garc\u00eda<br \/>\nEiza Gonz\u00e1lez<br \/>\nElizabeth Guti\u00e9rrez<br \/>\nGaby Espino<br \/>\nIlia Calder\u00f3n<br \/>\nLili Estefan<br \/>\nLourdes Stephen<br \/>\nLupita Jones<br \/>\nMaribel Guardia<br \/>\nMar\u00eda Celeste Arrar\u00e1s<br \/>\nMariela Encarnaci\u00f3n<br \/>\nMaritza Rodr\u00edguez<br \/>\nSonya Smith<\/p>","protected":false},"excerpt":{"rendered":"<p>Las \u201cDivinas y Humanas\u201d de TVyNovelas reciben su reconocimiento La noche se visti\u00f3 de gala el pasado 18 de abril,\u00a0 para homenajear a las 20 \u201cDivinas y Humanas\u201d del espect\u00e1culo latino, que fueron seleccionadas por la revista TVyNovelas USA\u00a0 al considerarlas no solo mujeres hermosas sino tambi\u00e9n exitosas, delante y detr\u00e1s de las c\u00e1maras.<\/p>","protected":false},"author":1,"featured_media":0,"comment_status":"open","ping_status":"open","sticky":false,"template":"","format":"standard","meta":{"_angie_page":false,"page_builder":"","footnotes":""},"categories":[1],"tags":[161,162],"class_list":["post-10286","post","type-post","status-publish","format-standard","hentry","category-press-releases","tag-divinas-y-humanas","tag-televisa-publishing-digital"],"yoast_head":"<!-- This site is optimized with the Yoast SEO Premium plugin v27.5 (Yoast SEO v27.5) - https:\/\/yoast.com\/product\/yoast-seo-premium-wordpress\/ -->\n<title>Homenaje a las \u201cDivinas y Humanas\u201d del 2013 acapara la atenci\u00f3n del gremio art\u00edstico hispano &#8226; Media Force Global<\/title>\n<meta name=\"robots\" content=\"index, follow, max-snippet:-1, max-image-preview:large, max-video-preview:-1\" \/>\n<link rel=\"canonical\" href=\"https:\/\/mediaforceglobal.com\/es\/press-releases\/homenaje-a-las-divinas-y-humanas-del-2013-acapara-la-atencion-del-gremio-artistico-hispano\/\" \/>\n<meta property=\"og:locale\" content=\"es_MX\" \/>\n<meta property=\"og:type\" content=\"article\" \/>\n<meta property=\"og:title\" content=\"Homenaje a las \u201cDivinas y Humanas\u201d del 2013 acapara la atenci\u00f3n del gremio art\u00edstico hispano &#8226; Media Force Global\" \/>\n<meta property=\"og:url\" content=\"https:\/\/mediaforceglobal.com\/es\/press-releases\/homenaje-a-las-divinas-y-humanas-del-2013-acapara-la-atencion-del-gremio-artistico-hispano\/\" \/>\n<meta property=\"og:site_name\" content=\"Media Force Global\" \/>\n<meta property=\"article:publisher\" content=\"https:\/\/www.facebook.com\/mediaforceglobal\" \/>\n<meta property=\"article:published_time\" content=\"2013-04-23T19:27:28+00:00\" \/>\n<meta property=\"article:modified_time\" content=\"2022-09-14T21:04:03+00:00\" \/>\n<meta property=\"og:image\" content=\"https:\/\/mediaforceglobal.com\/wp-content\/uploads\/2022\/09\/2021-MFG-logo-web.jpg\" \/>\n\t<meta property=\"og:image:width\" content=\"767\" \/>\n\t<meta property=\"og:image:height\" content=\"718\" \/>\n\t<meta property=\"og:image:type\" content=\"image\/jpeg\" \/>\n<meta name=\"author\" content=\"Staff\" \/>\n<meta name=\"twitter:card\" content=\"summary_large_image\" \/>\n<meta name=\"twitter:creator\" content=\"@MFGNewsroom\" \/>\n<meta name=\"twitter:site\" content=\"@MFGNewsroom\" \/>\n<meta name=\"twitter:label1\" content=\"Escrito por\" \/>\n\t<meta name=\"twitter:data1\" content=\"Staff\" \/>\n\t<meta name=\"twitter:label2\" content=\"Tiempo de lectura\" \/>\n\t<meta name=\"twitter:data2\" content=\"3 minutos\" \/>\n<script type=\"application\/ld+json\" class=\"yoast-schema-graph\">{\"@context\":\"https:\\\/\\\/schema.org\",\"@graph\":[{\"@type\":\"Article\",\"@id\":\"https:\\\/\\\/mediaforceglobal.com\\\/press-releases\\\/homenaje-a-las-divinas-y-humanas-del-2013-acapara-la-atencion-del-gremio-artistico-hispano\\\/#article\",\"isPartOf\":{\"@id\":\"https:\\\/\\\/mediaforceglobal.com\\\/press-releases\\\/homenaje-a-las-divinas-y-humanas-del-2013-acapara-la-atencion-del-gremio-artistico-hispano\\\/\"},\"author\":{\"name\":\"Staff\",\"@id\":\"https:\\\/\\\/mediaforceglobal.com\\\/#\\\/schema\\\/person\\\/27f53727962287ebddbc752dbf219aaf\"},\"headline\":\"Homenaje a las \u201cDivinas y Humanas\u201d del 2013 acapara la atenci\u00f3n del gremio art\u00edstico hispano\",\"datePublished\":\"2013-04-23T19:27:28+00:00\",\"dateModified\":\"2022-09-14T21:04:03+00:00\",\"mainEntityOfPage\":{\"@id\":\"https:\\\/\\\/mediaforceglobal.com\\\/press-releases\\\/homenaje-a-las-divinas-y-humanas-del-2013-acapara-la-atencion-del-gremio-artistico-hispano\\\/\"},\"wordCount\":550,\"commentCount\":0,\"publisher\":{\"@id\":\"https:\\\/\\\/mediaforceglobal.com\\\/#organization\"},\"keywords\":[\"Divinas y Humanas\",\"Televisa Publishing + Digital\"],\"articleSection\":[\"Press Releases\"],\"inLanguage\":\"es\",\"potentialAction\":[{\"@type\":\"CommentAction\",\"name\":\"Comment\",\"target\":[\"https:\\\/\\\/mediaforceglobal.com\\\/press-releases\\\/homenaje-a-las-divinas-y-humanas-del-2013-acapara-la-atencion-del-gremio-artistico-hispano\\\/#respond\"]}]},{\"@type\":\"WebPage\",\"@id\":\"https:\\\/\\\/mediaforceglobal.com\\\/press-releases\\\/homenaje-a-las-divinas-y-humanas-del-2013-acapara-la-atencion-del-gremio-artistico-hispano\\\/\",\"url\":\"https:\\\/\\\/mediaforceglobal.com\\\/press-releases\\\/homenaje-a-las-divinas-y-humanas-del-2013-acapara-la-atencion-del-gremio-artistico-hispano\\\/\",\"name\":\"Homenaje a las \u201cDivinas y Humanas\u201d del 2013 acapara la atenci\u00f3n del gremio art\u00edstico hispano &#8226; Media Force Global\",\"isPartOf\":{\"@id\":\"https:\\\/\\\/mediaforceglobal.com\\\/#website\"},\"datePublished\":\"2013-04-23T19:27:28+00:00\",\"dateModified\":\"2022-09-14T21:04:03+00:00\",\"breadcrumb\":{\"@id\":\"https:\\\/\\\/mediaforceglobal.com\\\/press-releases\\\/homenaje-a-las-divinas-y-humanas-del-2013-acapara-la-atencion-del-gremio-artistico-hispano\\\/#breadcrumb\"},\"inLanguage\":\"es\",\"potentialAction\":[{\"@type\":\"ReadAction\",\"target\":[\"https:\\\/\\\/mediaforceglobal.com\\\/press-releases\\\/homenaje-a-las-divinas-y-humanas-del-2013-acapara-la-atencion-del-gremio-artistico-hispano\\\/\"]}]},{\"@type\":\"BreadcrumbList\",\"@id\":\"https:\\\/\\\/mediaforceglobal.com\\\/press-releases\\\/homenaje-a-las-divinas-y-humanas-del-2013-acapara-la-atencion-del-gremio-artistico-hispano\\\/#breadcrumb\",\"itemListElement\":[{\"@type\":\"ListItem\",\"position\":1,\"name\":\"Home\",\"item\":\"https:\\\/\\\/mediaforceglobal.com\\\/\"},{\"@type\":\"ListItem\",\"position\":2,\"name\":\"Press Releases\",\"item\":\"https:\\\/\\\/mediaforceglobal.com\\\/press-releases\\\/\"},{\"@type\":\"ListItem\",\"position\":3,\"name\":\"Homenaje a las \u201cDivinas y Humanas\u201d del 2013 acapara la atenci\u00f3n del gremio art\u00edstico hispano\"}]},{\"@type\":\"WebSite\",\"@id\":\"https:\\\/\\\/mediaforceglobal.com\\\/#website\",\"url\":\"https:\\\/\\\/mediaforceglobal.com\\\/\",\"name\":\"Media Force Global\",\"description\":\"Public Relations + Marketing\",\"publisher\":{\"@id\":\"https:\\\/\\\/mediaforceglobal.com\\\/#organization\"},\"alternateName\":\"Media Force Global\",\"potentialAction\":[{\"@type\":\"SearchAction\",\"target\":{\"@type\":\"EntryPoint\",\"urlTemplate\":\"https:\\\/\\\/mediaforceglobal.com\\\/?s={search_term_string}\"},\"query-input\":{\"@type\":\"PropertyValueSpecification\",\"valueRequired\":true,\"valueName\":\"search_term_string\"}}],\"inLanguage\":\"es\"},{\"@type\":\"Organization\",\"@id\":\"https:\\\/\\\/mediaforceglobal.com\\\/#organization\",\"name\":\"Media Force Global\",\"url\":\"https:\\\/\\\/mediaforceglobal.com\\\/\",\"logo\":{\"@type\":\"ImageObject\",\"inLanguage\":\"es\",\"@id\":\"https:\\\/\\\/mediaforceglobal.com\\\/#\\\/schema\\\/logo\\\/image\\\/\",\"url\":\"https:\\\/\\\/mediaforceglobal.com\\\/wp-content\\\/uploads\\\/2022\\\/09\\\/2021-MFG-logo-web.jpg\",\"contentUrl\":\"https:\\\/\\\/mediaforceglobal.com\\\/wp-content\\\/uploads\\\/2022\\\/09\\\/2021-MFG-logo-web.jpg\",\"width\":767,\"height\":718,\"caption\":\"Media Force Global\"},\"image\":{\"@id\":\"https:\\\/\\\/mediaforceglobal.com\\\/#\\\/schema\\\/logo\\\/image\\\/\"},\"sameAs\":[\"https:\\\/\\\/www.facebook.com\\\/mediaforceglobal\",\"https:\\\/\\\/x.com\\\/MFGNewsroom\",\"https:\\\/\\\/www.instagram.com\\\/mediaforceglobal\\\/\",\"https:\\\/\\\/www.linkedin.com\\\/company\\\/mediaforceglobal\"],\"description\":\"Media Force Global is an agency specializing in public relations, and brand positioning. Discover innovative PR strategies, high-impact campaigns, branding, media management, and business growth solutions\u2014all designed to maximize the visibility, reputation, and global reach of companies, celebrities, and entrepreneurs. Boost your digital presence with experts in strategic communication, storytelling, and performance marketing.\",\"email\":\"info@mediaforceglobal.com\",\"telephone\":\"+1 (786) 749-6900\",\"legalName\":\"Media Force Global & Partners LLC\",\"foundingDate\":\"2008-10-05\",\"numberOfEmployees\":{\"@type\":\"QuantitativeValue\",\"minValue\":\"1\",\"maxValue\":\"10\"}},{\"@type\":\"Person\",\"@id\":\"https:\\\/\\\/mediaforceglobal.com\\\/#\\\/schema\\\/person\\\/27f53727962287ebddbc752dbf219aaf\",\"name\":\"Staff\",\"image\":{\"@type\":\"ImageObject\",\"inLanguage\":\"es\",\"@id\":\"https:\\\/\\\/secure.gravatar.com\\\/avatar\\\/91618d41d75a4de8534513840b31d2be1c9485fb9dc8f5ffdf29c4fbf5943cb8?s=96&d=mm&r=g\",\"url\":\"https:\\\/\\\/secure.gravatar.com\\\/avatar\\\/91618d41d75a4de8534513840b31d2be1c9485fb9dc8f5ffdf29c4fbf5943cb8?s=96&d=mm&r=g\",\"contentUrl\":\"https:\\\/\\\/secure.gravatar.com\\\/avatar\\\/91618d41d75a4de8534513840b31d2be1c9485fb9dc8f5ffdf29c4fbf5943cb8?s=96&d=mm&r=g\",\"caption\":\"Staff\"},\"description\":\"President of Media Force Global + Partners with more than 15 year of experience, a Bachelor\u2019s degree in Communications (Sacred Heart University) and a Master\u2019s in Entertainment Business (Full Sail University). Mel Diaz overseas operations in the areas of Public Relations, Integrated Marketing and Artist Management &amp; Commercialization; through the years, working and implementing Public Relations strategies for Jos\u00e9 Feliciano, Farruko, Proyecto Uno to mention a few, and commercial brands such as Custo Barcelona, Miami Children's Hospital Foundation and Televisa Publishing + Digital among others.\",\"knowsLanguage\":[\"English\",\"Spanish\"],\"jobTitle\":\"President CEO\",\"worksFor\":\"Media Force Global + Partners\",\"url\":\"https:\\\/\\\/mediaforceglobal.com\\\/es\\\/author\\\/adminmfg\\\/\"}]}<\/script>\n<!-- \/ Yoast SEO Premium plugin. -->","yoast_head_json":{"title":"Homenaje a las \u201cDivinas y Humanas\u201d del 2013 acapara la atenci\u00f3n del gremio art\u00edstico hispano &#8226; Media Force Global","robots":{"index":"index","follow":"follow","max-snippet":"max-snippet:-1","max-image-preview":"max-image-preview:large","max-video-preview":"max-video-preview:-1"},"canonical":"https:\/\/mediaforceglobal.com\/es\/press-releases\/homenaje-a-las-divinas-y-humanas-del-2013-acapara-la-atencion-del-gremio-artistico-hispano\/","og_locale":"es_MX","og_type":"article","og_title":"Homenaje a las \u201cDivinas y Humanas\u201d del 2013 acapara la atenci\u00f3n del gremio art\u00edstico hispano &#8226; Media Force Global","og_url":"https:\/\/mediaforceglobal.com\/es\/press-releases\/homenaje-a-las-divinas-y-humanas-del-2013-acapara-la-atencion-del-gremio-artistico-hispano\/","og_site_name":"Media Force Global","article_publisher":"https:\/\/www.facebook.com\/mediaforceglobal","article_published_time":"2013-04-23T19:27:28+00:00","article_modified_time":"2022-09-14T21:04:03+00:00","og_image":[{"width":767,"height":718,"url":"https:\/\/mediaforceglobal.com\/wp-content\/uploads\/2022\/09\/2021-MFG-logo-web.jpg","type":"image\/jpeg"}],"author":"Staff","twitter_card":"summary_large_image","twitter_creator":"@MFGNewsroom","twitter_site":"@MFGNewsroom","twitter_misc":{"Escrito por":"Staff","Tiempo de lectura":"3 minutos"},"schema":{"@context":"https:\/\/schema.org","@graph":[{"@type":"Article","@id":"https:\/\/mediaforceglobal.com\/press-releases\/homenaje-a-las-divinas-y-humanas-del-2013-acapara-la-atencion-del-gremio-artistico-hispano\/#article","isPartOf":{"@id":"https:\/\/mediaforceglobal.com\/press-releases\/homenaje-a-las-divinas-y-humanas-del-2013-acapara-la-atencion-del-gremio-artistico-hispano\/"},"author":{"name":"Staff","@id":"https:\/\/mediaforceglobal.com\/#\/schema\/person\/27f53727962287ebddbc752dbf219aaf"},"headline":"Homenaje a las \u201cDivinas y Humanas\u201d del 2013 acapara la atenci\u00f3n del gremio art\u00edstico hispano","datePublished":"2013-04-23T19:27:28+00:00","dateModified":"2022-09-14T21:04:03+00:00","mainEntityOfPage":{"@id":"https:\/\/mediaforceglobal.com\/press-releases\/homenaje-a-las-divinas-y-humanas-del-2013-acapara-la-atencion-del-gremio-artistico-hispano\/"},"wordCount":550,"commentCount":0,"publisher":{"@id":"https:\/\/mediaforceglobal.com\/#organization"},"keywords":["Divinas y Humanas","Televisa Publishing + Digital"],"articleSection":["Press Releases"],"inLanguage":"es","potentialAction":[{"@type":"CommentAction","name":"Comment","target":["https:\/\/mediaforceglobal.com\/press-releases\/homenaje-a-las-divinas-y-humanas-del-2013-acapara-la-atencion-del-gremio-artistico-hispano\/#respond"]}]},{"@type":"WebPage","@id":"https:\/\/mediaforceglobal.com\/press-releases\/homenaje-a-las-divinas-y-humanas-del-2013-acapara-la-atencion-del-gremio-artistico-hispano\/","url":"https:\/\/mediaforceglobal.com\/press-releases\/homenaje-a-las-divinas-y-humanas-del-2013-acapara-la-atencion-del-gremio-artistico-hispano\/","name":"Homenaje a las \u201cDivinas y Humanas\u201d del 2013 acapara la atenci\u00f3n del gremio art\u00edstico hispano &#8226; Media Force Global","isPartOf":{"@id":"https:\/\/mediaforceglobal.com\/#website"},"datePublished":"2013-04-23T19:27:28+00:00","dateModified":"2022-09-14T21:04:03+00:00","breadcrumb":{"@id":"https:\/\/mediaforceglobal.com\/press-releases\/homenaje-a-las-divinas-y-humanas-del-2013-acapara-la-atencion-del-gremio-artistico-hispano\/#breadcrumb"},"inLanguage":"es","potentialAction":[{"@type":"ReadAction","target":["https:\/\/mediaforceglobal.com\/press-releases\/homenaje-a-las-divinas-y-humanas-del-2013-acapara-la-atencion-del-gremio-artistico-hispano\/"]}]},{"@type":"BreadcrumbList","@id":"https:\/\/mediaforceglobal.com\/press-releases\/homenaje-a-las-divinas-y-humanas-del-2013-acapara-la-atencion-del-gremio-artistico-hispano\/#breadcrumb","itemListElement":[{"@type":"ListItem","position":1,"name":"Home","item":"https:\/\/mediaforceglobal.com\/"},{"@type":"ListItem","position":2,"name":"Press Releases","item":"https:\/\/mediaforceglobal.com\/press-releases\/"},{"@type":"ListItem","position":3,"name":"Homenaje a las \u201cDivinas y Humanas\u201d del 2013 acapara la atenci\u00f3n del gremio art\u00edstico hispano"}]},{"@type":"WebSite","@id":"https:\/\/mediaforceglobal.com\/#website","url":"https:\/\/mediaforceglobal.com\/","name":"Media Force Global","description":"Public Relations + Marketing","publisher":{"@id":"https:\/\/mediaforceglobal.com\/#organization"},"alternateName":"Media Force Global","potentialAction":[{"@type":"SearchAction","target":{"@type":"EntryPoint","urlTemplate":"https:\/\/mediaforceglobal.com\/?s={search_term_string}"},"query-input":{"@type":"PropertyValueSpecification","valueRequired":true,"valueName":"search_term_string"}}],"inLanguage":"es"},{"@type":"Organization","@id":"https:\/\/mediaforceglobal.com\/#organization","name":"Media Force Global","url":"https:\/\/mediaforceglobal.com\/","logo":{"@type":"ImageObject","inLanguage":"es","@id":"https:\/\/mediaforceglobal.com\/#\/schema\/logo\/image\/","url":"https:\/\/mediaforceglobal.com\/wp-content\/uploads\/2022\/09\/2021-MFG-logo-web.jpg","contentUrl":"https:\/\/mediaforceglobal.com\/wp-content\/uploads\/2022\/09\/2021-MFG-logo-web.jpg","width":767,"height":718,"caption":"Media Force Global"},"image":{"@id":"https:\/\/mediaforceglobal.com\/#\/schema\/logo\/image\/"},"sameAs":["https:\/\/www.facebook.com\/mediaforceglobal","https:\/\/x.com\/MFGNewsroom","https:\/\/www.instagram.com\/mediaforceglobal\/","https:\/\/www.linkedin.com\/company\/mediaforceglobal"],"description":"Media Force Global is an agency specializing in public relations, and brand positioning. Discover innovative PR strategies, high-impact campaigns, branding, media management, and business growth solutions\u2014all designed to maximize the visibility, reputation, and global reach of companies, celebrities, and entrepreneurs. Boost your digital presence with experts in strategic communication, storytelling, and performance marketing.","email":"info@mediaforceglobal.com","telephone":"+1 (786) 749-6900","legalName":"Media Force Global & Partners LLC","foundingDate":"2008-10-05","numberOfEmployees":{"@type":"QuantitativeValue","minValue":"1","maxValue":"10"}},{"@type":"Person","@id":"https:\/\/mediaforceglobal.com\/#\/schema\/person\/27f53727962287ebddbc752dbf219aaf","name":"Staff","image":{"@type":"ImageObject","inLanguage":"es","@id":"https:\/\/secure.gravatar.com\/avatar\/91618d41d75a4de8534513840b31d2be1c9485fb9dc8f5ffdf29c4fbf5943cb8?s=96&d=mm&r=g","url":"https:\/\/secure.gravatar.com\/avatar\/91618d41d75a4de8534513840b31d2be1c9485fb9dc8f5ffdf29c4fbf5943cb8?s=96&d=mm&r=g","contentUrl":"https:\/\/secure.gravatar.com\/avatar\/91618d41d75a4de8534513840b31d2be1c9485fb9dc8f5ffdf29c4fbf5943cb8?s=96&d=mm&r=g","caption":"Staff"},"description":"President of Media Force Global + Partners with more than 15 year of experience, a Bachelor\u2019s degree in Communications (Sacred Heart University) and a Master\u2019s in Entertainment Business (Full Sail University). Mel Diaz overseas operations in the areas of Public Relations, Integrated Marketing and Artist Management &amp; Commercialization; through the years, working and implementing Public Relations strategies for Jos\u00e9 Feliciano, Farruko, Proyecto Uno to mention a few, and commercial brands such as Custo Barcelona, Miami Children's Hospital Foundation and Televisa Publishing + Digital among others.","knowsLanguage":["English","Spanish"],"jobTitle":"President CEO","worksFor":"Media Force Global + Partners","url":"https:\/\/mediaforceglobal.com\/es\/author\/adminmfg\/"}]}},"_links":{"self":[{"href":"https:\/\/mediaforceglobal.com\/es\/wp-json\/wp\/v2\/posts\/10286","targetHints":{"allow":["GET"]}}],"collection":[{"href":"https:\/\/mediaforceglobal.com\/es\/wp-json\/wp\/v2\/posts"}],"about":[{"href":"https:\/\/mediaforceglobal.com\/es\/wp-json\/wp\/v2\/types\/post"}],"author":[{"embeddable":true,"href":"https:\/\/mediaforceglobal.com\/es\/wp-json\/wp\/v2\/users\/1"}],"replies":[{"embeddable":true,"href":"https:\/\/mediaforceglobal.com\/es\/wp-json\/wp\/v2\/comments?post=10286"}],"version-history":[{"count":0,"href":"https:\/\/mediaforceglobal.com\/es\/wp-json\/wp\/v2\/posts\/10286\/revisions"}],"wp:attachment":[{"href":"https:\/\/mediaforceglobal.com\/es\/wp-json\/wp\/v2\/media?parent=10286"}],"wp:term":[{"taxonomy":"category","embeddable":true,"href":"https:\/\/mediaforceglobal.com\/es\/wp-json\/wp\/v2\/categories?post=10286"},{"taxonomy":"post_tag","embeddable":true,"href":"https:\/\/mediaforceglobal.com\/es\/wp-json\/wp\/v2\/tags?post=10286"}],"curies":[{"name":"wp","href":"https:\/\/api.w.org\/{rel}","templated":true}]}}