{"id":13722,"date":"2013-07-12T01:08:41","date_gmt":"2013-07-12T01:08:41","guid":{"rendered":"http:\/\/mediaforcecommunications.com\/?p=13722"},"modified":"2022-09-14T17:03:58","modified_gmt":"2022-09-14T21:03:58","slug":"kimberly-dos-ramos-estrena-nuevo-desafio-en-marido-en-alquiler","status":"publish","type":"post","link":"https:\/\/mediaforceglobal.com\/es\/press-releases\/kimberly-dos-ramos-estrena-nuevo-desafio-en-marido-en-alquiler\/","title":{"rendered":"Kimberly Dos Ramos estrena nuevo desaf\u00edo en \u201cMarido en Alquiler\u201d"},"content":{"rendered":"<p><strong>Telemundo sigue apostando por el talento de Kimberly Dos Ramos<\/strong><\/p>\n<p><strong>Kimberly: \u201cMi personaje recordar\u00e1 al p\u00fablico valores que hoy en d\u00eda se han perdido\u201d<\/strong><\/p>\n<p>La actriz Kimberly Dos Ramos se enfrenta a un nuevo reto con la novela de Telemundo \u201cMarido en Alquiler\u201d, donde interpreta a una joven estudiante de psicolog\u00eda, que a pesar de ser criada con todos los lujos y ser malcriada por sus padres (Maritza Rodr\u00edguez y Juan Soler), tiene unos valores muy humanos.<\/p>\n<p><!--more--><\/p>\n<p>\u201cMi personaje es muy lindo, rescata valores que hemos perdido, pues aunque pertenece a una familia de clase social alta, no es nada materialista, ni vive del que dir\u00e1n los dem\u00e1s, sino que se gu\u00eda por los principios que de verdad importan como el amor y la familia\u201d, explica Kimberly.<\/p>\n<p>La actriz venezolana se siente feliz de formar parte del gran elenco de \u201cMarido en Alquiler\u201d. \u201cMe llena de emoci\u00f3n y orgullo compartir la pantalla con Sonia Smith, Maritza Rodr\u00edguez y Juan Soler , el hecho de grabar a diario junto a ellos me hace muy feliz, pues adem\u00e1s de aprender, lo disfruto al m\u00e1ximo, nos llevamos muy bien y nos re\u00edmos mucho\u201d, asegura la actriz.<\/p>\n<p>La novela se estren\u00f3 el pasado mi\u00e9rcoles con gran expectaci\u00f3n y Kimberly no duda en el trabajo que han realizado, \u201cal p\u00fablico le va a gustar mucho, porque Telemundo ha abierto un camino diferente, y rompiendo esquemas, cuenta muchas historias y la gente se va a identificar con alguna de esas historias. Adem\u00e1s hay paisajes preciosos de Miami, hay mucha naturalidad con los personajes, la imagen, la iluminaci\u00f3n y en general todo el equipo est\u00e1 haciendo un trabajo excelente\u201d.<\/p>\n<p>Actualmente Dos Ramos, que ya ha sido bautizada como \u00eddolo juvenil del momento por sus papeles destacados en \u201cGrachi\u201d y \u201cEl rostro de la venganza\u201d, tiene clubs de fans por toda Am\u00e9rica Latina que la apoyan y recientemente ha sido nominada como \u201cMejor Actriz de Reparto\u201d en los \u201cPremios Tu Mundo\u201d que se celebrar\u00e1n en el mes de agosto en la ciudad de Miami.<\/p>","protected":false},"excerpt":{"rendered":"<p>Telemundo sigue apostando por el talento de Kimberly Dos Ramos Kimberly: \u201cMi personaje recordar\u00e1 al p\u00fablico valores que hoy en d\u00eda se han perdido\u201d La actriz Kimberly Dos Ramos se enfrenta a un nuevo reto con la novela de Telemundo \u201cMarido en Alquiler\u201d, donde interpreta a una joven estudiante de psicolog\u00eda, que a pesar de [&hellip;]<\/p>\n","protected":false},"author":1,"featured_media":0,"comment_status":"open","ping_status":"open","sticky":false,"template":"","format":"standard","meta":{"_angie_page":false,"page_builder":"","footnotes":""},"categories":[1],"tags":[164],"class_list":["post-13722","post","type-post","status-publish","format-standard","hentry","category-press-releases","tag-kimberly-dos-ramos"],"yoast_head":"<!-- This site is optimized with the Yoast SEO Premium plugin v27.5 (Yoast SEO v27.5) - https:\/\/yoast.com\/product\/yoast-seo-premium-wordpress\/ -->\n<title>Kimberly Dos Ramos estrena nuevo desaf\u00edo en \u201cMarido en Alquiler\u201d &#8226; Media Force Global<\/title>\n<meta name=\"robots\" content=\"index, follow, max-snippet:-1, max-image-preview:large, max-video-preview:-1\" \/>\n<link rel=\"canonical\" href=\"https:\/\/mediaforceglobal.com\/es\/press-releases\/kimberly-dos-ramos-estrena-nuevo-desafio-en-marido-en-alquiler\/\" \/>\n<meta property=\"og:locale\" content=\"es_MX\" \/>\n<meta property=\"og:type\" content=\"article\" \/>\n<meta property=\"og:title\" content=\"Kimberly Dos Ramos estrena nuevo desaf\u00edo en \u201cMarido en Alquiler\u201d &#8226; Media Force Global\" \/>\n<meta property=\"og:url\" content=\"https:\/\/mediaforceglobal.com\/es\/press-releases\/kimberly-dos-ramos-estrena-nuevo-desafio-en-marido-en-alquiler\/\" \/>\n<meta property=\"og:site_name\" content=\"Media Force Global\" \/>\n<meta property=\"article:publisher\" content=\"https:\/\/www.facebook.com\/mediaforceglobal\" \/>\n<meta property=\"article:published_time\" content=\"2013-07-12T01:08:41+00:00\" \/>\n<meta property=\"article:modified_time\" content=\"2022-09-14T21:03:58+00:00\" \/>\n<meta property=\"og:image\" content=\"https:\/\/mediaforceglobal.com\/wp-content\/uploads\/2022\/09\/2021-MFG-logo-web.jpg\" \/>\n\t<meta property=\"og:image:width\" content=\"767\" \/>\n\t<meta property=\"og:image:height\" content=\"718\" \/>\n\t<meta property=\"og:image:type\" content=\"image\/jpeg\" \/>\n<meta name=\"author\" content=\"Staff\" \/>\n<meta name=\"twitter:card\" content=\"summary_large_image\" \/>\n<meta name=\"twitter:creator\" content=\"@MFGNewsroom\" \/>\n<meta name=\"twitter:site\" content=\"@MFGNewsroom\" \/>\n<meta name=\"twitter:label1\" content=\"Escrito por\" \/>\n\t<meta name=\"twitter:data1\" content=\"Staff\" \/>\n\t<meta name=\"twitter:label2\" content=\"Tiempo de lectura\" \/>\n\t<meta name=\"twitter:data2\" content=\"2 minutos\" \/>\n<script type=\"application\/ld+json\" class=\"yoast-schema-graph\">{\"@context\":\"https:\\\/\\\/schema.org\",\"@graph\":[{\"@type\":\"Article\",\"@id\":\"https:\\\/\\\/mediaforceglobal.com\\\/press-releases\\\/kimberly-dos-ramos-estrena-nuevo-desafio-en-marido-en-alquiler\\\/#article\",\"isPartOf\":{\"@id\":\"https:\\\/\\\/mediaforceglobal.com\\\/press-releases\\\/kimberly-dos-ramos-estrena-nuevo-desafio-en-marido-en-alquiler\\\/\"},\"author\":{\"name\":\"Staff\",\"@id\":\"https:\\\/\\\/mediaforceglobal.com\\\/#\\\/schema\\\/person\\\/27f53727962287ebddbc752dbf219aaf\"},\"headline\":\"Kimberly Dos Ramos estrena nuevo desaf\u00edo en \u201cMarido en Alquiler\u201d\",\"datePublished\":\"2013-07-12T01:08:41+00:00\",\"dateModified\":\"2022-09-14T21:03:58+00:00\",\"mainEntityOfPage\":{\"@id\":\"https:\\\/\\\/mediaforceglobal.com\\\/press-releases\\\/kimberly-dos-ramos-estrena-nuevo-desafio-en-marido-en-alquiler\\\/\"},\"wordCount\":365,\"commentCount\":0,\"publisher\":{\"@id\":\"https:\\\/\\\/mediaforceglobal.com\\\/#organization\"},\"keywords\":[\"Kimberly Dos Ramos\"],\"articleSection\":[\"Press Releases\"],\"inLanguage\":\"es\",\"potentialAction\":[{\"@type\":\"CommentAction\",\"name\":\"Comment\",\"target\":[\"https:\\\/\\\/mediaforceglobal.com\\\/press-releases\\\/kimberly-dos-ramos-estrena-nuevo-desafio-en-marido-en-alquiler\\\/#respond\"]}]},{\"@type\":\"WebPage\",\"@id\":\"https:\\\/\\\/mediaforceglobal.com\\\/press-releases\\\/kimberly-dos-ramos-estrena-nuevo-desafio-en-marido-en-alquiler\\\/\",\"url\":\"https:\\\/\\\/mediaforceglobal.com\\\/press-releases\\\/kimberly-dos-ramos-estrena-nuevo-desafio-en-marido-en-alquiler\\\/\",\"name\":\"Kimberly Dos Ramos estrena nuevo desaf\u00edo en \u201cMarido en Alquiler\u201d &#8226; Media Force Global\",\"isPartOf\":{\"@id\":\"https:\\\/\\\/mediaforceglobal.com\\\/#website\"},\"datePublished\":\"2013-07-12T01:08:41+00:00\",\"dateModified\":\"2022-09-14T21:03:58+00:00\",\"breadcrumb\":{\"@id\":\"https:\\\/\\\/mediaforceglobal.com\\\/press-releases\\\/kimberly-dos-ramos-estrena-nuevo-desafio-en-marido-en-alquiler\\\/#breadcrumb\"},\"inLanguage\":\"es\",\"potentialAction\":[{\"@type\":\"ReadAction\",\"target\":[\"https:\\\/\\\/mediaforceglobal.com\\\/press-releases\\\/kimberly-dos-ramos-estrena-nuevo-desafio-en-marido-en-alquiler\\\/\"]}]},{\"@type\":\"BreadcrumbList\",\"@id\":\"https:\\\/\\\/mediaforceglobal.com\\\/press-releases\\\/kimberly-dos-ramos-estrena-nuevo-desafio-en-marido-en-alquiler\\\/#breadcrumb\",\"itemListElement\":[{\"@type\":\"ListItem\",\"position\":1,\"name\":\"Home\",\"item\":\"https:\\\/\\\/mediaforceglobal.com\\\/\"},{\"@type\":\"ListItem\",\"position\":2,\"name\":\"Press Releases\",\"item\":\"https:\\\/\\\/mediaforceglobal.com\\\/press-releases\\\/\"},{\"@type\":\"ListItem\",\"position\":3,\"name\":\"Kimberly Dos Ramos estrena nuevo desaf\u00edo en \u201cMarido en Alquiler\u201d\"}]},{\"@type\":\"WebSite\",\"@id\":\"https:\\\/\\\/mediaforceglobal.com\\\/#website\",\"url\":\"https:\\\/\\\/mediaforceglobal.com\\\/\",\"name\":\"Media Force Global\",\"description\":\"Public Relations + Marketing\",\"publisher\":{\"@id\":\"https:\\\/\\\/mediaforceglobal.com\\\/#organization\"},\"alternateName\":\"Media Force Global\",\"potentialAction\":[{\"@type\":\"SearchAction\",\"target\":{\"@type\":\"EntryPoint\",\"urlTemplate\":\"https:\\\/\\\/mediaforceglobal.com\\\/?s={search_term_string}\"},\"query-input\":{\"@type\":\"PropertyValueSpecification\",\"valueRequired\":true,\"valueName\":\"search_term_string\"}}],\"inLanguage\":\"es\"},{\"@type\":\"Organization\",\"@id\":\"https:\\\/\\\/mediaforceglobal.com\\\/#organization\",\"name\":\"Media Force Global\",\"url\":\"https:\\\/\\\/mediaforceglobal.com\\\/\",\"logo\":{\"@type\":\"ImageObject\",\"inLanguage\":\"es\",\"@id\":\"https:\\\/\\\/mediaforceglobal.com\\\/#\\\/schema\\\/logo\\\/image\\\/\",\"url\":\"https:\\\/\\\/mediaforceglobal.com\\\/wp-content\\\/uploads\\\/2022\\\/09\\\/2021-MFG-logo-web.jpg\",\"contentUrl\":\"https:\\\/\\\/mediaforceglobal.com\\\/wp-content\\\/uploads\\\/2022\\\/09\\\/2021-MFG-logo-web.jpg\",\"width\":767,\"height\":718,\"caption\":\"Media Force Global\"},\"image\":{\"@id\":\"https:\\\/\\\/mediaforceglobal.com\\\/#\\\/schema\\\/logo\\\/image\\\/\"},\"sameAs\":[\"https:\\\/\\\/www.facebook.com\\\/mediaforceglobal\",\"https:\\\/\\\/x.com\\\/MFGNewsroom\",\"https:\\\/\\\/www.instagram.com\\\/mediaforceglobal\\\/\",\"https:\\\/\\\/www.linkedin.com\\\/company\\\/mediaforceglobal\"],\"description\":\"Media Force Global is an agency specializing in public relations, and brand positioning. Discover innovative PR strategies, high-impact campaigns, branding, media management, and business growth solutions\u2014all designed to maximize the visibility, reputation, and global reach of companies, celebrities, and entrepreneurs. Boost your digital presence with experts in strategic communication, storytelling, and performance marketing.\",\"email\":\"info@mediaforceglobal.com\",\"telephone\":\"+1 (786) 749-6900\",\"legalName\":\"Media Force Global & Partners LLC\",\"foundingDate\":\"2008-10-05\",\"numberOfEmployees\":{\"@type\":\"QuantitativeValue\",\"minValue\":\"1\",\"maxValue\":\"10\"}},{\"@type\":\"Person\",\"@id\":\"https:\\\/\\\/mediaforceglobal.com\\\/#\\\/schema\\\/person\\\/27f53727962287ebddbc752dbf219aaf\",\"name\":\"Staff\",\"image\":{\"@type\":\"ImageObject\",\"inLanguage\":\"es\",\"@id\":\"https:\\\/\\\/secure.gravatar.com\\\/avatar\\\/91618d41d75a4de8534513840b31d2be1c9485fb9dc8f5ffdf29c4fbf5943cb8?s=96&d=mm&r=g\",\"url\":\"https:\\\/\\\/secure.gravatar.com\\\/avatar\\\/91618d41d75a4de8534513840b31d2be1c9485fb9dc8f5ffdf29c4fbf5943cb8?s=96&d=mm&r=g\",\"contentUrl\":\"https:\\\/\\\/secure.gravatar.com\\\/avatar\\\/91618d41d75a4de8534513840b31d2be1c9485fb9dc8f5ffdf29c4fbf5943cb8?s=96&d=mm&r=g\",\"caption\":\"Staff\"},\"description\":\"President of Media Force Global + Partners with more than 15 year of experience, a Bachelor\u2019s degree in Communications (Sacred Heart University) and a Master\u2019s in Entertainment Business (Full Sail University). Mel Diaz overseas operations in the areas of Public Relations, Integrated Marketing and Artist Management &amp; Commercialization; through the years, working and implementing Public Relations strategies for Jos\u00e9 Feliciano, Farruko, Proyecto Uno to mention a few, and commercial brands such as Custo Barcelona, Miami Children's Hospital Foundation and Televisa Publishing + Digital among others.\",\"knowsLanguage\":[\"English\",\"Spanish\"],\"jobTitle\":\"President CEO\",\"worksFor\":\"Media Force Global + Partners\",\"url\":\"https:\\\/\\\/mediaforceglobal.com\\\/es\\\/author\\\/adminmfg\\\/\"}]}<\/script>\n<!-- \/ Yoast SEO Premium plugin. -->","yoast_head_json":{"title":"Kimberly Dos Ramos estrena nuevo desaf\u00edo en \u201cMarido en Alquiler\u201d &#8226; Media Force Global","robots":{"index":"index","follow":"follow","max-snippet":"max-snippet:-1","max-image-preview":"max-image-preview:large","max-video-preview":"max-video-preview:-1"},"canonical":"https:\/\/mediaforceglobal.com\/es\/press-releases\/kimberly-dos-ramos-estrena-nuevo-desafio-en-marido-en-alquiler\/","og_locale":"es_MX","og_type":"article","og_title":"Kimberly Dos Ramos estrena nuevo desaf\u00edo en \u201cMarido en Alquiler\u201d &#8226; Media Force Global","og_url":"https:\/\/mediaforceglobal.com\/es\/press-releases\/kimberly-dos-ramos-estrena-nuevo-desafio-en-marido-en-alquiler\/","og_site_name":"Media Force Global","article_publisher":"https:\/\/www.facebook.com\/mediaforceglobal","article_published_time":"2013-07-12T01:08:41+00:00","article_modified_time":"2022-09-14T21:03:58+00:00","og_image":[{"width":767,"height":718,"url":"https:\/\/mediaforceglobal.com\/wp-content\/uploads\/2022\/09\/2021-MFG-logo-web.jpg","type":"image\/jpeg"}],"author":"Staff","twitter_card":"summary_large_image","twitter_creator":"@MFGNewsroom","twitter_site":"@MFGNewsroom","twitter_misc":{"Escrito por":"Staff","Tiempo de lectura":"2 minutos"},"schema":{"@context":"https:\/\/schema.org","@graph":[{"@type":"Article","@id":"https:\/\/mediaforceglobal.com\/press-releases\/kimberly-dos-ramos-estrena-nuevo-desafio-en-marido-en-alquiler\/#article","isPartOf":{"@id":"https:\/\/mediaforceglobal.com\/press-releases\/kimberly-dos-ramos-estrena-nuevo-desafio-en-marido-en-alquiler\/"},"author":{"name":"Staff","@id":"https:\/\/mediaforceglobal.com\/#\/schema\/person\/27f53727962287ebddbc752dbf219aaf"},"headline":"Kimberly Dos Ramos estrena nuevo desaf\u00edo en \u201cMarido en Alquiler\u201d","datePublished":"2013-07-12T01:08:41+00:00","dateModified":"2022-09-14T21:03:58+00:00","mainEntityOfPage":{"@id":"https:\/\/mediaforceglobal.com\/press-releases\/kimberly-dos-ramos-estrena-nuevo-desafio-en-marido-en-alquiler\/"},"wordCount":365,"commentCount":0,"publisher":{"@id":"https:\/\/mediaforceglobal.com\/#organization"},"keywords":["Kimberly Dos Ramos"],"articleSection":["Press Releases"],"inLanguage":"es","potentialAction":[{"@type":"CommentAction","name":"Comment","target":["https:\/\/mediaforceglobal.com\/press-releases\/kimberly-dos-ramos-estrena-nuevo-desafio-en-marido-en-alquiler\/#respond"]}]},{"@type":"WebPage","@id":"https:\/\/mediaforceglobal.com\/press-releases\/kimberly-dos-ramos-estrena-nuevo-desafio-en-marido-en-alquiler\/","url":"https:\/\/mediaforceglobal.com\/press-releases\/kimberly-dos-ramos-estrena-nuevo-desafio-en-marido-en-alquiler\/","name":"Kimberly Dos Ramos estrena nuevo desaf\u00edo en \u201cMarido en Alquiler\u201d &#8226; Media Force Global","isPartOf":{"@id":"https:\/\/mediaforceglobal.com\/#website"},"datePublished":"2013-07-12T01:08:41+00:00","dateModified":"2022-09-14T21:03:58+00:00","breadcrumb":{"@id":"https:\/\/mediaforceglobal.com\/press-releases\/kimberly-dos-ramos-estrena-nuevo-desafio-en-marido-en-alquiler\/#breadcrumb"},"inLanguage":"es","potentialAction":[{"@type":"ReadAction","target":["https:\/\/mediaforceglobal.com\/press-releases\/kimberly-dos-ramos-estrena-nuevo-desafio-en-marido-en-alquiler\/"]}]},{"@type":"BreadcrumbList","@id":"https:\/\/mediaforceglobal.com\/press-releases\/kimberly-dos-ramos-estrena-nuevo-desafio-en-marido-en-alquiler\/#breadcrumb","itemListElement":[{"@type":"ListItem","position":1,"name":"Home","item":"https:\/\/mediaforceglobal.com\/"},{"@type":"ListItem","position":2,"name":"Press Releases","item":"https:\/\/mediaforceglobal.com\/press-releases\/"},{"@type":"ListItem","position":3,"name":"Kimberly Dos Ramos estrena nuevo desaf\u00edo en \u201cMarido en Alquiler\u201d"}]},{"@type":"WebSite","@id":"https:\/\/mediaforceglobal.com\/#website","url":"https:\/\/mediaforceglobal.com\/","name":"Media Force Global","description":"Public Relations + Marketing","publisher":{"@id":"https:\/\/mediaforceglobal.com\/#organization"},"alternateName":"Media Force Global","potentialAction":[{"@type":"SearchAction","target":{"@type":"EntryPoint","urlTemplate":"https:\/\/mediaforceglobal.com\/?s={search_term_string}"},"query-input":{"@type":"PropertyValueSpecification","valueRequired":true,"valueName":"search_term_string"}}],"inLanguage":"es"},{"@type":"Organization","@id":"https:\/\/mediaforceglobal.com\/#organization","name":"Media Force Global","url":"https:\/\/mediaforceglobal.com\/","logo":{"@type":"ImageObject","inLanguage":"es","@id":"https:\/\/mediaforceglobal.com\/#\/schema\/logo\/image\/","url":"https:\/\/mediaforceglobal.com\/wp-content\/uploads\/2022\/09\/2021-MFG-logo-web.jpg","contentUrl":"https:\/\/mediaforceglobal.com\/wp-content\/uploads\/2022\/09\/2021-MFG-logo-web.jpg","width":767,"height":718,"caption":"Media Force Global"},"image":{"@id":"https:\/\/mediaforceglobal.com\/#\/schema\/logo\/image\/"},"sameAs":["https:\/\/www.facebook.com\/mediaforceglobal","https:\/\/x.com\/MFGNewsroom","https:\/\/www.instagram.com\/mediaforceglobal\/","https:\/\/www.linkedin.com\/company\/mediaforceglobal"],"description":"Media Force Global is an agency specializing in public relations, and brand positioning. Discover innovative PR strategies, high-impact campaigns, branding, media management, and business growth solutions\u2014all designed to maximize the visibility, reputation, and global reach of companies, celebrities, and entrepreneurs. Boost your digital presence with experts in strategic communication, storytelling, and performance marketing.","email":"info@mediaforceglobal.com","telephone":"+1 (786) 749-6900","legalName":"Media Force Global & Partners LLC","foundingDate":"2008-10-05","numberOfEmployees":{"@type":"QuantitativeValue","minValue":"1","maxValue":"10"}},{"@type":"Person","@id":"https:\/\/mediaforceglobal.com\/#\/schema\/person\/27f53727962287ebddbc752dbf219aaf","name":"Staff","image":{"@type":"ImageObject","inLanguage":"es","@id":"https:\/\/secure.gravatar.com\/avatar\/91618d41d75a4de8534513840b31d2be1c9485fb9dc8f5ffdf29c4fbf5943cb8?s=96&d=mm&r=g","url":"https:\/\/secure.gravatar.com\/avatar\/91618d41d75a4de8534513840b31d2be1c9485fb9dc8f5ffdf29c4fbf5943cb8?s=96&d=mm&r=g","contentUrl":"https:\/\/secure.gravatar.com\/avatar\/91618d41d75a4de8534513840b31d2be1c9485fb9dc8f5ffdf29c4fbf5943cb8?s=96&d=mm&r=g","caption":"Staff"},"description":"President of Media Force Global + Partners with more than 15 year of experience, a Bachelor\u2019s degree in Communications (Sacred Heart University) and a Master\u2019s in Entertainment Business (Full Sail University). Mel Diaz overseas operations in the areas of Public Relations, Integrated Marketing and Artist Management &amp; Commercialization; through the years, working and implementing Public Relations strategies for Jos\u00e9 Feliciano, Farruko, Proyecto Uno to mention a few, and commercial brands such as Custo Barcelona, Miami Children's Hospital Foundation and Televisa Publishing + Digital among others.","knowsLanguage":["English","Spanish"],"jobTitle":"President CEO","worksFor":"Media Force Global + Partners","url":"https:\/\/mediaforceglobal.com\/es\/author\/adminmfg\/"}]}},"_links":{"self":[{"href":"https:\/\/mediaforceglobal.com\/es\/wp-json\/wp\/v2\/posts\/13722","targetHints":{"allow":["GET"]}}],"collection":[{"href":"https:\/\/mediaforceglobal.com\/es\/wp-json\/wp\/v2\/posts"}],"about":[{"href":"https:\/\/mediaforceglobal.com\/es\/wp-json\/wp\/v2\/types\/post"}],"author":[{"embeddable":true,"href":"https:\/\/mediaforceglobal.com\/es\/wp-json\/wp\/v2\/users\/1"}],"replies":[{"embeddable":true,"href":"https:\/\/mediaforceglobal.com\/es\/wp-json\/wp\/v2\/comments?post=13722"}],"version-history":[{"count":0,"href":"https:\/\/mediaforceglobal.com\/es\/wp-json\/wp\/v2\/posts\/13722\/revisions"}],"wp:attachment":[{"href":"https:\/\/mediaforceglobal.com\/es\/wp-json\/wp\/v2\/media?parent=13722"}],"wp:term":[{"taxonomy":"category","embeddable":true,"href":"https:\/\/mediaforceglobal.com\/es\/wp-json\/wp\/v2\/categories?post=13722"},{"taxonomy":"post_tag","embeddable":true,"href":"https:\/\/mediaforceglobal.com\/es\/wp-json\/wp\/v2\/tags?post=13722"}],"curies":[{"name":"wp","href":"https:\/\/api.w.org\/{rel}","templated":true}]}}