{"id":15281,"date":"2013-07-17T19:42:37","date_gmt":"2013-07-17T19:42:37","guid":{"rendered":"http:\/\/mediaforcecommunications.com\/?p=15281"},"modified":"2022-09-14T17:03:58","modified_gmt":"2022-09-14T21:03:58","slug":"las-disenadoras-alexandra-y-astrid-pedregal-lanzan-linea-de-trajes-de-bano-masculina-crasqi","status":"publish","type":"post","link":"https:\/\/mediaforceglobal.com\/es\/press-releases\/las-disenadoras-alexandra-y-astrid-pedregal-lanzan-linea-de-trajes-de-bano-masculina-crasqi\/","title":{"rendered":"Las dise\u00f1adoras Alexandra y Astrid Pedregal lanzan l\u00ednea de trajes de ba\u00f1o masculina Crasqi"},"content":{"rendered":"<p>Crasqi, una nueva marca de trajes de ba\u00f1o para hombres, presenta su colecci\u00f3n \u201cWayuu\u201d, compuesta por dise\u00f1os atrevidos y audaces. La marca hace su debut este viernes 19 de julio en el evento de &#8220;Styles Saves Swim&#8221; en Soho Beach House durante Miami Swim Week.<!--more--><\/p>\n<p>Como parte de las marcas emergentes en el mundo de la moda de Miami, Crasqi promete ser la marca de mayor impacto durante Miami Swim Week. Este prestigioso evento de la moda internacional nos da una muestra anticipada de las tendencias y moda en ropa de playa y atraer\u00e1 dise\u00f1adores, editores, compradores y amantes de este tipo de ropa de todas partes del mundo.<\/p>\n<p>Las hermanas fundadoras de la marca, Alexandra y Astrid Pedregal dise\u00f1aron los trajes de ba\u00f1o pensando en crear un estilo para aquellos hombres cultos, de mundo y con vidas activas. Como ellas mismas lo explican &#8220;lleg\u00f3 el momento de los hombres en la moda, es hora de que los trajes de ba\u00f1o de hombre tengan protagonismo&#8221;.<\/p>\n<p>Crasqi apunta a llenar el vac\u00edo que existe en el mercado de trajes de ba\u00f1o masculino. &#8220;Creemos que los hombres deber\u00edan verse y sentirse bien cuando visten trajes de ba\u00f1o&#8221;, comenta Astrid, co-fundadora y presidenta de Crasqi. &#8220;Nuestro producto es \u00fanico; los dise\u00f1os de las telas son inspirados en artesan\u00eda de los ind\u00edgenas Wayuu, tienen un corte c\u00f3modo y dictar\u00e1n un nuevo estilo\u201d.<\/p>\n<p>Son trajes de ba\u00f1o muy ligeros que se ajustan al cuerpo de una manera distinta al resto de lo que hoy existe en el mercado. Son fabricados con materiales y textiles de primera calidad europea; los tejidos son provenientes de Italia y la confecci\u00f3n se realiza en Espa\u00f1a.<\/p>\n<p>La primera colecci\u00f3n de las hermanas Pedregal, Wayuu, con sus coloridos y modernos dise\u00f1os combina la cultura artesanal ind\u00edgena Wayuu quienes habitan en Venezuela, pa\u00eds de origen de las hermanas dise\u00f1adoras de Crasqi.<\/p>\n<p>\u201cEs un honor para nosotras presentar Crasqi por primera vez a trav\u00e9s de un evento filantr\u00f3pico\u201d a\u00f1ade Alexandra. \u201cEsta colecci\u00f3n es s\u00f3lo el comienzo. Nuestro objetivo es marcar la pauta en el mundo de la moda masculina y ya estamos trabajando en nuestra pr\u00f3xima colecci\u00f3n\u201d.<\/p>\n<p>El evento de Style Saves Swim inaugura Miami Swim Week y celebra no s\u00f3lo el lanzamiento de Crasqi, sino tambi\u00e9n la nueva feria de ropa de playa, CABANA, fundada por las visionarias de la reconocida tienda Atrium.<\/p>\n<p>Style Saves realiza iniciativas para proveer a estudiantes de bajos recursos con ropa para la escuela. La ONG fue fundada en 2011 por la reconocida estilista de FORD Models, Rachael Russell. Los fondos recolectados a trav\u00e9s del evento ir\u00e1n a beneficio de estudiantes de Big Brothers Big Sisters y otras organizaciones que proveen apoyo a estudiantes de bajos recursos.<\/p>\n<p>Crasqi tambi\u00e9n apoya a 1% for the Planet, una reconocida ONG que trabaja con organizaciones en el \u00e1rea del medio ambiente. Crasqi actualmente contribuye 1% de su ingreso anual hacia 1% for the Planet para apoyar proyectos e iniciativas en el \u00e1rea del medio ambiente.<\/p>","protected":false},"excerpt":{"rendered":"<p>Crasqi, una nueva marca de trajes de ba\u00f1o para hombres, presenta su colecci\u00f3n \u201cWayuu\u201d, compuesta por dise\u00f1os atrevidos y audaces. La marca hace su debut este viernes 19 de julio en el evento de &#8220;Styles Saves Swim&#8221; en Soho Beach House durante Miami Swim Week.<\/p>","protected":false},"author":1,"featured_media":0,"comment_status":"open","ping_status":"open","sticky":false,"template":"","format":"standard","meta":{"footnotes":""},"categories":[1],"tags":[],"class_list":["post-15281","post","type-post","status-publish","format-standard","hentry","category-press-releases"],"yoast_head":"<!-- This site is optimized with the Yoast SEO Premium plugin v24.5 (Yoast SEO v27.4) - https:\/\/yoast.com\/product\/yoast-seo-premium-wordpress\/ -->\n<title>Las dise\u00f1adoras Alexandra y Astrid Pedregal lanzan l\u00ednea de trajes de ba\u00f1o masculina Crasqi &#8226; Media Force Global<\/title>\n<meta name=\"robots\" content=\"index, follow, max-snippet:-1, max-image-preview:large, max-video-preview:-1\" \/>\n<link rel=\"canonical\" href=\"https:\/\/mediaforceglobal.com\/es\/press-releases\/las-disenadoras-alexandra-y-astrid-pedregal-lanzan-linea-de-trajes-de-bano-masculina-crasqi\/\" \/>\n<meta property=\"og:locale\" content=\"es_MX\" \/>\n<meta property=\"og:type\" content=\"article\" \/>\n<meta property=\"og:title\" content=\"Las dise\u00f1adoras Alexandra y Astrid Pedregal lanzan l\u00ednea de trajes de ba\u00f1o masculina Crasqi &#8226; Media Force Global\" \/>\n<meta property=\"og:description\" content=\"Media Force Global + Partners develops strong strategies in Public Relations &amp; Marketing Communication.\" \/>\n<meta property=\"og:url\" content=\"https:\/\/mediaforceglobal.com\/es\/press-releases\/las-disenadoras-alexandra-y-astrid-pedregal-lanzan-linea-de-trajes-de-bano-masculina-crasqi\/\" \/>\n<meta property=\"og:site_name\" content=\"Media Force Global\" \/>\n<meta property=\"article:publisher\" content=\"https:\/\/www.facebook.com\/mediaforceglobal\" \/>\n<meta property=\"article:published_time\" content=\"2013-07-17T19:42:37+00:00\" \/>\n<meta property=\"article:modified_time\" content=\"2022-09-14T21:03:58+00:00\" \/>\n<meta property=\"og:image\" content=\"https:\/\/mediaforceglobal.com\/wp-content\/uploads\/2022\/02\/cropped-mfg.jpg\" \/>\n\t<meta property=\"og:image:width\" content=\"338\" \/>\n\t<meta property=\"og:image:height\" content=\"328\" \/>\n\t<meta property=\"og:image:type\" content=\"image\/jpeg\" \/>\n<meta name=\"author\" content=\"Staff\" \/>\n<meta name=\"twitter:card\" content=\"summary_large_image\" \/>\n<meta name=\"twitter:creator\" content=\"@MFGNewsroom\" \/>\n<meta name=\"twitter:site\" content=\"@MFGNewsroom\" \/>\n<meta name=\"twitter:label1\" content=\"Escrito por\" \/>\n\t<meta name=\"twitter:data1\" content=\"Staff\" \/>\n\t<meta name=\"twitter:label2\" content=\"Tiempo de lectura\" \/>\n\t<meta name=\"twitter:data2\" content=\"3 minutos\" \/>\n<script type=\"application\/ld+json\" class=\"yoast-schema-graph\">{\"@context\":\"https:\\\/\\\/schema.org\",\"@graph\":[{\"@type\":\"Article\",\"@id\":\"https:\\\/\\\/mediaforceglobal.com\\\/press-releases\\\/las-disenadoras-alexandra-y-astrid-pedregal-lanzan-linea-de-trajes-de-bano-masculina-crasqi\\\/#article\",\"isPartOf\":{\"@id\":\"https:\\\/\\\/mediaforceglobal.com\\\/press-releases\\\/las-disenadoras-alexandra-y-astrid-pedregal-lanzan-linea-de-trajes-de-bano-masculina-crasqi\\\/\"},\"author\":{\"name\":\"Staff\",\"@id\":\"https:\\\/\\\/mediaforceglobal.com\\\/#\\\/schema\\\/person\\\/27f53727962287ebddbc752dbf219aaf\"},\"headline\":\"Las dise\u00f1adoras Alexandra y Astrid Pedregal lanzan l\u00ednea de trajes de ba\u00f1o masculina Crasqi\",\"datePublished\":\"2013-07-17T19:42:37+00:00\",\"dateModified\":\"2022-09-14T21:03:58+00:00\",\"mainEntityOfPage\":{\"@id\":\"https:\\\/\\\/mediaforceglobal.com\\\/press-releases\\\/las-disenadoras-alexandra-y-astrid-pedregal-lanzan-linea-de-trajes-de-bano-masculina-crasqi\\\/\"},\"wordCount\":543,\"commentCount\":0,\"publisher\":{\"@id\":\"https:\\\/\\\/mediaforceglobal.com\\\/#organization\"},\"articleSection\":[\"Press Releases\"],\"inLanguage\":\"es\",\"potentialAction\":[{\"@type\":\"CommentAction\",\"name\":\"Comment\",\"target\":[\"https:\\\/\\\/mediaforceglobal.com\\\/press-releases\\\/las-disenadoras-alexandra-y-astrid-pedregal-lanzan-linea-de-trajes-de-bano-masculina-crasqi\\\/#respond\"]}]},{\"@type\":\"WebPage\",\"@id\":\"https:\\\/\\\/mediaforceglobal.com\\\/press-releases\\\/las-disenadoras-alexandra-y-astrid-pedregal-lanzan-linea-de-trajes-de-bano-masculina-crasqi\\\/\",\"url\":\"https:\\\/\\\/mediaforceglobal.com\\\/press-releases\\\/las-disenadoras-alexandra-y-astrid-pedregal-lanzan-linea-de-trajes-de-bano-masculina-crasqi\\\/\",\"name\":\"Las dise\u00f1adoras Alexandra y Astrid Pedregal lanzan l\u00ednea de trajes de ba\u00f1o masculina Crasqi &#8226; Media Force Global\",\"isPartOf\":{\"@id\":\"https:\\\/\\\/mediaforceglobal.com\\\/#website\"},\"datePublished\":\"2013-07-17T19:42:37+00:00\",\"dateModified\":\"2022-09-14T21:03:58+00:00\",\"breadcrumb\":{\"@id\":\"https:\\\/\\\/mediaforceglobal.com\\\/press-releases\\\/las-disenadoras-alexandra-y-astrid-pedregal-lanzan-linea-de-trajes-de-bano-masculina-crasqi\\\/#breadcrumb\"},\"inLanguage\":\"es\",\"potentialAction\":[{\"@type\":\"ReadAction\",\"target\":[\"https:\\\/\\\/mediaforceglobal.com\\\/press-releases\\\/las-disenadoras-alexandra-y-astrid-pedregal-lanzan-linea-de-trajes-de-bano-masculina-crasqi\\\/\"]}]},{\"@type\":\"BreadcrumbList\",\"@id\":\"https:\\\/\\\/mediaforceglobal.com\\\/press-releases\\\/las-disenadoras-alexandra-y-astrid-pedregal-lanzan-linea-de-trajes-de-bano-masculina-crasqi\\\/#breadcrumb\",\"itemListElement\":[{\"@type\":\"ListItem\",\"position\":1,\"name\":\"Home\",\"item\":\"https:\\\/\\\/mediaforceglobal.com\\\/\"},{\"@type\":\"ListItem\",\"position\":2,\"name\":\"Press Releases\",\"item\":\"https:\\\/\\\/mediaforceglobal.com\\\/press-releases\\\/\"},{\"@type\":\"ListItem\",\"position\":3,\"name\":\"Las dise\u00f1adoras Alexandra y Astrid Pedregal lanzan l\u00ednea de trajes de ba\u00f1o masculina Crasqi\"}]},{\"@type\":\"WebSite\",\"@id\":\"https:\\\/\\\/mediaforceglobal.com\\\/#website\",\"url\":\"https:\\\/\\\/mediaforceglobal.com\\\/\",\"name\":\"Media Force Global\",\"description\":\"Public Relations + Marketing\",\"publisher\":{\"@id\":\"https:\\\/\\\/mediaforceglobal.com\\\/#organization\"},\"alternateName\":\"Media Force Global\",\"potentialAction\":[{\"@type\":\"SearchAction\",\"target\":{\"@type\":\"EntryPoint\",\"urlTemplate\":\"https:\\\/\\\/mediaforceglobal.com\\\/?s={search_term_string}\"},\"query-input\":{\"@type\":\"PropertyValueSpecification\",\"valueRequired\":true,\"valueName\":\"search_term_string\"}}],\"inLanguage\":\"es\"},{\"@type\":\"Organization\",\"@id\":\"https:\\\/\\\/mediaforceglobal.com\\\/#organization\",\"name\":\"Media Force Global + Partners\",\"alternateName\":\"Media Force Global\",\"url\":\"https:\\\/\\\/mediaforceglobal.com\\\/\",\"logo\":{\"@type\":\"ImageObject\",\"inLanguage\":\"es\",\"@id\":\"https:\\\/\\\/mediaforceglobal.com\\\/#\\\/schema\\\/logo\\\/image\\\/\",\"url\":\"https:\\\/\\\/mediaforceglobal.com\\\/wp-content\\\/uploads\\\/2022\\\/02\\\/cropped-mfg.jpg\",\"contentUrl\":\"https:\\\/\\\/mediaforceglobal.com\\\/wp-content\\\/uploads\\\/2022\\\/02\\\/cropped-mfg.jpg\",\"width\":338,\"height\":328,\"caption\":\"Media Force Global + Partners\"},\"image\":{\"@id\":\"https:\\\/\\\/mediaforceglobal.com\\\/#\\\/schema\\\/logo\\\/image\\\/\"},\"sameAs\":[\"https:\\\/\\\/www.facebook.com\\\/mediaforceglobal\",\"https:\\\/\\\/x.com\\\/MFGNewsroom\",\"https:\\\/\\\/www.instagram.com\\\/mediaforceglobal\\\/\",\"https:\\\/\\\/www.linkedin.com\\\/company\\\/mediaforceglobal\"],\"description\":\"Media Force Global + Partners develops strong strategies in Public Relations & Marketing Communications.\",\"email\":\"office@mediaforceglobal.com\",\"telephone\":\"+1 (786) 749-6900\",\"legalName\":\"Media Force Global & Partners LLC\",\"foundingDate\":\"2008-10-05\",\"numberOfEmployees\":{\"@type\":\"QuantitativeValue\",\"minValue\":\"1\",\"maxValue\":\"10\"}},{\"@type\":\"Person\",\"@id\":\"https:\\\/\\\/mediaforceglobal.com\\\/#\\\/schema\\\/person\\\/27f53727962287ebddbc752dbf219aaf\",\"name\":\"Staff\",\"image\":{\"@type\":\"ImageObject\",\"inLanguage\":\"es\",\"@id\":\"https:\\\/\\\/secure.gravatar.com\\\/avatar\\\/91618d41d75a4de8534513840b31d2be1c9485fb9dc8f5ffdf29c4fbf5943cb8?s=96&d=mm&r=g\",\"url\":\"https:\\\/\\\/secure.gravatar.com\\\/avatar\\\/91618d41d75a4de8534513840b31d2be1c9485fb9dc8f5ffdf29c4fbf5943cb8?s=96&d=mm&r=g\",\"contentUrl\":\"https:\\\/\\\/secure.gravatar.com\\\/avatar\\\/91618d41d75a4de8534513840b31d2be1c9485fb9dc8f5ffdf29c4fbf5943cb8?s=96&d=mm&r=g\",\"caption\":\"Staff\"},\"description\":\"President of Media Force Global + Partners with more than 15 year of experience, a Bachelor\u2019s degree in Communications (Sacred Heart University) and a Master\u2019s in Entertainment Business (Full Sail University). Mel Diaz overseas operations in the areas of Public Relations, Integrated Marketing and Artist Management &amp; Commercialization; through the years, working and implementing Public Relations strategies for Jos\u00e9 Feliciano, Farruko, Proyecto Uno to mention a few, and commercial brands such as Custo Barcelona, Miami Children's Hospital Foundation and Televisa Publishing + Digital among others.\",\"knowsLanguage\":[\"English\",\"Spanish\"],\"jobTitle\":\"President CEO\",\"worksFor\":\"Media Force Global + Partners\",\"url\":\"https:\\\/\\\/mediaforceglobal.com\\\/es\\\/author\\\/adminmfg\\\/\"}]}<\/script>\n<!-- \/ Yoast SEO Premium plugin. -->","yoast_head_json":{"title":"Las dise\u00f1adoras Alexandra y Astrid Pedregal lanzan l\u00ednea de trajes de ba\u00f1o masculina Crasqi &#8226; Media Force Global","robots":{"index":"index","follow":"follow","max-snippet":"max-snippet:-1","max-image-preview":"max-image-preview:large","max-video-preview":"max-video-preview:-1"},"canonical":"https:\/\/mediaforceglobal.com\/es\/press-releases\/las-disenadoras-alexandra-y-astrid-pedregal-lanzan-linea-de-trajes-de-bano-masculina-crasqi\/","og_locale":"es_MX","og_type":"article","og_title":"Las dise\u00f1adoras Alexandra y Astrid Pedregal lanzan l\u00ednea de trajes de ba\u00f1o masculina Crasqi &#8226; Media Force Global","og_description":"Media Force Global + Partners develops strong strategies in Public Relations & Marketing Communication.","og_url":"https:\/\/mediaforceglobal.com\/es\/press-releases\/las-disenadoras-alexandra-y-astrid-pedregal-lanzan-linea-de-trajes-de-bano-masculina-crasqi\/","og_site_name":"Media Force Global","article_publisher":"https:\/\/www.facebook.com\/mediaforceglobal","article_published_time":"2013-07-17T19:42:37+00:00","article_modified_time":"2022-09-14T21:03:58+00:00","og_image":[{"width":338,"height":328,"url":"https:\/\/mediaforceglobal.com\/wp-content\/uploads\/2022\/02\/cropped-mfg.jpg","type":"image\/jpeg"}],"author":"Staff","twitter_card":"summary_large_image","twitter_creator":"@MFGNewsroom","twitter_site":"@MFGNewsroom","twitter_misc":{"Escrito por":"Staff","Tiempo de lectura":"3 minutos"},"schema":{"@context":"https:\/\/schema.org","@graph":[{"@type":"Article","@id":"https:\/\/mediaforceglobal.com\/press-releases\/las-disenadoras-alexandra-y-astrid-pedregal-lanzan-linea-de-trajes-de-bano-masculina-crasqi\/#article","isPartOf":{"@id":"https:\/\/mediaforceglobal.com\/press-releases\/las-disenadoras-alexandra-y-astrid-pedregal-lanzan-linea-de-trajes-de-bano-masculina-crasqi\/"},"author":{"name":"Staff","@id":"https:\/\/mediaforceglobal.com\/#\/schema\/person\/27f53727962287ebddbc752dbf219aaf"},"headline":"Las dise\u00f1adoras Alexandra y Astrid Pedregal lanzan l\u00ednea de trajes de ba\u00f1o masculina Crasqi","datePublished":"2013-07-17T19:42:37+00:00","dateModified":"2022-09-14T21:03:58+00:00","mainEntityOfPage":{"@id":"https:\/\/mediaforceglobal.com\/press-releases\/las-disenadoras-alexandra-y-astrid-pedregal-lanzan-linea-de-trajes-de-bano-masculina-crasqi\/"},"wordCount":543,"commentCount":0,"publisher":{"@id":"https:\/\/mediaforceglobal.com\/#organization"},"articleSection":["Press Releases"],"inLanguage":"es","potentialAction":[{"@type":"CommentAction","name":"Comment","target":["https:\/\/mediaforceglobal.com\/press-releases\/las-disenadoras-alexandra-y-astrid-pedregal-lanzan-linea-de-trajes-de-bano-masculina-crasqi\/#respond"]}]},{"@type":"WebPage","@id":"https:\/\/mediaforceglobal.com\/press-releases\/las-disenadoras-alexandra-y-astrid-pedregal-lanzan-linea-de-trajes-de-bano-masculina-crasqi\/","url":"https:\/\/mediaforceglobal.com\/press-releases\/las-disenadoras-alexandra-y-astrid-pedregal-lanzan-linea-de-trajes-de-bano-masculina-crasqi\/","name":"Las dise\u00f1adoras Alexandra y Astrid Pedregal lanzan l\u00ednea de trajes de ba\u00f1o masculina Crasqi &#8226; Media Force Global","isPartOf":{"@id":"https:\/\/mediaforceglobal.com\/#website"},"datePublished":"2013-07-17T19:42:37+00:00","dateModified":"2022-09-14T21:03:58+00:00","breadcrumb":{"@id":"https:\/\/mediaforceglobal.com\/press-releases\/las-disenadoras-alexandra-y-astrid-pedregal-lanzan-linea-de-trajes-de-bano-masculina-crasqi\/#breadcrumb"},"inLanguage":"es","potentialAction":[{"@type":"ReadAction","target":["https:\/\/mediaforceglobal.com\/press-releases\/las-disenadoras-alexandra-y-astrid-pedregal-lanzan-linea-de-trajes-de-bano-masculina-crasqi\/"]}]},{"@type":"BreadcrumbList","@id":"https:\/\/mediaforceglobal.com\/press-releases\/las-disenadoras-alexandra-y-astrid-pedregal-lanzan-linea-de-trajes-de-bano-masculina-crasqi\/#breadcrumb","itemListElement":[{"@type":"ListItem","position":1,"name":"Home","item":"https:\/\/mediaforceglobal.com\/"},{"@type":"ListItem","position":2,"name":"Press Releases","item":"https:\/\/mediaforceglobal.com\/press-releases\/"},{"@type":"ListItem","position":3,"name":"Las dise\u00f1adoras Alexandra y Astrid Pedregal lanzan l\u00ednea de trajes de ba\u00f1o masculina Crasqi"}]},{"@type":"WebSite","@id":"https:\/\/mediaforceglobal.com\/#website","url":"https:\/\/mediaforceglobal.com\/","name":"Media Force Global","description":"Public Relations + Marketing","publisher":{"@id":"https:\/\/mediaforceglobal.com\/#organization"},"alternateName":"Media Force Global","potentialAction":[{"@type":"SearchAction","target":{"@type":"EntryPoint","urlTemplate":"https:\/\/mediaforceglobal.com\/?s={search_term_string}"},"query-input":{"@type":"PropertyValueSpecification","valueRequired":true,"valueName":"search_term_string"}}],"inLanguage":"es"},{"@type":"Organization","@id":"https:\/\/mediaforceglobal.com\/#organization","name":"Media Force Global + Partners","alternateName":"Media Force Global","url":"https:\/\/mediaforceglobal.com\/","logo":{"@type":"ImageObject","inLanguage":"es","@id":"https:\/\/mediaforceglobal.com\/#\/schema\/logo\/image\/","url":"https:\/\/mediaforceglobal.com\/wp-content\/uploads\/2022\/02\/cropped-mfg.jpg","contentUrl":"https:\/\/mediaforceglobal.com\/wp-content\/uploads\/2022\/02\/cropped-mfg.jpg","width":338,"height":328,"caption":"Media Force Global + Partners"},"image":{"@id":"https:\/\/mediaforceglobal.com\/#\/schema\/logo\/image\/"},"sameAs":["https:\/\/www.facebook.com\/mediaforceglobal","https:\/\/x.com\/MFGNewsroom","https:\/\/www.instagram.com\/mediaforceglobal\/","https:\/\/www.linkedin.com\/company\/mediaforceglobal"],"description":"Media Force Global + Partners develops strong strategies in Public Relations & Marketing Communications.","email":"office@mediaforceglobal.com","telephone":"+1 (786) 749-6900","legalName":"Media Force Global & Partners LLC","foundingDate":"2008-10-05","numberOfEmployees":{"@type":"QuantitativeValue","minValue":"1","maxValue":"10"}},{"@type":"Person","@id":"https:\/\/mediaforceglobal.com\/#\/schema\/person\/27f53727962287ebddbc752dbf219aaf","name":"Staff","image":{"@type":"ImageObject","inLanguage":"es","@id":"https:\/\/secure.gravatar.com\/avatar\/91618d41d75a4de8534513840b31d2be1c9485fb9dc8f5ffdf29c4fbf5943cb8?s=96&d=mm&r=g","url":"https:\/\/secure.gravatar.com\/avatar\/91618d41d75a4de8534513840b31d2be1c9485fb9dc8f5ffdf29c4fbf5943cb8?s=96&d=mm&r=g","contentUrl":"https:\/\/secure.gravatar.com\/avatar\/91618d41d75a4de8534513840b31d2be1c9485fb9dc8f5ffdf29c4fbf5943cb8?s=96&d=mm&r=g","caption":"Staff"},"description":"President of Media Force Global + Partners with more than 15 year of experience, a Bachelor\u2019s degree in Communications (Sacred Heart University) and a Master\u2019s in Entertainment Business (Full Sail University). Mel Diaz overseas operations in the areas of Public Relations, Integrated Marketing and Artist Management &amp; Commercialization; through the years, working and implementing Public Relations strategies for Jos\u00e9 Feliciano, Farruko, Proyecto Uno to mention a few, and commercial brands such as Custo Barcelona, Miami Children's Hospital Foundation and Televisa Publishing + Digital among others.","knowsLanguage":["English","Spanish"],"jobTitle":"President CEO","worksFor":"Media Force Global + Partners","url":"https:\/\/mediaforceglobal.com\/es\/author\/adminmfg\/"}]}},"_links":{"self":[{"href":"https:\/\/mediaforceglobal.com\/es\/wp-json\/wp\/v2\/posts\/15281","targetHints":{"allow":["GET"]}}],"collection":[{"href":"https:\/\/mediaforceglobal.com\/es\/wp-json\/wp\/v2\/posts"}],"about":[{"href":"https:\/\/mediaforceglobal.com\/es\/wp-json\/wp\/v2\/types\/post"}],"author":[{"embeddable":true,"href":"https:\/\/mediaforceglobal.com\/es\/wp-json\/wp\/v2\/users\/1"}],"replies":[{"embeddable":true,"href":"https:\/\/mediaforceglobal.com\/es\/wp-json\/wp\/v2\/comments?post=15281"}],"version-history":[{"count":0,"href":"https:\/\/mediaforceglobal.com\/es\/wp-json\/wp\/v2\/posts\/15281\/revisions"}],"wp:attachment":[{"href":"https:\/\/mediaforceglobal.com\/es\/wp-json\/wp\/v2\/media?parent=15281"}],"wp:term":[{"taxonomy":"category","embeddable":true,"href":"https:\/\/mediaforceglobal.com\/es\/wp-json\/wp\/v2\/categories?post=15281"},{"taxonomy":"post_tag","embeddable":true,"href":"https:\/\/mediaforceglobal.com\/es\/wp-json\/wp\/v2\/tags?post=15281"}],"curies":[{"name":"wp","href":"https:\/\/api.w.org\/{rel}","templated":true}]}}