{"id":2114,"date":"2011-11-07T19:32:13","date_gmt":"2011-11-08T00:32:13","guid":{"rendered":"http:\/\/mediaforcecommunications.com\/?p=2114"},"modified":"2022-09-14T17:04:40","modified_gmt":"2022-09-14T21:04:40","slug":"feliciano-contento-por-shakira-como-personalidad-del-ano-en-los-latin-grammys-2011","status":"publish","type":"post","link":"https:\/\/mediaforceglobal.com\/es\/press-releases\/feliciano-contento-por-shakira-como-personalidad-del-ano-en-los-latin-grammys-2011\/","title":{"rendered":"Feliciano contento por Shakira como personalidad del a\u00f1o en los Latin Grammys \u00ae 2011"},"content":{"rendered":"<p style=\"text-align: left;\" align=\"center\"><em><strong>Feliciano se encuentra grabando su pr\u00f3ximo \u00e1lbum, un tributo a Elvis Presley\u00a0<\/strong><\/em><\/p>\n<p style=\"text-align: left;\">El m\u00fasico y compositor Jos\u00e9 Feliciano fue fuertemente alabado por los medios de comunicaci\u00f3n latinos durante su visita enla ciudad de Miami. A su vez Feliciano declar\u00f3 estar contento por Shakira, quien ser\u00e1 condecorada como la Personalidad del A\u00f1o en los Latin Grammy \u00ae.<\/p>\n<p style=\"text-align: left;\"><!--more--><\/p>\n<p style=\"text-align: left;\">En una entrevista telef\u00f3nica con Jos\u00e9 desde la Rep\u00fablica de Corea, en donde el maestro llevaba a cabo una de sus presentaciones, se le pregunto que pensaba sobre Shakira. Feliciano considera que Shakira es un fuerte pilar en el mundo musical, \u201ces una mujer muy trabajadora, muy innovadora y adem\u00e1s buena persona\u201d, afirm\u00f3 Jos\u00e9, quien sabe sobre las labores ben\u00e9ficas de la cantante.<\/p>\n<p style=\"text-align: left;\">Despu\u00e9s de que se hiciera p\u00fablica y oficial la noticia de que Feliciano obtendr\u00e1 uno de los premios que otorga La Academia, el &#8220;Lifetime Achievement Award&#8221;,durante la gala del 9 de noviembre en Las Vegas, Feliciano tuvo que viajar a Miami para ofrecer entrevistas en varios medios de comunicaci\u00f3n, todos quer\u00edan felicitarlo y saber cu\u00e1les son sus nuevos proyectos, pero adem\u00e1s, todos demostraron un especial cari\u00f1o y admiraci\u00f3n por Feliciano, quien se mostr\u00f3 con toda naturalidad ante las c\u00e1maras, y muy divertido.<\/p>\n<p style=\"text-align: left;\">En el programa del Gordo y la Flaca, de Univision, Feliciano brome\u00f3 con su ceguera, y se hizo pasar por un operario de c\u00e1mara, pero asegur\u00f3 que \u201cser ciego no significa que no pueda percibir las cosas\u201d y que era una persona muy independiente.<\/p>\n<p style=\"text-align: left;\">Tambi\u00e9n asisti\u00f3 a otros programas de Univision y CNN en espa\u00f1ol entre otros, donde cant\u00f3 algunos de sus \u00e9xitos y comparti\u00f3 recuerdos como que a los nueve a\u00f1os se enamor\u00f3 de su guitarra. Y ofreci\u00f3 entrevistas para radio y revistas contando siempre de manera abierta sobre su vida y amor a la m\u00fasica, tanto es as\u00ed que de forma natural hizo poes\u00eda de su arte al declarar: \u201cme siento un pr\u00edncipe cuando toco la guitarra\u201d.<\/p>\n<p style=\"text-align: left;\">Feliciano mostr\u00f3 un esp\u00edritu jovial y ganas de abrirse a nuevos caminos musicales, como demuestra ya con sus \u00faltimas colaboraciones: \u201cSu hija me gusta\u201d con el reggeatonero Farruko, la balada \u201cAleluya\u201d con Jean Carlos Canelas o, en el estilo pop de \u201cTe encontr\u00e9\u201d, con Cristian Daniel.<\/p>\n<p style=\"text-align: left;\">Actualmente est\u00e1 grabando un \u00e1lbum en espa\u00f1ol y otro en ingl\u00e9s, este \u00faltimo es un tributo a uno de sus cantantes favoritos y se llama Elvis Presley by Jos\u00e9 Feliciano, adem\u00e1s est\u00e1 ofreciendo conciertos por todo el mundo, los \u00faltimos has sido por Europa y Asia y trabajando en varios proyectos y colaboraciones que asegura sorprender\u00e1n a sus fans.<\/p>","protected":false},"excerpt":{"rendered":"<p>Feliciano se encuentra grabando su pr\u00f3ximo \u00e1lbum, un tributo a Elvis Presley\u00a0 El m\u00fasico y compositor Jos\u00e9 Feliciano fue fuertemente alabado por los medios de comunicaci\u00f3n latinos durante su visita enla ciudad de Miami. A su vez Feliciano declar\u00f3 estar contento por Shakira, quien ser\u00e1 condecorada como la Personalidad del A\u00f1o en los Latin Grammy [&hellip;]<\/p>\n","protected":false},"author":1,"featured_media":0,"comment_status":"open","ping_status":"open","sticky":false,"template":"","format":"standard","meta":{"_angie_page":false,"page_builder":"","footnotes":""},"categories":[1],"tags":[4],"class_list":["post-2114","post","type-post","status-publish","format-standard","hentry","category-press-releases","tag-jose-feliciano-2"],"yoast_head":"<!-- This site is optimized with the Yoast SEO Premium plugin v27.5 (Yoast SEO v27.5) - https:\/\/yoast.com\/product\/yoast-seo-premium-wordpress\/ -->\n<title>Feliciano contento por Shakira como personalidad del a\u00f1o en los Latin Grammys \u00ae 2011 &#8226; Media Force Global<\/title>\n<meta name=\"robots\" content=\"index, follow, max-snippet:-1, max-image-preview:large, max-video-preview:-1\" \/>\n<link rel=\"canonical\" href=\"https:\/\/mediaforceglobal.com\/es\/press-releases\/feliciano-contento-por-shakira-como-personalidad-del-ano-en-los-latin-grammys-2011\/\" \/>\n<meta property=\"og:locale\" content=\"es_MX\" \/>\n<meta property=\"og:type\" content=\"article\" \/>\n<meta property=\"og:title\" content=\"Feliciano contento por Shakira como personalidad del a\u00f1o en los Latin Grammys \u00ae 2011 &#8226; Media Force Global\" \/>\n<meta property=\"og:url\" content=\"https:\/\/mediaforceglobal.com\/es\/press-releases\/feliciano-contento-por-shakira-como-personalidad-del-ano-en-los-latin-grammys-2011\/\" \/>\n<meta property=\"og:site_name\" content=\"Media Force Global\" \/>\n<meta property=\"article:publisher\" content=\"https:\/\/www.facebook.com\/mediaforceglobal\" \/>\n<meta property=\"article:published_time\" content=\"2011-11-08T00:32:13+00:00\" \/>\n<meta property=\"article:modified_time\" content=\"2022-09-14T21:04:40+00:00\" \/>\n<meta property=\"og:image\" content=\"https:\/\/mediaforceglobal.com\/wp-content\/uploads\/2022\/09\/2021-MFG-logo-web.jpg\" \/>\n\t<meta property=\"og:image:width\" content=\"767\" \/>\n\t<meta property=\"og:image:height\" content=\"718\" \/>\n\t<meta property=\"og:image:type\" content=\"image\/jpeg\" \/>\n<meta name=\"author\" content=\"Staff\" \/>\n<meta name=\"twitter:card\" content=\"summary_large_image\" \/>\n<meta name=\"twitter:creator\" content=\"@MFGNewsroom\" \/>\n<meta name=\"twitter:site\" content=\"@MFGNewsroom\" \/>\n<meta name=\"twitter:label1\" content=\"Escrito por\" \/>\n\t<meta name=\"twitter:data1\" content=\"Staff\" \/>\n\t<meta name=\"twitter:label2\" content=\"Tiempo de lectura\" \/>\n\t<meta name=\"twitter:data2\" content=\"2 minutos\" \/>\n<script type=\"application\/ld+json\" class=\"yoast-schema-graph\">{\"@context\":\"https:\\\/\\\/schema.org\",\"@graph\":[{\"@type\":\"Article\",\"@id\":\"https:\\\/\\\/mediaforceglobal.com\\\/press-releases\\\/feliciano-contento-por-shakira-como-personalidad-del-ano-en-los-latin-grammys-2011\\\/#article\",\"isPartOf\":{\"@id\":\"https:\\\/\\\/mediaforceglobal.com\\\/press-releases\\\/feliciano-contento-por-shakira-como-personalidad-del-ano-en-los-latin-grammys-2011\\\/\"},\"author\":{\"name\":\"Staff\",\"@id\":\"https:\\\/\\\/mediaforceglobal.com\\\/#\\\/schema\\\/person\\\/27f53727962287ebddbc752dbf219aaf\"},\"headline\":\"Feliciano contento por Shakira como personalidad del a\u00f1o en los Latin Grammys \u00ae 2011\",\"datePublished\":\"2011-11-08T00:32:13+00:00\",\"dateModified\":\"2022-09-14T21:04:40+00:00\",\"mainEntityOfPage\":{\"@id\":\"https:\\\/\\\/mediaforceglobal.com\\\/press-releases\\\/feliciano-contento-por-shakira-como-personalidad-del-ano-en-los-latin-grammys-2011\\\/\"},\"wordCount\":466,\"commentCount\":0,\"publisher\":{\"@id\":\"https:\\\/\\\/mediaforceglobal.com\\\/#organization\"},\"keywords\":[\"Jose Feliciano\"],\"articleSection\":[\"Press Releases\"],\"inLanguage\":\"es\",\"potentialAction\":[{\"@type\":\"CommentAction\",\"name\":\"Comment\",\"target\":[\"https:\\\/\\\/mediaforceglobal.com\\\/press-releases\\\/feliciano-contento-por-shakira-como-personalidad-del-ano-en-los-latin-grammys-2011\\\/#respond\"]}]},{\"@type\":\"WebPage\",\"@id\":\"https:\\\/\\\/mediaforceglobal.com\\\/press-releases\\\/feliciano-contento-por-shakira-como-personalidad-del-ano-en-los-latin-grammys-2011\\\/\",\"url\":\"https:\\\/\\\/mediaforceglobal.com\\\/press-releases\\\/feliciano-contento-por-shakira-como-personalidad-del-ano-en-los-latin-grammys-2011\\\/\",\"name\":\"Feliciano contento por Shakira como personalidad del a\u00f1o en los Latin Grammys \u00ae 2011 &#8226; Media Force Global\",\"isPartOf\":{\"@id\":\"https:\\\/\\\/mediaforceglobal.com\\\/#website\"},\"datePublished\":\"2011-11-08T00:32:13+00:00\",\"dateModified\":\"2022-09-14T21:04:40+00:00\",\"breadcrumb\":{\"@id\":\"https:\\\/\\\/mediaforceglobal.com\\\/press-releases\\\/feliciano-contento-por-shakira-como-personalidad-del-ano-en-los-latin-grammys-2011\\\/#breadcrumb\"},\"inLanguage\":\"es\",\"potentialAction\":[{\"@type\":\"ReadAction\",\"target\":[\"https:\\\/\\\/mediaforceglobal.com\\\/press-releases\\\/feliciano-contento-por-shakira-como-personalidad-del-ano-en-los-latin-grammys-2011\\\/\"]}]},{\"@type\":\"BreadcrumbList\",\"@id\":\"https:\\\/\\\/mediaforceglobal.com\\\/press-releases\\\/feliciano-contento-por-shakira-como-personalidad-del-ano-en-los-latin-grammys-2011\\\/#breadcrumb\",\"itemListElement\":[{\"@type\":\"ListItem\",\"position\":1,\"name\":\"Home\",\"item\":\"https:\\\/\\\/mediaforceglobal.com\\\/\"},{\"@type\":\"ListItem\",\"position\":2,\"name\":\"Press Releases\",\"item\":\"https:\\\/\\\/mediaforceglobal.com\\\/press-releases\\\/\"},{\"@type\":\"ListItem\",\"position\":3,\"name\":\"Feliciano contento por Shakira como personalidad del a\u00f1o en los Latin Grammys \u00ae 2011\"}]},{\"@type\":\"WebSite\",\"@id\":\"https:\\\/\\\/mediaforceglobal.com\\\/#website\",\"url\":\"https:\\\/\\\/mediaforceglobal.com\\\/\",\"name\":\"Media Force Global\",\"description\":\"Public Relations + Marketing\",\"publisher\":{\"@id\":\"https:\\\/\\\/mediaforceglobal.com\\\/#organization\"},\"alternateName\":\"Media Force Global\",\"potentialAction\":[{\"@type\":\"SearchAction\",\"target\":{\"@type\":\"EntryPoint\",\"urlTemplate\":\"https:\\\/\\\/mediaforceglobal.com\\\/?s={search_term_string}\"},\"query-input\":{\"@type\":\"PropertyValueSpecification\",\"valueRequired\":true,\"valueName\":\"search_term_string\"}}],\"inLanguage\":\"es\"},{\"@type\":\"Organization\",\"@id\":\"https:\\\/\\\/mediaforceglobal.com\\\/#organization\",\"name\":\"Media Force Global\",\"url\":\"https:\\\/\\\/mediaforceglobal.com\\\/\",\"logo\":{\"@type\":\"ImageObject\",\"inLanguage\":\"es\",\"@id\":\"https:\\\/\\\/mediaforceglobal.com\\\/#\\\/schema\\\/logo\\\/image\\\/\",\"url\":\"https:\\\/\\\/mediaforceglobal.com\\\/wp-content\\\/uploads\\\/2022\\\/09\\\/2021-MFG-logo-web.jpg\",\"contentUrl\":\"https:\\\/\\\/mediaforceglobal.com\\\/wp-content\\\/uploads\\\/2022\\\/09\\\/2021-MFG-logo-web.jpg\",\"width\":767,\"height\":718,\"caption\":\"Media Force Global\"},\"image\":{\"@id\":\"https:\\\/\\\/mediaforceglobal.com\\\/#\\\/schema\\\/logo\\\/image\\\/\"},\"sameAs\":[\"https:\\\/\\\/www.facebook.com\\\/mediaforceglobal\",\"https:\\\/\\\/x.com\\\/MFGNewsroom\",\"https:\\\/\\\/www.instagram.com\\\/mediaforceglobal\\\/\",\"https:\\\/\\\/www.linkedin.com\\\/company\\\/mediaforceglobal\"],\"description\":\"Media Force Global is an agency specializing in public relations, and brand positioning. Discover innovative PR strategies, high-impact campaigns, branding, media management, and business growth solutions\u2014all designed to maximize the visibility, reputation, and global reach of companies, celebrities, and entrepreneurs. Boost your digital presence with experts in strategic communication, storytelling, and performance marketing.\",\"email\":\"info@mediaforceglobal.com\",\"telephone\":\"+1 (786) 749-6900\",\"legalName\":\"Media Force Global & Partners LLC\",\"foundingDate\":\"2008-10-05\",\"numberOfEmployees\":{\"@type\":\"QuantitativeValue\",\"minValue\":\"1\",\"maxValue\":\"10\"}},{\"@type\":\"Person\",\"@id\":\"https:\\\/\\\/mediaforceglobal.com\\\/#\\\/schema\\\/person\\\/27f53727962287ebddbc752dbf219aaf\",\"name\":\"Staff\",\"image\":{\"@type\":\"ImageObject\",\"inLanguage\":\"es\",\"@id\":\"https:\\\/\\\/secure.gravatar.com\\\/avatar\\\/91618d41d75a4de8534513840b31d2be1c9485fb9dc8f5ffdf29c4fbf5943cb8?s=96&d=mm&r=g\",\"url\":\"https:\\\/\\\/secure.gravatar.com\\\/avatar\\\/91618d41d75a4de8534513840b31d2be1c9485fb9dc8f5ffdf29c4fbf5943cb8?s=96&d=mm&r=g\",\"contentUrl\":\"https:\\\/\\\/secure.gravatar.com\\\/avatar\\\/91618d41d75a4de8534513840b31d2be1c9485fb9dc8f5ffdf29c4fbf5943cb8?s=96&d=mm&r=g\",\"caption\":\"Staff\"},\"description\":\"President of Media Force Global + Partners with more than 15 year of experience, a Bachelor\u2019s degree in Communications (Sacred Heart University) and a Master\u2019s in Entertainment Business (Full Sail University). Mel Diaz overseas operations in the areas of Public Relations, Integrated Marketing and Artist Management &amp; Commercialization; through the years, working and implementing Public Relations strategies for Jos\u00e9 Feliciano, Farruko, Proyecto Uno to mention a few, and commercial brands such as Custo Barcelona, Miami Children's Hospital Foundation and Televisa Publishing + Digital among others.\",\"knowsLanguage\":[\"English\",\"Spanish\"],\"jobTitle\":\"President CEO\",\"worksFor\":\"Media Force Global + Partners\",\"url\":\"https:\\\/\\\/mediaforceglobal.com\\\/es\\\/author\\\/adminmfg\\\/\"}]}<\/script>\n<!-- \/ Yoast SEO Premium plugin. -->","yoast_head_json":{"title":"Feliciano contento por Shakira como personalidad del a\u00f1o en los Latin Grammys \u00ae 2011 &#8226; Media Force Global","robots":{"index":"index","follow":"follow","max-snippet":"max-snippet:-1","max-image-preview":"max-image-preview:large","max-video-preview":"max-video-preview:-1"},"canonical":"https:\/\/mediaforceglobal.com\/es\/press-releases\/feliciano-contento-por-shakira-como-personalidad-del-ano-en-los-latin-grammys-2011\/","og_locale":"es_MX","og_type":"article","og_title":"Feliciano contento por Shakira como personalidad del a\u00f1o en los Latin Grammys \u00ae 2011 &#8226; Media Force Global","og_url":"https:\/\/mediaforceglobal.com\/es\/press-releases\/feliciano-contento-por-shakira-como-personalidad-del-ano-en-los-latin-grammys-2011\/","og_site_name":"Media Force Global","article_publisher":"https:\/\/www.facebook.com\/mediaforceglobal","article_published_time":"2011-11-08T00:32:13+00:00","article_modified_time":"2022-09-14T21:04:40+00:00","og_image":[{"width":767,"height":718,"url":"https:\/\/mediaforceglobal.com\/wp-content\/uploads\/2022\/09\/2021-MFG-logo-web.jpg","type":"image\/jpeg"}],"author":"Staff","twitter_card":"summary_large_image","twitter_creator":"@MFGNewsroom","twitter_site":"@MFGNewsroom","twitter_misc":{"Escrito por":"Staff","Tiempo de lectura":"2 minutos"},"schema":{"@context":"https:\/\/schema.org","@graph":[{"@type":"Article","@id":"https:\/\/mediaforceglobal.com\/press-releases\/feliciano-contento-por-shakira-como-personalidad-del-ano-en-los-latin-grammys-2011\/#article","isPartOf":{"@id":"https:\/\/mediaforceglobal.com\/press-releases\/feliciano-contento-por-shakira-como-personalidad-del-ano-en-los-latin-grammys-2011\/"},"author":{"name":"Staff","@id":"https:\/\/mediaforceglobal.com\/#\/schema\/person\/27f53727962287ebddbc752dbf219aaf"},"headline":"Feliciano contento por Shakira como personalidad del a\u00f1o en los Latin Grammys \u00ae 2011","datePublished":"2011-11-08T00:32:13+00:00","dateModified":"2022-09-14T21:04:40+00:00","mainEntityOfPage":{"@id":"https:\/\/mediaforceglobal.com\/press-releases\/feliciano-contento-por-shakira-como-personalidad-del-ano-en-los-latin-grammys-2011\/"},"wordCount":466,"commentCount":0,"publisher":{"@id":"https:\/\/mediaforceglobal.com\/#organization"},"keywords":["Jose Feliciano"],"articleSection":["Press Releases"],"inLanguage":"es","potentialAction":[{"@type":"CommentAction","name":"Comment","target":["https:\/\/mediaforceglobal.com\/press-releases\/feliciano-contento-por-shakira-como-personalidad-del-ano-en-los-latin-grammys-2011\/#respond"]}]},{"@type":"WebPage","@id":"https:\/\/mediaforceglobal.com\/press-releases\/feliciano-contento-por-shakira-como-personalidad-del-ano-en-los-latin-grammys-2011\/","url":"https:\/\/mediaforceglobal.com\/press-releases\/feliciano-contento-por-shakira-como-personalidad-del-ano-en-los-latin-grammys-2011\/","name":"Feliciano contento por Shakira como personalidad del a\u00f1o en los Latin Grammys \u00ae 2011 &#8226; Media Force Global","isPartOf":{"@id":"https:\/\/mediaforceglobal.com\/#website"},"datePublished":"2011-11-08T00:32:13+00:00","dateModified":"2022-09-14T21:04:40+00:00","breadcrumb":{"@id":"https:\/\/mediaforceglobal.com\/press-releases\/feliciano-contento-por-shakira-como-personalidad-del-ano-en-los-latin-grammys-2011\/#breadcrumb"},"inLanguage":"es","potentialAction":[{"@type":"ReadAction","target":["https:\/\/mediaforceglobal.com\/press-releases\/feliciano-contento-por-shakira-como-personalidad-del-ano-en-los-latin-grammys-2011\/"]}]},{"@type":"BreadcrumbList","@id":"https:\/\/mediaforceglobal.com\/press-releases\/feliciano-contento-por-shakira-como-personalidad-del-ano-en-los-latin-grammys-2011\/#breadcrumb","itemListElement":[{"@type":"ListItem","position":1,"name":"Home","item":"https:\/\/mediaforceglobal.com\/"},{"@type":"ListItem","position":2,"name":"Press Releases","item":"https:\/\/mediaforceglobal.com\/press-releases\/"},{"@type":"ListItem","position":3,"name":"Feliciano contento por Shakira como personalidad del a\u00f1o en los Latin Grammys \u00ae 2011"}]},{"@type":"WebSite","@id":"https:\/\/mediaforceglobal.com\/#website","url":"https:\/\/mediaforceglobal.com\/","name":"Media Force Global","description":"Public Relations + Marketing","publisher":{"@id":"https:\/\/mediaforceglobal.com\/#organization"},"alternateName":"Media Force Global","potentialAction":[{"@type":"SearchAction","target":{"@type":"EntryPoint","urlTemplate":"https:\/\/mediaforceglobal.com\/?s={search_term_string}"},"query-input":{"@type":"PropertyValueSpecification","valueRequired":true,"valueName":"search_term_string"}}],"inLanguage":"es"},{"@type":"Organization","@id":"https:\/\/mediaforceglobal.com\/#organization","name":"Media Force Global","url":"https:\/\/mediaforceglobal.com\/","logo":{"@type":"ImageObject","inLanguage":"es","@id":"https:\/\/mediaforceglobal.com\/#\/schema\/logo\/image\/","url":"https:\/\/mediaforceglobal.com\/wp-content\/uploads\/2022\/09\/2021-MFG-logo-web.jpg","contentUrl":"https:\/\/mediaforceglobal.com\/wp-content\/uploads\/2022\/09\/2021-MFG-logo-web.jpg","width":767,"height":718,"caption":"Media Force Global"},"image":{"@id":"https:\/\/mediaforceglobal.com\/#\/schema\/logo\/image\/"},"sameAs":["https:\/\/www.facebook.com\/mediaforceglobal","https:\/\/x.com\/MFGNewsroom","https:\/\/www.instagram.com\/mediaforceglobal\/","https:\/\/www.linkedin.com\/company\/mediaforceglobal"],"description":"Media Force Global is an agency specializing in public relations, and brand positioning. Discover innovative PR strategies, high-impact campaigns, branding, media management, and business growth solutions\u2014all designed to maximize the visibility, reputation, and global reach of companies, celebrities, and entrepreneurs. Boost your digital presence with experts in strategic communication, storytelling, and performance marketing.","email":"info@mediaforceglobal.com","telephone":"+1 (786) 749-6900","legalName":"Media Force Global & Partners LLC","foundingDate":"2008-10-05","numberOfEmployees":{"@type":"QuantitativeValue","minValue":"1","maxValue":"10"}},{"@type":"Person","@id":"https:\/\/mediaforceglobal.com\/#\/schema\/person\/27f53727962287ebddbc752dbf219aaf","name":"Staff","image":{"@type":"ImageObject","inLanguage":"es","@id":"https:\/\/secure.gravatar.com\/avatar\/91618d41d75a4de8534513840b31d2be1c9485fb9dc8f5ffdf29c4fbf5943cb8?s=96&d=mm&r=g","url":"https:\/\/secure.gravatar.com\/avatar\/91618d41d75a4de8534513840b31d2be1c9485fb9dc8f5ffdf29c4fbf5943cb8?s=96&d=mm&r=g","contentUrl":"https:\/\/secure.gravatar.com\/avatar\/91618d41d75a4de8534513840b31d2be1c9485fb9dc8f5ffdf29c4fbf5943cb8?s=96&d=mm&r=g","caption":"Staff"},"description":"President of Media Force Global + Partners with more than 15 year of experience, a Bachelor\u2019s degree in Communications (Sacred Heart University) and a Master\u2019s in Entertainment Business (Full Sail University). Mel Diaz overseas operations in the areas of Public Relations, Integrated Marketing and Artist Management &amp; Commercialization; through the years, working and implementing Public Relations strategies for Jos\u00e9 Feliciano, Farruko, Proyecto Uno to mention a few, and commercial brands such as Custo Barcelona, Miami Children's Hospital Foundation and Televisa Publishing + Digital among others.","knowsLanguage":["English","Spanish"],"jobTitle":"President CEO","worksFor":"Media Force Global + Partners","url":"https:\/\/mediaforceglobal.com\/es\/author\/adminmfg\/"}]}},"_links":{"self":[{"href":"https:\/\/mediaforceglobal.com\/es\/wp-json\/wp\/v2\/posts\/2114","targetHints":{"allow":["GET"]}}],"collection":[{"href":"https:\/\/mediaforceglobal.com\/es\/wp-json\/wp\/v2\/posts"}],"about":[{"href":"https:\/\/mediaforceglobal.com\/es\/wp-json\/wp\/v2\/types\/post"}],"author":[{"embeddable":true,"href":"https:\/\/mediaforceglobal.com\/es\/wp-json\/wp\/v2\/users\/1"}],"replies":[{"embeddable":true,"href":"https:\/\/mediaforceglobal.com\/es\/wp-json\/wp\/v2\/comments?post=2114"}],"version-history":[{"count":0,"href":"https:\/\/mediaforceglobal.com\/es\/wp-json\/wp\/v2\/posts\/2114\/revisions"}],"wp:attachment":[{"href":"https:\/\/mediaforceglobal.com\/es\/wp-json\/wp\/v2\/media?parent=2114"}],"wp:term":[{"taxonomy":"category","embeddable":true,"href":"https:\/\/mediaforceglobal.com\/es\/wp-json\/wp\/v2\/categories?post=2114"},{"taxonomy":"post_tag","embeddable":true,"href":"https:\/\/mediaforceglobal.com\/es\/wp-json\/wp\/v2\/tags?post=2114"}],"curies":[{"name":"wp","href":"https:\/\/api.w.org\/{rel}","templated":true}]}}