{"id":2854,"date":"2011-12-14T18:32:09","date_gmt":"2011-12-14T23:32:09","guid":{"rendered":"http:\/\/mediaforcecommunications.com\/?p=2854"},"modified":"2022-09-14T17:04:34","modified_gmt":"2022-09-14T21:04:34","slug":"el-presentador-oscar-pyzyk-se-une-a-amigos-for-kids-en-esta-navidad","status":"publish","type":"post","link":"https:\/\/mediaforceglobal.com\/es\/press-releases\/el-presentador-oscar-pyzyk-se-une-a-amigos-for-kids-en-esta-navidad\/","title":{"rendered":"El presentador Oscar Pyzyk se une a Amigos For Kids en esta Navidad"},"content":{"rendered":"<p style=\"text-align: left;\">En la ma\u00f1ana del pasado 11 de diciembre, artistas y presentadores de la talla de Ang\u00e9lica Vale, Catherine Siachoque, Osvaldo R\u00edos, Maritza Rodr\u00edguez, Ra\u00fal de Molina y Pamela Silva Conde entre otros, se dieron cita junto a la fundaci\u00f3n \u201cAmigos For Kids\u201d y viajaron juntos en autob\u00fas con un solo prop\u00f3sito: <em>el de tocar la vida de m\u00e1s de 300 ni\u00f1os que esperaban sus regalos de Navidad.<\/em><\/p>\n<p style=\"text-align: left;\"><!--more--><\/p>\n<p style=\"text-align: left;\">Como parte de su compromiso como comunicador, el presentador Oscar Pyzyk del programa Arrebatados (Am\u00e9rica Teve, canal 41), hizo una pausa en su agenda para decir presente y contribuir con una noble causa, entregar regalos a los ni\u00f1os m\u00e1s necesitados, asimismo\u00a0traer una sonrisa y un momento de felicidad a sus familias.<\/p>\n<p style=\"text-align: left;\">La traves\u00eda que dur\u00f3 m\u00e1s de 40 minutos, y se convirti\u00f3 en la oportunidad perfecta para que todos los talentos que donaron su tiempo, pudieran confraternizar sin t\u00edtulos, preferencias, ni restricciones. \u201cFue una de las experiencias m\u00e1s bonita y divertida que he pasado en este trabajo, ver a mis colegas de los medios unidos por una sola causa\u201d, expres\u00f3\u00a0 Pyzyk.\u00a0 El encuentro con los ni\u00f1os tom\u00f3 lugar en Homestead, Florida, y entre la preparaci\u00f3n y la jornada, la misma duro m\u00e1s de cinco horas.\u00a0 Por supuesto, como es de costumbre, Oscar no desaprovech\u00f3 la oportunidad para sacarle uno que otro &#8220;chismecillo&#8221; a sus colegas.<\/p>\n<p style=\"text-align: left;\">A pesar de su personaje irreverente y alebrestado, Oscar Pyzyk ha demostrado que tiene un gran coraz\u00f3n y que se preocupa por el sentir y bienestar de su comunidad, pues como el mismo comenta, \u201cfue espectacular ver la cara de felicidad de la ni\u00f1a a la que me toco entregarle una bicicleta, esta no pod\u00eda creer que Santa le hab\u00eda regalado lo que ella tanto quer\u00eda.\u201d<\/p>\n<p style=\"text-align: left;\">Durante la traves\u00eda, Pyzyk disfrut\u00f3 mucho de la compa\u00f1\u00eda de los ni\u00f1os y de sus colegas de los medios de comunicaci\u00f3n, \u201cTodo estuvo incre\u00edble, hace tiempo que no ve\u00eda a tantos artistas estar felices haciendo una labor tan buena como esta.\u00a0 Luego de m\u00e1s de 2 horas y de sacarnos miles de fotos con todos los ni\u00f1os, regresamos al autob\u00fas en donde bailamos y cantamos.\u00a0 Nos divertimos como locos durante el viaje de regreso a casa\u201d, explic\u00f3 el presentador.<\/p>\n<p style=\"text-align: left;\">Sin duda alguna, Oscar Pyzyk continua dando pasos agigantados en su carrera. El presentador est\u00e1 dispuesto a entregar el cien por ciento de si, esto con el fin de marcar una pauta en el mundo del entretenimiento, y en aquellos que lo siguen y lo rodean.<\/p>","protected":false},"excerpt":{"rendered":"<p>En la ma\u00f1ana del pasado 11 de diciembre, artistas y presentadores de la talla de Ang\u00e9lica Vale, Catherine Siachoque, Osvaldo R\u00edos, Maritza Rodr\u00edguez, Ra\u00fal de Molina y Pamela Silva Conde entre otros, se dieron cita junto a la fundaci\u00f3n \u201cAmigos For Kids\u201d y viajaron juntos en autob\u00fas con un solo prop\u00f3sito: el de tocar la [&hellip;]<\/p>\n","protected":false},"author":1,"featured_media":0,"comment_status":"open","ping_status":"open","sticky":false,"template":"","format":"standard","meta":{"_angie_page":false,"page_builder":"","footnotes":""},"categories":[1],"tags":[58],"class_list":["post-2854","post","type-post","status-publish","format-standard","hentry","category-press-releases","tag-oscar-pyzyk"],"yoast_head":"<!-- This site is optimized with the Yoast SEO Premium plugin v27.5 (Yoast SEO v27.5) - https:\/\/yoast.com\/product\/yoast-seo-premium-wordpress\/ -->\n<title>El presentador Oscar Pyzyk se une a Amigos For Kids en esta Navidad &#8226; Media Force Global<\/title>\n<meta name=\"robots\" content=\"index, follow, max-snippet:-1, max-image-preview:large, max-video-preview:-1\" \/>\n<link rel=\"canonical\" href=\"https:\/\/mediaforceglobal.com\/es\/press-releases\/el-presentador-oscar-pyzyk-se-une-a-amigos-for-kids-en-esta-navidad\/\" \/>\n<meta property=\"og:locale\" content=\"es_MX\" \/>\n<meta property=\"og:type\" content=\"article\" \/>\n<meta property=\"og:title\" content=\"El presentador Oscar Pyzyk se une a Amigos For Kids en esta Navidad &#8226; Media Force Global\" \/>\n<meta property=\"og:url\" content=\"https:\/\/mediaforceglobal.com\/es\/press-releases\/el-presentador-oscar-pyzyk-se-une-a-amigos-for-kids-en-esta-navidad\/\" \/>\n<meta property=\"og:site_name\" content=\"Media Force Global\" \/>\n<meta property=\"article:publisher\" content=\"https:\/\/www.facebook.com\/mediaforceglobal\" \/>\n<meta property=\"article:published_time\" content=\"2011-12-14T23:32:09+00:00\" \/>\n<meta property=\"article:modified_time\" content=\"2022-09-14T21:04:34+00:00\" \/>\n<meta property=\"og:image\" content=\"https:\/\/mediaforceglobal.com\/wp-content\/uploads\/2022\/09\/2021-MFG-logo-web.jpg\" \/>\n\t<meta property=\"og:image:width\" content=\"767\" \/>\n\t<meta property=\"og:image:height\" content=\"718\" \/>\n\t<meta property=\"og:image:type\" content=\"image\/jpeg\" \/>\n<meta name=\"author\" content=\"Staff\" \/>\n<meta name=\"twitter:card\" content=\"summary_large_image\" \/>\n<meta name=\"twitter:creator\" content=\"@MFGNewsroom\" \/>\n<meta name=\"twitter:site\" content=\"@MFGNewsroom\" \/>\n<meta name=\"twitter:label1\" content=\"Escrito por\" \/>\n\t<meta name=\"twitter:data1\" content=\"Staff\" \/>\n\t<meta name=\"twitter:label2\" content=\"Tiempo de lectura\" \/>\n\t<meta name=\"twitter:data2\" content=\"2 minutos\" \/>\n<script type=\"application\/ld+json\" class=\"yoast-schema-graph\">{\"@context\":\"https:\\\/\\\/schema.org\",\"@graph\":[{\"@type\":\"Article\",\"@id\":\"https:\\\/\\\/mediaforceglobal.com\\\/press-releases\\\/el-presentador-oscar-pyzyk-se-une-a-amigos-for-kids-en-esta-navidad\\\/#article\",\"isPartOf\":{\"@id\":\"https:\\\/\\\/mediaforceglobal.com\\\/press-releases\\\/el-presentador-oscar-pyzyk-se-une-a-amigos-for-kids-en-esta-navidad\\\/\"},\"author\":{\"name\":\"Staff\",\"@id\":\"https:\\\/\\\/mediaforceglobal.com\\\/#\\\/schema\\\/person\\\/27f53727962287ebddbc752dbf219aaf\"},\"headline\":\"El presentador Oscar Pyzyk se une a Amigos For Kids en esta Navidad\",\"datePublished\":\"2011-12-14T23:32:09+00:00\",\"dateModified\":\"2022-09-14T21:04:34+00:00\",\"mainEntityOfPage\":{\"@id\":\"https:\\\/\\\/mediaforceglobal.com\\\/press-releases\\\/el-presentador-oscar-pyzyk-se-une-a-amigos-for-kids-en-esta-navidad\\\/\"},\"wordCount\":456,\"commentCount\":0,\"publisher\":{\"@id\":\"https:\\\/\\\/mediaforceglobal.com\\\/#organization\"},\"keywords\":[\"Oscar Pyzyk\"],\"articleSection\":[\"Press Releases\"],\"inLanguage\":\"es\",\"potentialAction\":[{\"@type\":\"CommentAction\",\"name\":\"Comment\",\"target\":[\"https:\\\/\\\/mediaforceglobal.com\\\/press-releases\\\/el-presentador-oscar-pyzyk-se-une-a-amigos-for-kids-en-esta-navidad\\\/#respond\"]}]},{\"@type\":\"WebPage\",\"@id\":\"https:\\\/\\\/mediaforceglobal.com\\\/press-releases\\\/el-presentador-oscar-pyzyk-se-une-a-amigos-for-kids-en-esta-navidad\\\/\",\"url\":\"https:\\\/\\\/mediaforceglobal.com\\\/press-releases\\\/el-presentador-oscar-pyzyk-se-une-a-amigos-for-kids-en-esta-navidad\\\/\",\"name\":\"El presentador Oscar Pyzyk se une a Amigos For Kids en esta Navidad &#8226; Media Force Global\",\"isPartOf\":{\"@id\":\"https:\\\/\\\/mediaforceglobal.com\\\/#website\"},\"datePublished\":\"2011-12-14T23:32:09+00:00\",\"dateModified\":\"2022-09-14T21:04:34+00:00\",\"breadcrumb\":{\"@id\":\"https:\\\/\\\/mediaforceglobal.com\\\/press-releases\\\/el-presentador-oscar-pyzyk-se-une-a-amigos-for-kids-en-esta-navidad\\\/#breadcrumb\"},\"inLanguage\":\"es\",\"potentialAction\":[{\"@type\":\"ReadAction\",\"target\":[\"https:\\\/\\\/mediaforceglobal.com\\\/press-releases\\\/el-presentador-oscar-pyzyk-se-une-a-amigos-for-kids-en-esta-navidad\\\/\"]}]},{\"@type\":\"BreadcrumbList\",\"@id\":\"https:\\\/\\\/mediaforceglobal.com\\\/press-releases\\\/el-presentador-oscar-pyzyk-se-une-a-amigos-for-kids-en-esta-navidad\\\/#breadcrumb\",\"itemListElement\":[{\"@type\":\"ListItem\",\"position\":1,\"name\":\"Home\",\"item\":\"https:\\\/\\\/mediaforceglobal.com\\\/\"},{\"@type\":\"ListItem\",\"position\":2,\"name\":\"Press Releases\",\"item\":\"https:\\\/\\\/mediaforceglobal.com\\\/press-releases\\\/\"},{\"@type\":\"ListItem\",\"position\":3,\"name\":\"El presentador Oscar Pyzyk se une a Amigos For Kids en esta Navidad\"}]},{\"@type\":\"WebSite\",\"@id\":\"https:\\\/\\\/mediaforceglobal.com\\\/#website\",\"url\":\"https:\\\/\\\/mediaforceglobal.com\\\/\",\"name\":\"Media Force Global\",\"description\":\"Public Relations + Marketing\",\"publisher\":{\"@id\":\"https:\\\/\\\/mediaforceglobal.com\\\/#organization\"},\"alternateName\":\"Media Force Global\",\"potentialAction\":[{\"@type\":\"SearchAction\",\"target\":{\"@type\":\"EntryPoint\",\"urlTemplate\":\"https:\\\/\\\/mediaforceglobal.com\\\/?s={search_term_string}\"},\"query-input\":{\"@type\":\"PropertyValueSpecification\",\"valueRequired\":true,\"valueName\":\"search_term_string\"}}],\"inLanguage\":\"es\"},{\"@type\":\"Organization\",\"@id\":\"https:\\\/\\\/mediaforceglobal.com\\\/#organization\",\"name\":\"Media Force Global\",\"url\":\"https:\\\/\\\/mediaforceglobal.com\\\/\",\"logo\":{\"@type\":\"ImageObject\",\"inLanguage\":\"es\",\"@id\":\"https:\\\/\\\/mediaforceglobal.com\\\/#\\\/schema\\\/logo\\\/image\\\/\",\"url\":\"https:\\\/\\\/mediaforceglobal.com\\\/wp-content\\\/uploads\\\/2022\\\/09\\\/2021-MFG-logo-web.jpg\",\"contentUrl\":\"https:\\\/\\\/mediaforceglobal.com\\\/wp-content\\\/uploads\\\/2022\\\/09\\\/2021-MFG-logo-web.jpg\",\"width\":767,\"height\":718,\"caption\":\"Media Force Global\"},\"image\":{\"@id\":\"https:\\\/\\\/mediaforceglobal.com\\\/#\\\/schema\\\/logo\\\/image\\\/\"},\"sameAs\":[\"https:\\\/\\\/www.facebook.com\\\/mediaforceglobal\",\"https:\\\/\\\/x.com\\\/MFGNewsroom\",\"https:\\\/\\\/www.instagram.com\\\/mediaforceglobal\\\/\",\"https:\\\/\\\/www.linkedin.com\\\/company\\\/mediaforceglobal\"],\"description\":\"Media Force Global is an agency specializing in public relations, and brand positioning. Discover innovative PR strategies, high-impact campaigns, branding, media management, and business growth solutions\u2014all designed to maximize the visibility, reputation, and global reach of companies, celebrities, and entrepreneurs. Boost your digital presence with experts in strategic communication, storytelling, and performance marketing.\",\"email\":\"info@mediaforceglobal.com\",\"telephone\":\"+1 (786) 749-6900\",\"legalName\":\"Media Force Global & Partners LLC\",\"foundingDate\":\"2008-10-05\",\"numberOfEmployees\":{\"@type\":\"QuantitativeValue\",\"minValue\":\"1\",\"maxValue\":\"10\"}},{\"@type\":\"Person\",\"@id\":\"https:\\\/\\\/mediaforceglobal.com\\\/#\\\/schema\\\/person\\\/27f53727962287ebddbc752dbf219aaf\",\"name\":\"Staff\",\"image\":{\"@type\":\"ImageObject\",\"inLanguage\":\"es\",\"@id\":\"https:\\\/\\\/secure.gravatar.com\\\/avatar\\\/91618d41d75a4de8534513840b31d2be1c9485fb9dc8f5ffdf29c4fbf5943cb8?s=96&d=mm&r=g\",\"url\":\"https:\\\/\\\/secure.gravatar.com\\\/avatar\\\/91618d41d75a4de8534513840b31d2be1c9485fb9dc8f5ffdf29c4fbf5943cb8?s=96&d=mm&r=g\",\"contentUrl\":\"https:\\\/\\\/secure.gravatar.com\\\/avatar\\\/91618d41d75a4de8534513840b31d2be1c9485fb9dc8f5ffdf29c4fbf5943cb8?s=96&d=mm&r=g\",\"caption\":\"Staff\"},\"description\":\"President of Media Force Global + Partners with more than 15 year of experience, a Bachelor\u2019s degree in Communications (Sacred Heart University) and a Master\u2019s in Entertainment Business (Full Sail University). Mel Diaz overseas operations in the areas of Public Relations, Integrated Marketing and Artist Management &amp; Commercialization; through the years, working and implementing Public Relations strategies for Jos\u00e9 Feliciano, Farruko, Proyecto Uno to mention a few, and commercial brands such as Custo Barcelona, Miami Children's Hospital Foundation and Televisa Publishing + Digital among others.\",\"knowsLanguage\":[\"English\",\"Spanish\"],\"jobTitle\":\"President CEO\",\"worksFor\":\"Media Force Global + Partners\",\"url\":\"https:\\\/\\\/mediaforceglobal.com\\\/es\\\/author\\\/adminmfg\\\/\"}]}<\/script>\n<!-- \/ Yoast SEO Premium plugin. -->","yoast_head_json":{"title":"El presentador Oscar Pyzyk se une a Amigos For Kids en esta Navidad &#8226; Media Force Global","robots":{"index":"index","follow":"follow","max-snippet":"max-snippet:-1","max-image-preview":"max-image-preview:large","max-video-preview":"max-video-preview:-1"},"canonical":"https:\/\/mediaforceglobal.com\/es\/press-releases\/el-presentador-oscar-pyzyk-se-une-a-amigos-for-kids-en-esta-navidad\/","og_locale":"es_MX","og_type":"article","og_title":"El presentador Oscar Pyzyk se une a Amigos For Kids en esta Navidad &#8226; Media Force Global","og_url":"https:\/\/mediaforceglobal.com\/es\/press-releases\/el-presentador-oscar-pyzyk-se-une-a-amigos-for-kids-en-esta-navidad\/","og_site_name":"Media Force Global","article_publisher":"https:\/\/www.facebook.com\/mediaforceglobal","article_published_time":"2011-12-14T23:32:09+00:00","article_modified_time":"2022-09-14T21:04:34+00:00","og_image":[{"width":767,"height":718,"url":"https:\/\/mediaforceglobal.com\/wp-content\/uploads\/2022\/09\/2021-MFG-logo-web.jpg","type":"image\/jpeg"}],"author":"Staff","twitter_card":"summary_large_image","twitter_creator":"@MFGNewsroom","twitter_site":"@MFGNewsroom","twitter_misc":{"Escrito por":"Staff","Tiempo de lectura":"2 minutos"},"schema":{"@context":"https:\/\/schema.org","@graph":[{"@type":"Article","@id":"https:\/\/mediaforceglobal.com\/press-releases\/el-presentador-oscar-pyzyk-se-une-a-amigos-for-kids-en-esta-navidad\/#article","isPartOf":{"@id":"https:\/\/mediaforceglobal.com\/press-releases\/el-presentador-oscar-pyzyk-se-une-a-amigos-for-kids-en-esta-navidad\/"},"author":{"name":"Staff","@id":"https:\/\/mediaforceglobal.com\/#\/schema\/person\/27f53727962287ebddbc752dbf219aaf"},"headline":"El presentador Oscar Pyzyk se une a Amigos For Kids en esta Navidad","datePublished":"2011-12-14T23:32:09+00:00","dateModified":"2022-09-14T21:04:34+00:00","mainEntityOfPage":{"@id":"https:\/\/mediaforceglobal.com\/press-releases\/el-presentador-oscar-pyzyk-se-une-a-amigos-for-kids-en-esta-navidad\/"},"wordCount":456,"commentCount":0,"publisher":{"@id":"https:\/\/mediaforceglobal.com\/#organization"},"keywords":["Oscar Pyzyk"],"articleSection":["Press Releases"],"inLanguage":"es","potentialAction":[{"@type":"CommentAction","name":"Comment","target":["https:\/\/mediaforceglobal.com\/press-releases\/el-presentador-oscar-pyzyk-se-une-a-amigos-for-kids-en-esta-navidad\/#respond"]}]},{"@type":"WebPage","@id":"https:\/\/mediaforceglobal.com\/press-releases\/el-presentador-oscar-pyzyk-se-une-a-amigos-for-kids-en-esta-navidad\/","url":"https:\/\/mediaforceglobal.com\/press-releases\/el-presentador-oscar-pyzyk-se-une-a-amigos-for-kids-en-esta-navidad\/","name":"El presentador Oscar Pyzyk se une a Amigos For Kids en esta Navidad &#8226; Media Force Global","isPartOf":{"@id":"https:\/\/mediaforceglobal.com\/#website"},"datePublished":"2011-12-14T23:32:09+00:00","dateModified":"2022-09-14T21:04:34+00:00","breadcrumb":{"@id":"https:\/\/mediaforceglobal.com\/press-releases\/el-presentador-oscar-pyzyk-se-une-a-amigos-for-kids-en-esta-navidad\/#breadcrumb"},"inLanguage":"es","potentialAction":[{"@type":"ReadAction","target":["https:\/\/mediaforceglobal.com\/press-releases\/el-presentador-oscar-pyzyk-se-une-a-amigos-for-kids-en-esta-navidad\/"]}]},{"@type":"BreadcrumbList","@id":"https:\/\/mediaforceglobal.com\/press-releases\/el-presentador-oscar-pyzyk-se-une-a-amigos-for-kids-en-esta-navidad\/#breadcrumb","itemListElement":[{"@type":"ListItem","position":1,"name":"Home","item":"https:\/\/mediaforceglobal.com\/"},{"@type":"ListItem","position":2,"name":"Press Releases","item":"https:\/\/mediaforceglobal.com\/press-releases\/"},{"@type":"ListItem","position":3,"name":"El presentador Oscar Pyzyk se une a Amigos For Kids en esta Navidad"}]},{"@type":"WebSite","@id":"https:\/\/mediaforceglobal.com\/#website","url":"https:\/\/mediaforceglobal.com\/","name":"Media Force Global","description":"Public Relations + Marketing","publisher":{"@id":"https:\/\/mediaforceglobal.com\/#organization"},"alternateName":"Media Force Global","potentialAction":[{"@type":"SearchAction","target":{"@type":"EntryPoint","urlTemplate":"https:\/\/mediaforceglobal.com\/?s={search_term_string}"},"query-input":{"@type":"PropertyValueSpecification","valueRequired":true,"valueName":"search_term_string"}}],"inLanguage":"es"},{"@type":"Organization","@id":"https:\/\/mediaforceglobal.com\/#organization","name":"Media Force Global","url":"https:\/\/mediaforceglobal.com\/","logo":{"@type":"ImageObject","inLanguage":"es","@id":"https:\/\/mediaforceglobal.com\/#\/schema\/logo\/image\/","url":"https:\/\/mediaforceglobal.com\/wp-content\/uploads\/2022\/09\/2021-MFG-logo-web.jpg","contentUrl":"https:\/\/mediaforceglobal.com\/wp-content\/uploads\/2022\/09\/2021-MFG-logo-web.jpg","width":767,"height":718,"caption":"Media Force Global"},"image":{"@id":"https:\/\/mediaforceglobal.com\/#\/schema\/logo\/image\/"},"sameAs":["https:\/\/www.facebook.com\/mediaforceglobal","https:\/\/x.com\/MFGNewsroom","https:\/\/www.instagram.com\/mediaforceglobal\/","https:\/\/www.linkedin.com\/company\/mediaforceglobal"],"description":"Media Force Global is an agency specializing in public relations, and brand positioning. Discover innovative PR strategies, high-impact campaigns, branding, media management, and business growth solutions\u2014all designed to maximize the visibility, reputation, and global reach of companies, celebrities, and entrepreneurs. Boost your digital presence with experts in strategic communication, storytelling, and performance marketing.","email":"info@mediaforceglobal.com","telephone":"+1 (786) 749-6900","legalName":"Media Force Global & Partners LLC","foundingDate":"2008-10-05","numberOfEmployees":{"@type":"QuantitativeValue","minValue":"1","maxValue":"10"}},{"@type":"Person","@id":"https:\/\/mediaforceglobal.com\/#\/schema\/person\/27f53727962287ebddbc752dbf219aaf","name":"Staff","image":{"@type":"ImageObject","inLanguage":"es","@id":"https:\/\/secure.gravatar.com\/avatar\/91618d41d75a4de8534513840b31d2be1c9485fb9dc8f5ffdf29c4fbf5943cb8?s=96&d=mm&r=g","url":"https:\/\/secure.gravatar.com\/avatar\/91618d41d75a4de8534513840b31d2be1c9485fb9dc8f5ffdf29c4fbf5943cb8?s=96&d=mm&r=g","contentUrl":"https:\/\/secure.gravatar.com\/avatar\/91618d41d75a4de8534513840b31d2be1c9485fb9dc8f5ffdf29c4fbf5943cb8?s=96&d=mm&r=g","caption":"Staff"},"description":"President of Media Force Global + Partners with more than 15 year of experience, a Bachelor\u2019s degree in Communications (Sacred Heart University) and a Master\u2019s in Entertainment Business (Full Sail University). Mel Diaz overseas operations in the areas of Public Relations, Integrated Marketing and Artist Management &amp; Commercialization; through the years, working and implementing Public Relations strategies for Jos\u00e9 Feliciano, Farruko, Proyecto Uno to mention a few, and commercial brands such as Custo Barcelona, Miami Children's Hospital Foundation and Televisa Publishing + Digital among others.","knowsLanguage":["English","Spanish"],"jobTitle":"President CEO","worksFor":"Media Force Global + Partners","url":"https:\/\/mediaforceglobal.com\/es\/author\/adminmfg\/"}]}},"_links":{"self":[{"href":"https:\/\/mediaforceglobal.com\/es\/wp-json\/wp\/v2\/posts\/2854","targetHints":{"allow":["GET"]}}],"collection":[{"href":"https:\/\/mediaforceglobal.com\/es\/wp-json\/wp\/v2\/posts"}],"about":[{"href":"https:\/\/mediaforceglobal.com\/es\/wp-json\/wp\/v2\/types\/post"}],"author":[{"embeddable":true,"href":"https:\/\/mediaforceglobal.com\/es\/wp-json\/wp\/v2\/users\/1"}],"replies":[{"embeddable":true,"href":"https:\/\/mediaforceglobal.com\/es\/wp-json\/wp\/v2\/comments?post=2854"}],"version-history":[{"count":0,"href":"https:\/\/mediaforceglobal.com\/es\/wp-json\/wp\/v2\/posts\/2854\/revisions"}],"wp:attachment":[{"href":"https:\/\/mediaforceglobal.com\/es\/wp-json\/wp\/v2\/media?parent=2854"}],"wp:term":[{"taxonomy":"category","embeddable":true,"href":"https:\/\/mediaforceglobal.com\/es\/wp-json\/wp\/v2\/categories?post=2854"},{"taxonomy":"post_tag","embeddable":true,"href":"https:\/\/mediaforceglobal.com\/es\/wp-json\/wp\/v2\/tags?post=2854"}],"curies":[{"name":"wp","href":"https:\/\/api.w.org\/{rel}","templated":true}]}}