{"id":31679,"date":"2016-10-17T14:16:57","date_gmt":"2016-10-17T14:16:57","guid":{"rendered":"http:\/\/3e3.9ed.myftpupload.com\/?p=31679"},"modified":"2022-09-14T17:03:23","modified_gmt":"2022-09-14T21:03:23","slug":"domenic-marte-ocupa-el-primer-lugar-en-el-chart-de-billboard-con-como-quisiera","status":"publish","type":"post","link":"https:\/\/mediaforceglobal.com\/es\/press-releases\/domenic-marte-ocupa-el-primer-lugar-en-el-chart-de-billboard-con-como-quisiera\/","title":{"rendered":"Domenic Marte ocupa el primer lugar en el chart de Billboard con \u201cComo quisiera\u201d"},"content":{"rendered":"<p><strong>Domenic Marte comienza gira de medios en Miami del 25 al 28 de octubre<\/strong><\/p>\n<p>El reconocido int\u00e9rprete de la bachata, Domenic Marte, ha logrado posicionarse en el puesto n\u00famero uno en el chart de canciones tropicales de Billboard, con su nuevo sencillo promocional \u201cComo quisiera\u201d, tema que lleva 16 semanas en las primera posiciones en la tablas del Billboard.<\/p>\n<p><strong>De acuerdo a Billboard, Domenic Marte esta en el primer lugar en sus tablas:<\/strong> <a href=\"http:\/\/www.billboard.com\/articles\/columns\/latin\/7526439\/domenic-marte-first-number-1-tropical-songs-chart\">http:\/\/www.billboard.com\/articles\/columns\/latin\/7526439\/domenic-marte-first-number-1-tropical-songs-chart<\/a><\/p>\n<p>El sencillo ha logrado tener gran aceptaci\u00f3n por el p\u00fablico en Estados Unidos, Latinoam\u00e9rica y Europa, y se trata de una bachata-pop con una letra conmovedora y llena de nostalgia, que logra llegar directamente al coraz\u00f3n de quienes la escuchan. \u201cLa canci\u00f3n es un poco triste, pero creo que la gran aceptaci\u00f3n que ha tenido se debe a lo hermosa que resulta ser la letra al final\u201d. As\u00ed lo describe Domenic Marte.<\/p>\n<p>\u201cComo quisiera\u201d naci\u00f3 en la ciudad de Lawrence- Massachusetts, de donde es originario el cantante. Fue grabada en DBR Studios, con la mezcla y masterizaci\u00f3n de Jon Chase. Por su parte, la letra del tema estuvo a cargo de Jes\u00fas Aponte, y producida por el mismo Domenic Marte y Jos\u00e9 Medina, quien es un gran amigo de la infancia del int\u00e9rprete.<\/p>\n<p>Actualmente, Marte encuentra en procesos creativos de lo que va a ser su pr\u00f3ximo disco que tiene fecha tentativa para ser lanzado en diciembre del presente a\u00f1o. Vive en carne propia la realizaci\u00f3n de un sue\u00f1o que no es otro que calar en altas posiciones en un chart lleno de artistas de reconocida trayectoria. \u201cMe siento muy feliz con el trabajo realizado, pero queda mucho por trabajar todav\u00eda, sin duda hay que poner mucho m\u00e1s esfuerzo para lograr lo que se quiere\u201d. As\u00ed lo afirma el cantante.<\/p>\n<p>As\u00ed mismo, Domenic Marte se prepara para realizar una gira de medios por el sur de la Florida del 25 al 28 de octubre, con el fin de hacer promoci\u00f3n a su exitoso tema \u201cComo quisiera\u201d, present\u00e1ndose en los medios de comunicaci\u00f3n m\u00e1s importantes de la regi\u00f3n.<\/p>","protected":false},"excerpt":{"rendered":"<p>Domenic Marte comienza gira de medios en Miami del 25 al 28 de octubre El reconocido int\u00e9rprete de la bachata, Domenic Marte, ha logrado posicionarse en el puesto n\u00famero uno en el chart de canciones tropicales de Billboard, con su nuevo sencillo promocional \u201cComo quisiera\u201d, tema que lleva 16 semanas en las primera posiciones en [&hellip;]<\/p>\n","protected":false},"author":1,"featured_media":0,"comment_status":"open","ping_status":"open","sticky":false,"template":"","format":"standard","meta":{"_angie_page":false,"page_builder":"","footnotes":""},"categories":[1],"tags":[135],"class_list":["post-31679","post","type-post","status-publish","format-standard","hentry","category-press-releases","tag-domenic-marte"],"yoast_head":"<!-- This site is optimized with the Yoast SEO Premium plugin v27.5 (Yoast SEO v27.5) - https:\/\/yoast.com\/product\/yoast-seo-premium-wordpress\/ -->\n<title>Domenic Marte ocupa el primer lugar en el chart de Billboard con \u201cComo quisiera\u201d &#8226; Media Force Global<\/title>\n<meta name=\"robots\" content=\"index, follow, max-snippet:-1, max-image-preview:large, max-video-preview:-1\" \/>\n<link rel=\"canonical\" href=\"https:\/\/mediaforceglobal.com\/es\/press-releases\/domenic-marte-ocupa-el-primer-lugar-en-el-chart-de-billboard-con-como-quisiera\/\" \/>\n<meta property=\"og:locale\" content=\"es_MX\" \/>\n<meta property=\"og:type\" content=\"article\" \/>\n<meta property=\"og:title\" content=\"Domenic Marte ocupa el primer lugar en el chart de Billboard con \u201cComo quisiera\u201d &#8226; Media Force Global\" \/>\n<meta property=\"og:url\" content=\"https:\/\/mediaforceglobal.com\/es\/press-releases\/domenic-marte-ocupa-el-primer-lugar-en-el-chart-de-billboard-con-como-quisiera\/\" \/>\n<meta property=\"og:site_name\" content=\"Media Force Global\" \/>\n<meta property=\"article:publisher\" content=\"https:\/\/www.facebook.com\/mediaforceglobal\" \/>\n<meta property=\"article:published_time\" content=\"2016-10-17T14:16:57+00:00\" \/>\n<meta property=\"article:modified_time\" content=\"2022-09-14T21:03:23+00:00\" \/>\n<meta property=\"og:image\" content=\"https:\/\/mediaforceglobal.com\/wp-content\/uploads\/2022\/09\/2021-MFG-logo-web.jpg\" \/>\n\t<meta property=\"og:image:width\" content=\"767\" \/>\n\t<meta property=\"og:image:height\" content=\"718\" \/>\n\t<meta property=\"og:image:type\" content=\"image\/jpeg\" \/>\n<meta name=\"author\" content=\"Staff\" \/>\n<meta name=\"twitter:card\" content=\"summary_large_image\" \/>\n<meta name=\"twitter:creator\" content=\"@MFGNewsroom\" \/>\n<meta name=\"twitter:site\" content=\"@MFGNewsroom\" \/>\n<meta name=\"twitter:label1\" content=\"Escrito por\" \/>\n\t<meta name=\"twitter:data1\" content=\"Staff\" \/>\n\t<meta name=\"twitter:label2\" content=\"Tiempo de lectura\" \/>\n\t<meta name=\"twitter:data2\" content=\"2 minutos\" \/>\n<script type=\"application\/ld+json\" class=\"yoast-schema-graph\">{\"@context\":\"https:\\\/\\\/schema.org\",\"@graph\":[{\"@type\":\"Article\",\"@id\":\"https:\\\/\\\/mediaforceglobal.com\\\/press-releases\\\/domenic-marte-ocupa-el-primer-lugar-en-el-chart-de-billboard-con-como-quisiera\\\/#article\",\"isPartOf\":{\"@id\":\"https:\\\/\\\/mediaforceglobal.com\\\/press-releases\\\/domenic-marte-ocupa-el-primer-lugar-en-el-chart-de-billboard-con-como-quisiera\\\/\"},\"author\":{\"name\":\"Staff\",\"@id\":\"https:\\\/\\\/mediaforceglobal.com\\\/#\\\/schema\\\/person\\\/27f53727962287ebddbc752dbf219aaf\"},\"headline\":\"Domenic Marte ocupa el primer lugar en el chart de Billboard con \u201cComo quisiera\u201d\",\"datePublished\":\"2016-10-17T14:16:57+00:00\",\"dateModified\":\"2022-09-14T21:03:23+00:00\",\"mainEntityOfPage\":{\"@id\":\"https:\\\/\\\/mediaforceglobal.com\\\/press-releases\\\/domenic-marte-ocupa-el-primer-lugar-en-el-chart-de-billboard-con-como-quisiera\\\/\"},\"wordCount\":380,\"commentCount\":0,\"publisher\":{\"@id\":\"https:\\\/\\\/mediaforceglobal.com\\\/#organization\"},\"keywords\":[\"Domenic Marte\"],\"articleSection\":[\"Press Releases\"],\"inLanguage\":\"es\",\"potentialAction\":[{\"@type\":\"CommentAction\",\"name\":\"Comment\",\"target\":[\"https:\\\/\\\/mediaforceglobal.com\\\/press-releases\\\/domenic-marte-ocupa-el-primer-lugar-en-el-chart-de-billboard-con-como-quisiera\\\/#respond\"]}]},{\"@type\":\"WebPage\",\"@id\":\"https:\\\/\\\/mediaforceglobal.com\\\/press-releases\\\/domenic-marte-ocupa-el-primer-lugar-en-el-chart-de-billboard-con-como-quisiera\\\/\",\"url\":\"https:\\\/\\\/mediaforceglobal.com\\\/press-releases\\\/domenic-marte-ocupa-el-primer-lugar-en-el-chart-de-billboard-con-como-quisiera\\\/\",\"name\":\"Domenic Marte ocupa el primer lugar en el chart de Billboard con \u201cComo quisiera\u201d &#8226; Media Force Global\",\"isPartOf\":{\"@id\":\"https:\\\/\\\/mediaforceglobal.com\\\/#website\"},\"datePublished\":\"2016-10-17T14:16:57+00:00\",\"dateModified\":\"2022-09-14T21:03:23+00:00\",\"breadcrumb\":{\"@id\":\"https:\\\/\\\/mediaforceglobal.com\\\/press-releases\\\/domenic-marte-ocupa-el-primer-lugar-en-el-chart-de-billboard-con-como-quisiera\\\/#breadcrumb\"},\"inLanguage\":\"es\",\"potentialAction\":[{\"@type\":\"ReadAction\",\"target\":[\"https:\\\/\\\/mediaforceglobal.com\\\/press-releases\\\/domenic-marte-ocupa-el-primer-lugar-en-el-chart-de-billboard-con-como-quisiera\\\/\"]}]},{\"@type\":\"BreadcrumbList\",\"@id\":\"https:\\\/\\\/mediaforceglobal.com\\\/press-releases\\\/domenic-marte-ocupa-el-primer-lugar-en-el-chart-de-billboard-con-como-quisiera\\\/#breadcrumb\",\"itemListElement\":[{\"@type\":\"ListItem\",\"position\":1,\"name\":\"Home\",\"item\":\"https:\\\/\\\/mediaforceglobal.com\\\/\"},{\"@type\":\"ListItem\",\"position\":2,\"name\":\"Press Releases\",\"item\":\"https:\\\/\\\/mediaforceglobal.com\\\/press-releases\\\/\"},{\"@type\":\"ListItem\",\"position\":3,\"name\":\"Domenic Marte ocupa el primer lugar en el chart de Billboard con \u201cComo quisiera\u201d\"}]},{\"@type\":\"WebSite\",\"@id\":\"https:\\\/\\\/mediaforceglobal.com\\\/#website\",\"url\":\"https:\\\/\\\/mediaforceglobal.com\\\/\",\"name\":\"Media Force Global\",\"description\":\"Public Relations + Marketing\",\"publisher\":{\"@id\":\"https:\\\/\\\/mediaforceglobal.com\\\/#organization\"},\"alternateName\":\"Media Force Global\",\"potentialAction\":[{\"@type\":\"SearchAction\",\"target\":{\"@type\":\"EntryPoint\",\"urlTemplate\":\"https:\\\/\\\/mediaforceglobal.com\\\/?s={search_term_string}\"},\"query-input\":{\"@type\":\"PropertyValueSpecification\",\"valueRequired\":true,\"valueName\":\"search_term_string\"}}],\"inLanguage\":\"es\"},{\"@type\":\"Organization\",\"@id\":\"https:\\\/\\\/mediaforceglobal.com\\\/#organization\",\"name\":\"Media Force Global\",\"url\":\"https:\\\/\\\/mediaforceglobal.com\\\/\",\"logo\":{\"@type\":\"ImageObject\",\"inLanguage\":\"es\",\"@id\":\"https:\\\/\\\/mediaforceglobal.com\\\/#\\\/schema\\\/logo\\\/image\\\/\",\"url\":\"https:\\\/\\\/mediaforceglobal.com\\\/wp-content\\\/uploads\\\/2022\\\/09\\\/2021-MFG-logo-web.jpg\",\"contentUrl\":\"https:\\\/\\\/mediaforceglobal.com\\\/wp-content\\\/uploads\\\/2022\\\/09\\\/2021-MFG-logo-web.jpg\",\"width\":767,\"height\":718,\"caption\":\"Media Force Global\"},\"image\":{\"@id\":\"https:\\\/\\\/mediaforceglobal.com\\\/#\\\/schema\\\/logo\\\/image\\\/\"},\"sameAs\":[\"https:\\\/\\\/www.facebook.com\\\/mediaforceglobal\",\"https:\\\/\\\/x.com\\\/MFGNewsroom\",\"https:\\\/\\\/www.instagram.com\\\/mediaforceglobal\\\/\",\"https:\\\/\\\/www.linkedin.com\\\/company\\\/mediaforceglobal\"],\"description\":\"Media Force Global is an agency specializing in public relations, and brand positioning. Discover innovative PR strategies, high-impact campaigns, branding, media management, and business growth solutions\u2014all designed to maximize the visibility, reputation, and global reach of companies, celebrities, and entrepreneurs. Boost your digital presence with experts in strategic communication, storytelling, and performance marketing.\",\"email\":\"info@mediaforceglobal.com\",\"telephone\":\"+1 (786) 749-6900\",\"legalName\":\"Media Force Global & Partners LLC\",\"foundingDate\":\"2008-10-05\",\"numberOfEmployees\":{\"@type\":\"QuantitativeValue\",\"minValue\":\"1\",\"maxValue\":\"10\"}},{\"@type\":\"Person\",\"@id\":\"https:\\\/\\\/mediaforceglobal.com\\\/#\\\/schema\\\/person\\\/27f53727962287ebddbc752dbf219aaf\",\"name\":\"Staff\",\"image\":{\"@type\":\"ImageObject\",\"inLanguage\":\"es\",\"@id\":\"https:\\\/\\\/secure.gravatar.com\\\/avatar\\\/91618d41d75a4de8534513840b31d2be1c9485fb9dc8f5ffdf29c4fbf5943cb8?s=96&d=mm&r=g\",\"url\":\"https:\\\/\\\/secure.gravatar.com\\\/avatar\\\/91618d41d75a4de8534513840b31d2be1c9485fb9dc8f5ffdf29c4fbf5943cb8?s=96&d=mm&r=g\",\"contentUrl\":\"https:\\\/\\\/secure.gravatar.com\\\/avatar\\\/91618d41d75a4de8534513840b31d2be1c9485fb9dc8f5ffdf29c4fbf5943cb8?s=96&d=mm&r=g\",\"caption\":\"Staff\"},\"description\":\"President of Media Force Global + Partners with more than 15 year of experience, a Bachelor\u2019s degree in Communications (Sacred Heart University) and a Master\u2019s in Entertainment Business (Full Sail University). Mel Diaz overseas operations in the areas of Public Relations, Integrated Marketing and Artist Management &amp; Commercialization; through the years, working and implementing Public Relations strategies for Jos\u00e9 Feliciano, Farruko, Proyecto Uno to mention a few, and commercial brands such as Custo Barcelona, Miami Children's Hospital Foundation and Televisa Publishing + Digital among others.\",\"knowsLanguage\":[\"English\",\"Spanish\"],\"jobTitle\":\"President CEO\",\"worksFor\":\"Media Force Global + Partners\",\"url\":\"https:\\\/\\\/mediaforceglobal.com\\\/es\\\/author\\\/adminmfg\\\/\"}]}<\/script>\n<!-- \/ Yoast SEO Premium plugin. -->","yoast_head_json":{"title":"Domenic Marte ocupa el primer lugar en el chart de Billboard con \u201cComo quisiera\u201d &#8226; Media Force Global","robots":{"index":"index","follow":"follow","max-snippet":"max-snippet:-1","max-image-preview":"max-image-preview:large","max-video-preview":"max-video-preview:-1"},"canonical":"https:\/\/mediaforceglobal.com\/es\/press-releases\/domenic-marte-ocupa-el-primer-lugar-en-el-chart-de-billboard-con-como-quisiera\/","og_locale":"es_MX","og_type":"article","og_title":"Domenic Marte ocupa el primer lugar en el chart de Billboard con \u201cComo quisiera\u201d &#8226; Media Force Global","og_url":"https:\/\/mediaforceglobal.com\/es\/press-releases\/domenic-marte-ocupa-el-primer-lugar-en-el-chart-de-billboard-con-como-quisiera\/","og_site_name":"Media Force Global","article_publisher":"https:\/\/www.facebook.com\/mediaforceglobal","article_published_time":"2016-10-17T14:16:57+00:00","article_modified_time":"2022-09-14T21:03:23+00:00","og_image":[{"width":767,"height":718,"url":"https:\/\/mediaforceglobal.com\/wp-content\/uploads\/2022\/09\/2021-MFG-logo-web.jpg","type":"image\/jpeg"}],"author":"Staff","twitter_card":"summary_large_image","twitter_creator":"@MFGNewsroom","twitter_site":"@MFGNewsroom","twitter_misc":{"Escrito por":"Staff","Tiempo de lectura":"2 minutos"},"schema":{"@context":"https:\/\/schema.org","@graph":[{"@type":"Article","@id":"https:\/\/mediaforceglobal.com\/press-releases\/domenic-marte-ocupa-el-primer-lugar-en-el-chart-de-billboard-con-como-quisiera\/#article","isPartOf":{"@id":"https:\/\/mediaforceglobal.com\/press-releases\/domenic-marte-ocupa-el-primer-lugar-en-el-chart-de-billboard-con-como-quisiera\/"},"author":{"name":"Staff","@id":"https:\/\/mediaforceglobal.com\/#\/schema\/person\/27f53727962287ebddbc752dbf219aaf"},"headline":"Domenic Marte ocupa el primer lugar en el chart de Billboard con \u201cComo quisiera\u201d","datePublished":"2016-10-17T14:16:57+00:00","dateModified":"2022-09-14T21:03:23+00:00","mainEntityOfPage":{"@id":"https:\/\/mediaforceglobal.com\/press-releases\/domenic-marte-ocupa-el-primer-lugar-en-el-chart-de-billboard-con-como-quisiera\/"},"wordCount":380,"commentCount":0,"publisher":{"@id":"https:\/\/mediaforceglobal.com\/#organization"},"keywords":["Domenic Marte"],"articleSection":["Press Releases"],"inLanguage":"es","potentialAction":[{"@type":"CommentAction","name":"Comment","target":["https:\/\/mediaforceglobal.com\/press-releases\/domenic-marte-ocupa-el-primer-lugar-en-el-chart-de-billboard-con-como-quisiera\/#respond"]}]},{"@type":"WebPage","@id":"https:\/\/mediaforceglobal.com\/press-releases\/domenic-marte-ocupa-el-primer-lugar-en-el-chart-de-billboard-con-como-quisiera\/","url":"https:\/\/mediaforceglobal.com\/press-releases\/domenic-marte-ocupa-el-primer-lugar-en-el-chart-de-billboard-con-como-quisiera\/","name":"Domenic Marte ocupa el primer lugar en el chart de Billboard con \u201cComo quisiera\u201d &#8226; Media Force Global","isPartOf":{"@id":"https:\/\/mediaforceglobal.com\/#website"},"datePublished":"2016-10-17T14:16:57+00:00","dateModified":"2022-09-14T21:03:23+00:00","breadcrumb":{"@id":"https:\/\/mediaforceglobal.com\/press-releases\/domenic-marte-ocupa-el-primer-lugar-en-el-chart-de-billboard-con-como-quisiera\/#breadcrumb"},"inLanguage":"es","potentialAction":[{"@type":"ReadAction","target":["https:\/\/mediaforceglobal.com\/press-releases\/domenic-marte-ocupa-el-primer-lugar-en-el-chart-de-billboard-con-como-quisiera\/"]}]},{"@type":"BreadcrumbList","@id":"https:\/\/mediaforceglobal.com\/press-releases\/domenic-marte-ocupa-el-primer-lugar-en-el-chart-de-billboard-con-como-quisiera\/#breadcrumb","itemListElement":[{"@type":"ListItem","position":1,"name":"Home","item":"https:\/\/mediaforceglobal.com\/"},{"@type":"ListItem","position":2,"name":"Press Releases","item":"https:\/\/mediaforceglobal.com\/press-releases\/"},{"@type":"ListItem","position":3,"name":"Domenic Marte ocupa el primer lugar en el chart de Billboard con \u201cComo quisiera\u201d"}]},{"@type":"WebSite","@id":"https:\/\/mediaforceglobal.com\/#website","url":"https:\/\/mediaforceglobal.com\/","name":"Media Force Global","description":"Public Relations + Marketing","publisher":{"@id":"https:\/\/mediaforceglobal.com\/#organization"},"alternateName":"Media Force Global","potentialAction":[{"@type":"SearchAction","target":{"@type":"EntryPoint","urlTemplate":"https:\/\/mediaforceglobal.com\/?s={search_term_string}"},"query-input":{"@type":"PropertyValueSpecification","valueRequired":true,"valueName":"search_term_string"}}],"inLanguage":"es"},{"@type":"Organization","@id":"https:\/\/mediaforceglobal.com\/#organization","name":"Media Force Global","url":"https:\/\/mediaforceglobal.com\/","logo":{"@type":"ImageObject","inLanguage":"es","@id":"https:\/\/mediaforceglobal.com\/#\/schema\/logo\/image\/","url":"https:\/\/mediaforceglobal.com\/wp-content\/uploads\/2022\/09\/2021-MFG-logo-web.jpg","contentUrl":"https:\/\/mediaforceglobal.com\/wp-content\/uploads\/2022\/09\/2021-MFG-logo-web.jpg","width":767,"height":718,"caption":"Media Force Global"},"image":{"@id":"https:\/\/mediaforceglobal.com\/#\/schema\/logo\/image\/"},"sameAs":["https:\/\/www.facebook.com\/mediaforceglobal","https:\/\/x.com\/MFGNewsroom","https:\/\/www.instagram.com\/mediaforceglobal\/","https:\/\/www.linkedin.com\/company\/mediaforceglobal"],"description":"Media Force Global is an agency specializing in public relations, and brand positioning. Discover innovative PR strategies, high-impact campaigns, branding, media management, and business growth solutions\u2014all designed to maximize the visibility, reputation, and global reach of companies, celebrities, and entrepreneurs. Boost your digital presence with experts in strategic communication, storytelling, and performance marketing.","email":"info@mediaforceglobal.com","telephone":"+1 (786) 749-6900","legalName":"Media Force Global & Partners LLC","foundingDate":"2008-10-05","numberOfEmployees":{"@type":"QuantitativeValue","minValue":"1","maxValue":"10"}},{"@type":"Person","@id":"https:\/\/mediaforceglobal.com\/#\/schema\/person\/27f53727962287ebddbc752dbf219aaf","name":"Staff","image":{"@type":"ImageObject","inLanguage":"es","@id":"https:\/\/secure.gravatar.com\/avatar\/91618d41d75a4de8534513840b31d2be1c9485fb9dc8f5ffdf29c4fbf5943cb8?s=96&d=mm&r=g","url":"https:\/\/secure.gravatar.com\/avatar\/91618d41d75a4de8534513840b31d2be1c9485fb9dc8f5ffdf29c4fbf5943cb8?s=96&d=mm&r=g","contentUrl":"https:\/\/secure.gravatar.com\/avatar\/91618d41d75a4de8534513840b31d2be1c9485fb9dc8f5ffdf29c4fbf5943cb8?s=96&d=mm&r=g","caption":"Staff"},"description":"President of Media Force Global + Partners with more than 15 year of experience, a Bachelor\u2019s degree in Communications (Sacred Heart University) and a Master\u2019s in Entertainment Business (Full Sail University). Mel Diaz overseas operations in the areas of Public Relations, Integrated Marketing and Artist Management &amp; Commercialization; through the years, working and implementing Public Relations strategies for Jos\u00e9 Feliciano, Farruko, Proyecto Uno to mention a few, and commercial brands such as Custo Barcelona, Miami Children's Hospital Foundation and Televisa Publishing + Digital among others.","knowsLanguage":["English","Spanish"],"jobTitle":"President CEO","worksFor":"Media Force Global + Partners","url":"https:\/\/mediaforceglobal.com\/es\/author\/adminmfg\/"}]}},"_links":{"self":[{"href":"https:\/\/mediaforceglobal.com\/es\/wp-json\/wp\/v2\/posts\/31679","targetHints":{"allow":["GET"]}}],"collection":[{"href":"https:\/\/mediaforceglobal.com\/es\/wp-json\/wp\/v2\/posts"}],"about":[{"href":"https:\/\/mediaforceglobal.com\/es\/wp-json\/wp\/v2\/types\/post"}],"author":[{"embeddable":true,"href":"https:\/\/mediaforceglobal.com\/es\/wp-json\/wp\/v2\/users\/1"}],"replies":[{"embeddable":true,"href":"https:\/\/mediaforceglobal.com\/es\/wp-json\/wp\/v2\/comments?post=31679"}],"version-history":[{"count":0,"href":"https:\/\/mediaforceglobal.com\/es\/wp-json\/wp\/v2\/posts\/31679\/revisions"}],"wp:attachment":[{"href":"https:\/\/mediaforceglobal.com\/es\/wp-json\/wp\/v2\/media?parent=31679"}],"wp:term":[{"taxonomy":"category","embeddable":true,"href":"https:\/\/mediaforceglobal.com\/es\/wp-json\/wp\/v2\/categories?post=31679"},{"taxonomy":"post_tag","embeddable":true,"href":"https:\/\/mediaforceglobal.com\/es\/wp-json\/wp\/v2\/tags?post=31679"}],"curies":[{"name":"wp","href":"https:\/\/api.w.org\/{rel}","templated":true}]}}