{"id":3670,"date":"2012-01-23T21:00:37","date_gmt":"2012-01-23T21:00:37","guid":{"rendered":"http:\/\/mediaforcecommunications.com\/?p=3670"},"modified":"2022-09-14T17:04:29","modified_gmt":"2022-09-14T21:04:29","slug":"farruko-aterriza-en-los-angeles-para-actuar-en-el-festival-urbano-calibash","status":"publish","type":"post","link":"https:\/\/mediaforceglobal.com\/es\/press-releases\/farruko-aterriza-en-los-angeles-para-actuar-en-el-festival-urbano-calibash\/","title":{"rendered":"Farruko aterriza en Los \u00c1ngeles para actuar en el festival urbano Calibash"},"content":{"rendered":"<p style=\"text-align: left;\">Farruko lleg\u00f3 por primera vez a Los \u00c1ngeles para actuar en uno de los festivales de m\u00fasica urbana m\u00e1s importantes de California, el Calibash. Su llegada es un gran triunfo profesional, ya que se presenta junto a los m\u00e1s grandes exponentes de la m\u00fasica urbana latina a nivel internacional.<\/p>\n<p style=\"text-align: left;\"><!--more--><\/p>\n<p style=\"text-align: left;\">A su corta edad, Farruko sigue rompiendo con los esquemas ya que con solo 20 a\u00f1os forma parte de un cartel de artistas en el que figuran Wisin y Yandel, Ivy Queen, Alexis y Fido, Zion y Lennox y Plan B, entre otros grandes artistas. SBS Entertainment Group productora del evento y la emisora Latino 96.3 confirmaron la gran aceptaci\u00f3n de Farruko en toda la comunidad de Los \u00c1ngeles, especialmente la mexicana, donde Farruko se ha desarrollado contundentemente.<\/p>\n<p style=\"text-align: left;\">La participaci\u00f3n de Farruko promete ser inolvidable, tanto para su p\u00fablico, como para \u00e9l mismo. &#8220;Agradezco a Dios y a la fiel fanaticada por todo lo que est\u00e1 pasando en mi carrera, y todas las experiencias vividas en el 2010 y el 2011. Ahora arrancamos con pie derecho esta segunda etapa, participando en este magno evento visitando por primera vez Los \u00c1ngeles, y de ah\u00ed seguiremos a M\u00e9xico, mi segunda casa, a cerrar mi gira del &#8220;Farruko Live Tour&#8221; en la Plaza de Toros en M\u00e9xico el 11 de febrero, y despu\u00e9s, en marzo, lanzaremos mi nuevo disco titulado TMPR &#8220;The Most Powerful Rookie&#8221;, y de ah\u00ed ya comenzamos la nueva gira mundial bajo el mismo nombre\u201d, explic\u00f3 Farruko.<\/p>","protected":false},"excerpt":{"rendered":"<p>Farruko lleg\u00f3 por primera vez a Los \u00c1ngeles para actuar en uno de los festivales de m\u00fasica urbana m\u00e1s importantes de California, el Calibash. Su llegada es un gran triunfo profesional, ya que se presenta junto a los m\u00e1s grandes exponentes de la m\u00fasica urbana latina a nivel internacional.<\/p>","protected":false},"author":1,"featured_media":0,"comment_status":"open","ping_status":"open","sticky":false,"template":"","format":"standard","meta":{"_angie_page":false,"page_builder":"","footnotes":""},"categories":[1],"tags":[3],"class_list":["post-3670","post","type-post","status-publish","format-standard","hentry","category-press-releases","tag-farruko"],"yoast_head":"<!-- This site is optimized with the Yoast SEO Premium plugin v27.5 (Yoast SEO v27.5) - https:\/\/yoast.com\/product\/yoast-seo-premium-wordpress\/ -->\n<title>Farruko aterriza en Los \u00c1ngeles para actuar en el festival urbano Calibash &#8226; Media Force Global<\/title>\n<meta name=\"robots\" content=\"index, follow, max-snippet:-1, max-image-preview:large, max-video-preview:-1\" \/>\n<link rel=\"canonical\" href=\"https:\/\/mediaforceglobal.com\/es\/press-releases\/farruko-aterriza-en-los-angeles-para-actuar-en-el-festival-urbano-calibash\/\" \/>\n<meta property=\"og:locale\" content=\"es_MX\" \/>\n<meta property=\"og:type\" content=\"article\" \/>\n<meta property=\"og:title\" content=\"Farruko aterriza en Los \u00c1ngeles para actuar en el festival urbano Calibash &#8226; Media Force Global\" \/>\n<meta property=\"og:url\" content=\"https:\/\/mediaforceglobal.com\/es\/press-releases\/farruko-aterriza-en-los-angeles-para-actuar-en-el-festival-urbano-calibash\/\" \/>\n<meta property=\"og:site_name\" content=\"Media Force Global\" \/>\n<meta property=\"article:publisher\" content=\"https:\/\/www.facebook.com\/mediaforceglobal\" \/>\n<meta property=\"article:published_time\" content=\"2012-01-23T21:00:37+00:00\" \/>\n<meta property=\"article:modified_time\" content=\"2022-09-14T21:04:29+00:00\" \/>\n<meta property=\"og:image\" content=\"https:\/\/mediaforceglobal.com\/wp-content\/uploads\/2022\/09\/2021-MFG-logo-web.jpg\" \/>\n\t<meta property=\"og:image:width\" content=\"767\" \/>\n\t<meta property=\"og:image:height\" content=\"718\" \/>\n\t<meta property=\"og:image:type\" content=\"image\/jpeg\" \/>\n<meta name=\"author\" content=\"Staff\" \/>\n<meta name=\"twitter:card\" content=\"summary_large_image\" \/>\n<meta name=\"twitter:creator\" content=\"@MFGNewsroom\" \/>\n<meta name=\"twitter:site\" content=\"@MFGNewsroom\" \/>\n<meta name=\"twitter:label1\" content=\"Escrito por\" \/>\n\t<meta name=\"twitter:data1\" content=\"Staff\" \/>\n\t<meta name=\"twitter:label2\" content=\"Tiempo de lectura\" \/>\n\t<meta name=\"twitter:data2\" content=\"1 minuto\" \/>\n<script type=\"application\/ld+json\" class=\"yoast-schema-graph\">{\"@context\":\"https:\\\/\\\/schema.org\",\"@graph\":[{\"@type\":\"Article\",\"@id\":\"https:\\\/\\\/mediaforceglobal.com\\\/press-releases\\\/farruko-aterriza-en-los-angeles-para-actuar-en-el-festival-urbano-calibash\\\/#article\",\"isPartOf\":{\"@id\":\"https:\\\/\\\/mediaforceglobal.com\\\/press-releases\\\/farruko-aterriza-en-los-angeles-para-actuar-en-el-festival-urbano-calibash\\\/\"},\"author\":{\"name\":\"Staff\",\"@id\":\"https:\\\/\\\/mediaforceglobal.com\\\/#\\\/schema\\\/person\\\/27f53727962287ebddbc752dbf219aaf\"},\"headline\":\"Farruko aterriza en Los \u00c1ngeles para actuar en el festival urbano Calibash\",\"datePublished\":\"2012-01-23T21:00:37+00:00\",\"dateModified\":\"2022-09-14T21:04:29+00:00\",\"mainEntityOfPage\":{\"@id\":\"https:\\\/\\\/mediaforceglobal.com\\\/press-releases\\\/farruko-aterriza-en-los-angeles-para-actuar-en-el-festival-urbano-calibash\\\/\"},\"wordCount\":264,\"commentCount\":0,\"publisher\":{\"@id\":\"https:\\\/\\\/mediaforceglobal.com\\\/#organization\"},\"keywords\":[\"Farruko\"],\"articleSection\":[\"Press Releases\"],\"inLanguage\":\"es\",\"potentialAction\":[{\"@type\":\"CommentAction\",\"name\":\"Comment\",\"target\":[\"https:\\\/\\\/mediaforceglobal.com\\\/press-releases\\\/farruko-aterriza-en-los-angeles-para-actuar-en-el-festival-urbano-calibash\\\/#respond\"]}]},{\"@type\":\"WebPage\",\"@id\":\"https:\\\/\\\/mediaforceglobal.com\\\/press-releases\\\/farruko-aterriza-en-los-angeles-para-actuar-en-el-festival-urbano-calibash\\\/\",\"url\":\"https:\\\/\\\/mediaforceglobal.com\\\/press-releases\\\/farruko-aterriza-en-los-angeles-para-actuar-en-el-festival-urbano-calibash\\\/\",\"name\":\"Farruko aterriza en Los \u00c1ngeles para actuar en el festival urbano Calibash &#8226; Media Force Global\",\"isPartOf\":{\"@id\":\"https:\\\/\\\/mediaforceglobal.com\\\/#website\"},\"datePublished\":\"2012-01-23T21:00:37+00:00\",\"dateModified\":\"2022-09-14T21:04:29+00:00\",\"breadcrumb\":{\"@id\":\"https:\\\/\\\/mediaforceglobal.com\\\/press-releases\\\/farruko-aterriza-en-los-angeles-para-actuar-en-el-festival-urbano-calibash\\\/#breadcrumb\"},\"inLanguage\":\"es\",\"potentialAction\":[{\"@type\":\"ReadAction\",\"target\":[\"https:\\\/\\\/mediaforceglobal.com\\\/press-releases\\\/farruko-aterriza-en-los-angeles-para-actuar-en-el-festival-urbano-calibash\\\/\"]}]},{\"@type\":\"BreadcrumbList\",\"@id\":\"https:\\\/\\\/mediaforceglobal.com\\\/press-releases\\\/farruko-aterriza-en-los-angeles-para-actuar-en-el-festival-urbano-calibash\\\/#breadcrumb\",\"itemListElement\":[{\"@type\":\"ListItem\",\"position\":1,\"name\":\"Home\",\"item\":\"https:\\\/\\\/mediaforceglobal.com\\\/\"},{\"@type\":\"ListItem\",\"position\":2,\"name\":\"Press Releases\",\"item\":\"https:\\\/\\\/mediaforceglobal.com\\\/press-releases\\\/\"},{\"@type\":\"ListItem\",\"position\":3,\"name\":\"Farruko aterriza en Los \u00c1ngeles para actuar en el festival urbano Calibash\"}]},{\"@type\":\"WebSite\",\"@id\":\"https:\\\/\\\/mediaforceglobal.com\\\/#website\",\"url\":\"https:\\\/\\\/mediaforceglobal.com\\\/\",\"name\":\"Media Force Global\",\"description\":\"Public Relations + Marketing\",\"publisher\":{\"@id\":\"https:\\\/\\\/mediaforceglobal.com\\\/#organization\"},\"alternateName\":\"Media Force Global\",\"potentialAction\":[{\"@type\":\"SearchAction\",\"target\":{\"@type\":\"EntryPoint\",\"urlTemplate\":\"https:\\\/\\\/mediaforceglobal.com\\\/?s={search_term_string}\"},\"query-input\":{\"@type\":\"PropertyValueSpecification\",\"valueRequired\":true,\"valueName\":\"search_term_string\"}}],\"inLanguage\":\"es\"},{\"@type\":\"Organization\",\"@id\":\"https:\\\/\\\/mediaforceglobal.com\\\/#organization\",\"name\":\"Media Force Global\",\"url\":\"https:\\\/\\\/mediaforceglobal.com\\\/\",\"logo\":{\"@type\":\"ImageObject\",\"inLanguage\":\"es\",\"@id\":\"https:\\\/\\\/mediaforceglobal.com\\\/#\\\/schema\\\/logo\\\/image\\\/\",\"url\":\"https:\\\/\\\/mediaforceglobal.com\\\/wp-content\\\/uploads\\\/2022\\\/09\\\/2021-MFG-logo-web.jpg\",\"contentUrl\":\"https:\\\/\\\/mediaforceglobal.com\\\/wp-content\\\/uploads\\\/2022\\\/09\\\/2021-MFG-logo-web.jpg\",\"width\":767,\"height\":718,\"caption\":\"Media Force Global\"},\"image\":{\"@id\":\"https:\\\/\\\/mediaforceglobal.com\\\/#\\\/schema\\\/logo\\\/image\\\/\"},\"sameAs\":[\"https:\\\/\\\/www.facebook.com\\\/mediaforceglobal\",\"https:\\\/\\\/x.com\\\/MFGNewsroom\",\"https:\\\/\\\/www.instagram.com\\\/mediaforceglobal\\\/\",\"https:\\\/\\\/www.linkedin.com\\\/company\\\/mediaforceglobal\"],\"description\":\"Media Force Global is an agency specializing in public relations, and brand positioning. Discover innovative PR strategies, high-impact campaigns, branding, media management, and business growth solutions\u2014all designed to maximize the visibility, reputation, and global reach of companies, celebrities, and entrepreneurs. Boost your digital presence with experts in strategic communication, storytelling, and performance marketing.\",\"email\":\"info@mediaforceglobal.com\",\"telephone\":\"+1 (786) 749-6900\",\"legalName\":\"Media Force Global & Partners LLC\",\"foundingDate\":\"2008-10-05\",\"numberOfEmployees\":{\"@type\":\"QuantitativeValue\",\"minValue\":\"1\",\"maxValue\":\"10\"}},{\"@type\":\"Person\",\"@id\":\"https:\\\/\\\/mediaforceglobal.com\\\/#\\\/schema\\\/person\\\/27f53727962287ebddbc752dbf219aaf\",\"name\":\"Staff\",\"image\":{\"@type\":\"ImageObject\",\"inLanguage\":\"es\",\"@id\":\"https:\\\/\\\/secure.gravatar.com\\\/avatar\\\/91618d41d75a4de8534513840b31d2be1c9485fb9dc8f5ffdf29c4fbf5943cb8?s=96&d=mm&r=g\",\"url\":\"https:\\\/\\\/secure.gravatar.com\\\/avatar\\\/91618d41d75a4de8534513840b31d2be1c9485fb9dc8f5ffdf29c4fbf5943cb8?s=96&d=mm&r=g\",\"contentUrl\":\"https:\\\/\\\/secure.gravatar.com\\\/avatar\\\/91618d41d75a4de8534513840b31d2be1c9485fb9dc8f5ffdf29c4fbf5943cb8?s=96&d=mm&r=g\",\"caption\":\"Staff\"},\"description\":\"President of Media Force Global + Partners with more than 15 year of experience, a Bachelor\u2019s degree in Communications (Sacred Heart University) and a Master\u2019s in Entertainment Business (Full Sail University). Mel Diaz overseas operations in the areas of Public Relations, Integrated Marketing and Artist Management &amp; Commercialization; through the years, working and implementing Public Relations strategies for Jos\u00e9 Feliciano, Farruko, Proyecto Uno to mention a few, and commercial brands such as Custo Barcelona, Miami Children's Hospital Foundation and Televisa Publishing + Digital among others.\",\"knowsLanguage\":[\"English\",\"Spanish\"],\"jobTitle\":\"President CEO\",\"worksFor\":\"Media Force Global + Partners\",\"url\":\"https:\\\/\\\/mediaforceglobal.com\\\/es\\\/author\\\/adminmfg\\\/\"}]}<\/script>\n<!-- \/ Yoast SEO Premium plugin. -->","yoast_head_json":{"title":"Farruko aterriza en Los \u00c1ngeles para actuar en el festival urbano Calibash &#8226; Media Force Global","robots":{"index":"index","follow":"follow","max-snippet":"max-snippet:-1","max-image-preview":"max-image-preview:large","max-video-preview":"max-video-preview:-1"},"canonical":"https:\/\/mediaforceglobal.com\/es\/press-releases\/farruko-aterriza-en-los-angeles-para-actuar-en-el-festival-urbano-calibash\/","og_locale":"es_MX","og_type":"article","og_title":"Farruko aterriza en Los \u00c1ngeles para actuar en el festival urbano Calibash &#8226; Media Force Global","og_url":"https:\/\/mediaforceglobal.com\/es\/press-releases\/farruko-aterriza-en-los-angeles-para-actuar-en-el-festival-urbano-calibash\/","og_site_name":"Media Force Global","article_publisher":"https:\/\/www.facebook.com\/mediaforceglobal","article_published_time":"2012-01-23T21:00:37+00:00","article_modified_time":"2022-09-14T21:04:29+00:00","og_image":[{"width":767,"height":718,"url":"https:\/\/mediaforceglobal.com\/wp-content\/uploads\/2022\/09\/2021-MFG-logo-web.jpg","type":"image\/jpeg"}],"author":"Staff","twitter_card":"summary_large_image","twitter_creator":"@MFGNewsroom","twitter_site":"@MFGNewsroom","twitter_misc":{"Escrito por":"Staff","Tiempo de lectura":"1 minuto"},"schema":{"@context":"https:\/\/schema.org","@graph":[{"@type":"Article","@id":"https:\/\/mediaforceglobal.com\/press-releases\/farruko-aterriza-en-los-angeles-para-actuar-en-el-festival-urbano-calibash\/#article","isPartOf":{"@id":"https:\/\/mediaforceglobal.com\/press-releases\/farruko-aterriza-en-los-angeles-para-actuar-en-el-festival-urbano-calibash\/"},"author":{"name":"Staff","@id":"https:\/\/mediaforceglobal.com\/#\/schema\/person\/27f53727962287ebddbc752dbf219aaf"},"headline":"Farruko aterriza en Los \u00c1ngeles para actuar en el festival urbano Calibash","datePublished":"2012-01-23T21:00:37+00:00","dateModified":"2022-09-14T21:04:29+00:00","mainEntityOfPage":{"@id":"https:\/\/mediaforceglobal.com\/press-releases\/farruko-aterriza-en-los-angeles-para-actuar-en-el-festival-urbano-calibash\/"},"wordCount":264,"commentCount":0,"publisher":{"@id":"https:\/\/mediaforceglobal.com\/#organization"},"keywords":["Farruko"],"articleSection":["Press Releases"],"inLanguage":"es","potentialAction":[{"@type":"CommentAction","name":"Comment","target":["https:\/\/mediaforceglobal.com\/press-releases\/farruko-aterriza-en-los-angeles-para-actuar-en-el-festival-urbano-calibash\/#respond"]}]},{"@type":"WebPage","@id":"https:\/\/mediaforceglobal.com\/press-releases\/farruko-aterriza-en-los-angeles-para-actuar-en-el-festival-urbano-calibash\/","url":"https:\/\/mediaforceglobal.com\/press-releases\/farruko-aterriza-en-los-angeles-para-actuar-en-el-festival-urbano-calibash\/","name":"Farruko aterriza en Los \u00c1ngeles para actuar en el festival urbano Calibash &#8226; Media Force Global","isPartOf":{"@id":"https:\/\/mediaforceglobal.com\/#website"},"datePublished":"2012-01-23T21:00:37+00:00","dateModified":"2022-09-14T21:04:29+00:00","breadcrumb":{"@id":"https:\/\/mediaforceglobal.com\/press-releases\/farruko-aterriza-en-los-angeles-para-actuar-en-el-festival-urbano-calibash\/#breadcrumb"},"inLanguage":"es","potentialAction":[{"@type":"ReadAction","target":["https:\/\/mediaforceglobal.com\/press-releases\/farruko-aterriza-en-los-angeles-para-actuar-en-el-festival-urbano-calibash\/"]}]},{"@type":"BreadcrumbList","@id":"https:\/\/mediaforceglobal.com\/press-releases\/farruko-aterriza-en-los-angeles-para-actuar-en-el-festival-urbano-calibash\/#breadcrumb","itemListElement":[{"@type":"ListItem","position":1,"name":"Home","item":"https:\/\/mediaforceglobal.com\/"},{"@type":"ListItem","position":2,"name":"Press Releases","item":"https:\/\/mediaforceglobal.com\/press-releases\/"},{"@type":"ListItem","position":3,"name":"Farruko aterriza en Los \u00c1ngeles para actuar en el festival urbano Calibash"}]},{"@type":"WebSite","@id":"https:\/\/mediaforceglobal.com\/#website","url":"https:\/\/mediaforceglobal.com\/","name":"Media Force Global","description":"Public Relations + Marketing","publisher":{"@id":"https:\/\/mediaforceglobal.com\/#organization"},"alternateName":"Media Force Global","potentialAction":[{"@type":"SearchAction","target":{"@type":"EntryPoint","urlTemplate":"https:\/\/mediaforceglobal.com\/?s={search_term_string}"},"query-input":{"@type":"PropertyValueSpecification","valueRequired":true,"valueName":"search_term_string"}}],"inLanguage":"es"},{"@type":"Organization","@id":"https:\/\/mediaforceglobal.com\/#organization","name":"Media Force Global","url":"https:\/\/mediaforceglobal.com\/","logo":{"@type":"ImageObject","inLanguage":"es","@id":"https:\/\/mediaforceglobal.com\/#\/schema\/logo\/image\/","url":"https:\/\/mediaforceglobal.com\/wp-content\/uploads\/2022\/09\/2021-MFG-logo-web.jpg","contentUrl":"https:\/\/mediaforceglobal.com\/wp-content\/uploads\/2022\/09\/2021-MFG-logo-web.jpg","width":767,"height":718,"caption":"Media Force Global"},"image":{"@id":"https:\/\/mediaforceglobal.com\/#\/schema\/logo\/image\/"},"sameAs":["https:\/\/www.facebook.com\/mediaforceglobal","https:\/\/x.com\/MFGNewsroom","https:\/\/www.instagram.com\/mediaforceglobal\/","https:\/\/www.linkedin.com\/company\/mediaforceglobal"],"description":"Media Force Global is an agency specializing in public relations, and brand positioning. Discover innovative PR strategies, high-impact campaigns, branding, media management, and business growth solutions\u2014all designed to maximize the visibility, reputation, and global reach of companies, celebrities, and entrepreneurs. Boost your digital presence with experts in strategic communication, storytelling, and performance marketing.","email":"info@mediaforceglobal.com","telephone":"+1 (786) 749-6900","legalName":"Media Force Global & Partners LLC","foundingDate":"2008-10-05","numberOfEmployees":{"@type":"QuantitativeValue","minValue":"1","maxValue":"10"}},{"@type":"Person","@id":"https:\/\/mediaforceglobal.com\/#\/schema\/person\/27f53727962287ebddbc752dbf219aaf","name":"Staff","image":{"@type":"ImageObject","inLanguage":"es","@id":"https:\/\/secure.gravatar.com\/avatar\/91618d41d75a4de8534513840b31d2be1c9485fb9dc8f5ffdf29c4fbf5943cb8?s=96&d=mm&r=g","url":"https:\/\/secure.gravatar.com\/avatar\/91618d41d75a4de8534513840b31d2be1c9485fb9dc8f5ffdf29c4fbf5943cb8?s=96&d=mm&r=g","contentUrl":"https:\/\/secure.gravatar.com\/avatar\/91618d41d75a4de8534513840b31d2be1c9485fb9dc8f5ffdf29c4fbf5943cb8?s=96&d=mm&r=g","caption":"Staff"},"description":"President of Media Force Global + Partners with more than 15 year of experience, a Bachelor\u2019s degree in Communications (Sacred Heart University) and a Master\u2019s in Entertainment Business (Full Sail University). Mel Diaz overseas operations in the areas of Public Relations, Integrated Marketing and Artist Management &amp; Commercialization; through the years, working and implementing Public Relations strategies for Jos\u00e9 Feliciano, Farruko, Proyecto Uno to mention a few, and commercial brands such as Custo Barcelona, Miami Children's Hospital Foundation and Televisa Publishing + Digital among others.","knowsLanguage":["English","Spanish"],"jobTitle":"President CEO","worksFor":"Media Force Global + Partners","url":"https:\/\/mediaforceglobal.com\/es\/author\/adminmfg\/"}]}},"_links":{"self":[{"href":"https:\/\/mediaforceglobal.com\/es\/wp-json\/wp\/v2\/posts\/3670","targetHints":{"allow":["GET"]}}],"collection":[{"href":"https:\/\/mediaforceglobal.com\/es\/wp-json\/wp\/v2\/posts"}],"about":[{"href":"https:\/\/mediaforceglobal.com\/es\/wp-json\/wp\/v2\/types\/post"}],"author":[{"embeddable":true,"href":"https:\/\/mediaforceglobal.com\/es\/wp-json\/wp\/v2\/users\/1"}],"replies":[{"embeddable":true,"href":"https:\/\/mediaforceglobal.com\/es\/wp-json\/wp\/v2\/comments?post=3670"}],"version-history":[{"count":0,"href":"https:\/\/mediaforceglobal.com\/es\/wp-json\/wp\/v2\/posts\/3670\/revisions"}],"wp:attachment":[{"href":"https:\/\/mediaforceglobal.com\/es\/wp-json\/wp\/v2\/media?parent=3670"}],"wp:term":[{"taxonomy":"category","embeddable":true,"href":"https:\/\/mediaforceglobal.com\/es\/wp-json\/wp\/v2\/categories?post=3670"},{"taxonomy":"post_tag","embeddable":true,"href":"https:\/\/mediaforceglobal.com\/es\/wp-json\/wp\/v2\/tags?post=3670"}],"curies":[{"name":"wp","href":"https:\/\/api.w.org\/{rel}","templated":true}]}}