{"id":3859,"date":"2012-02-12T06:15:54","date_gmt":"2012-02-12T06:15:54","guid":{"rendered":"http:\/\/mediaforcecommunications.com\/?p=3859"},"modified":"2022-09-14T17:04:27","modified_gmt":"2022-09-14T21:04:27","slug":"feliciano-recuerda-los-momentos-que-paso-junto-a-whitney-houston","status":"publish","type":"post","link":"https:\/\/mediaforceglobal.com\/es\/press-releases\/feliciano-recuerda-los-momentos-que-paso-junto-a-whitney-houston\/","title":{"rendered":"Feliciano recuerda los momentos que pas\u00f3 junto a Whitney Houston"},"content":{"rendered":"<p style=\"text-align: left;\">La sorpresa de la muerte de Whitney Houston tambi\u00e9n ha afectado a Jos\u00e9 Feliciano, quien tuvo la oportunidad de conocerla en las Bahamas, mientras \u00e9l actuaba en un concierto junto a Stevie Wonder.<\/p>\n<p style=\"text-align: left;\"><!--more--><\/p>\n<p style=\"text-align: left;\">\u201cEra una gran artista, me da mucha pena su muerte\u201d, asegura Feliciano. Ambos compartieron buenos momentos, \u201ctengo bonitos recuerdos con ella y su marido, era muy buena gente\u201d, explica Jos\u00e9 apenado.<\/p>\n<p style=\"text-align: left;\">Entre las actuaciones estelares de Whitney Houston, hay una que se la debemos a Jos\u00e9 Feliciano, pues \u00e9l fue el primero en arriesgarse a cantar el himno nacional con su propio estilo. Lo que en 1968 fue un hecho muy criticado, despu\u00e9s tuvo gran \u00e9xito, y desde entonces una gran estrella canta el himno a su manera, como lo hizo Whitney Houston en la Super Bowl de 1991.<\/p>","protected":false},"excerpt":{"rendered":"<p>La sorpresa de la muerte de Whitney Houston tambi\u00e9n ha afectado a Jos\u00e9 Feliciano, quien tuvo la oportunidad de conocerla en las Bahamas, mientras \u00e9l actuaba en un concierto junto a Stevie Wonder.<\/p>","protected":false},"author":1,"featured_media":0,"comment_status":"open","ping_status":"open","sticky":false,"template":"","format":"standard","meta":{"_angie_page":false,"page_builder":"","footnotes":""},"categories":[1],"tags":[4],"class_list":["post-3859","post","type-post","status-publish","format-standard","hentry","category-press-releases","tag-jose-feliciano-2"],"yoast_head":"<!-- This site is optimized with the Yoast SEO Premium plugin v27.5 (Yoast SEO v27.5) - https:\/\/yoast.com\/product\/yoast-seo-premium-wordpress\/ -->\n<title>Feliciano recuerda los momentos que pas\u00f3 junto a Whitney Houston &#8226; Media Force Global<\/title>\n<meta name=\"robots\" content=\"index, follow, max-snippet:-1, max-image-preview:large, max-video-preview:-1\" \/>\n<link rel=\"canonical\" href=\"https:\/\/mediaforceglobal.com\/es\/press-releases\/feliciano-recuerda-los-momentos-que-paso-junto-a-whitney-houston\/\" \/>\n<meta property=\"og:locale\" content=\"es_MX\" \/>\n<meta property=\"og:type\" content=\"article\" \/>\n<meta property=\"og:title\" content=\"Feliciano recuerda los momentos que pas\u00f3 junto a Whitney Houston &#8226; Media Force Global\" \/>\n<meta property=\"og:url\" content=\"https:\/\/mediaforceglobal.com\/es\/press-releases\/feliciano-recuerda-los-momentos-que-paso-junto-a-whitney-houston\/\" \/>\n<meta property=\"og:site_name\" content=\"Media Force Global\" \/>\n<meta property=\"article:publisher\" content=\"https:\/\/www.facebook.com\/mediaforceglobal\" \/>\n<meta property=\"article:published_time\" content=\"2012-02-12T06:15:54+00:00\" \/>\n<meta property=\"article:modified_time\" content=\"2022-09-14T21:04:27+00:00\" \/>\n<meta property=\"og:image\" content=\"https:\/\/mediaforceglobal.com\/wp-content\/uploads\/2022\/09\/2021-MFG-logo-web.jpg\" \/>\n\t<meta property=\"og:image:width\" content=\"767\" \/>\n\t<meta property=\"og:image:height\" content=\"718\" \/>\n\t<meta property=\"og:image:type\" content=\"image\/jpeg\" \/>\n<meta name=\"author\" content=\"Staff\" \/>\n<meta name=\"twitter:card\" content=\"summary_large_image\" \/>\n<meta name=\"twitter:creator\" content=\"@MFGNewsroom\" \/>\n<meta name=\"twitter:site\" content=\"@MFGNewsroom\" \/>\n<meta name=\"twitter:label1\" content=\"Escrito por\" \/>\n\t<meta name=\"twitter:data1\" content=\"Staff\" \/>\n\t<meta name=\"twitter:label2\" content=\"Tiempo de lectura\" \/>\n\t<meta name=\"twitter:data2\" content=\"1 minuto\" \/>\n<script type=\"application\/ld+json\" class=\"yoast-schema-graph\">{\"@context\":\"https:\\\/\\\/schema.org\",\"@graph\":[{\"@type\":\"Article\",\"@id\":\"https:\\\/\\\/mediaforceglobal.com\\\/press-releases\\\/feliciano-recuerda-los-momentos-que-paso-junto-a-whitney-houston\\\/#article\",\"isPartOf\":{\"@id\":\"https:\\\/\\\/mediaforceglobal.com\\\/press-releases\\\/feliciano-recuerda-los-momentos-que-paso-junto-a-whitney-houston\\\/\"},\"author\":{\"name\":\"Staff\",\"@id\":\"https:\\\/\\\/mediaforceglobal.com\\\/#\\\/schema\\\/person\\\/27f53727962287ebddbc752dbf219aaf\"},\"headline\":\"Feliciano recuerda los momentos que pas\u00f3 junto a Whitney Houston\",\"datePublished\":\"2012-02-12T06:15:54+00:00\",\"dateModified\":\"2022-09-14T21:04:27+00:00\",\"mainEntityOfPage\":{\"@id\":\"https:\\\/\\\/mediaforceglobal.com\\\/press-releases\\\/feliciano-recuerda-los-momentos-que-paso-junto-a-whitney-houston\\\/\"},\"wordCount\":142,\"commentCount\":0,\"publisher\":{\"@id\":\"https:\\\/\\\/mediaforceglobal.com\\\/#organization\"},\"keywords\":[\"Jose Feliciano\"],\"articleSection\":[\"Press Releases\"],\"inLanguage\":\"es\",\"potentialAction\":[{\"@type\":\"CommentAction\",\"name\":\"Comment\",\"target\":[\"https:\\\/\\\/mediaforceglobal.com\\\/press-releases\\\/feliciano-recuerda-los-momentos-que-paso-junto-a-whitney-houston\\\/#respond\"]}]},{\"@type\":\"WebPage\",\"@id\":\"https:\\\/\\\/mediaforceglobal.com\\\/press-releases\\\/feliciano-recuerda-los-momentos-que-paso-junto-a-whitney-houston\\\/\",\"url\":\"https:\\\/\\\/mediaforceglobal.com\\\/press-releases\\\/feliciano-recuerda-los-momentos-que-paso-junto-a-whitney-houston\\\/\",\"name\":\"Feliciano recuerda los momentos que pas\u00f3 junto a Whitney Houston &#8226; Media Force Global\",\"isPartOf\":{\"@id\":\"https:\\\/\\\/mediaforceglobal.com\\\/#website\"},\"datePublished\":\"2012-02-12T06:15:54+00:00\",\"dateModified\":\"2022-09-14T21:04:27+00:00\",\"breadcrumb\":{\"@id\":\"https:\\\/\\\/mediaforceglobal.com\\\/press-releases\\\/feliciano-recuerda-los-momentos-que-paso-junto-a-whitney-houston\\\/#breadcrumb\"},\"inLanguage\":\"es\",\"potentialAction\":[{\"@type\":\"ReadAction\",\"target\":[\"https:\\\/\\\/mediaforceglobal.com\\\/press-releases\\\/feliciano-recuerda-los-momentos-que-paso-junto-a-whitney-houston\\\/\"]}]},{\"@type\":\"BreadcrumbList\",\"@id\":\"https:\\\/\\\/mediaforceglobal.com\\\/press-releases\\\/feliciano-recuerda-los-momentos-que-paso-junto-a-whitney-houston\\\/#breadcrumb\",\"itemListElement\":[{\"@type\":\"ListItem\",\"position\":1,\"name\":\"Home\",\"item\":\"https:\\\/\\\/mediaforceglobal.com\\\/\"},{\"@type\":\"ListItem\",\"position\":2,\"name\":\"Press Releases\",\"item\":\"https:\\\/\\\/mediaforceglobal.com\\\/press-releases\\\/\"},{\"@type\":\"ListItem\",\"position\":3,\"name\":\"Feliciano recuerda los momentos que pas\u00f3 junto a Whitney Houston\"}]},{\"@type\":\"WebSite\",\"@id\":\"https:\\\/\\\/mediaforceglobal.com\\\/#website\",\"url\":\"https:\\\/\\\/mediaforceglobal.com\\\/\",\"name\":\"Media Force Global\",\"description\":\"Public Relations + Marketing\",\"publisher\":{\"@id\":\"https:\\\/\\\/mediaforceglobal.com\\\/#organization\"},\"alternateName\":\"Media Force Global\",\"potentialAction\":[{\"@type\":\"SearchAction\",\"target\":{\"@type\":\"EntryPoint\",\"urlTemplate\":\"https:\\\/\\\/mediaforceglobal.com\\\/?s={search_term_string}\"},\"query-input\":{\"@type\":\"PropertyValueSpecification\",\"valueRequired\":true,\"valueName\":\"search_term_string\"}}],\"inLanguage\":\"es\"},{\"@type\":\"Organization\",\"@id\":\"https:\\\/\\\/mediaforceglobal.com\\\/#organization\",\"name\":\"Media Force Global\",\"url\":\"https:\\\/\\\/mediaforceglobal.com\\\/\",\"logo\":{\"@type\":\"ImageObject\",\"inLanguage\":\"es\",\"@id\":\"https:\\\/\\\/mediaforceglobal.com\\\/#\\\/schema\\\/logo\\\/image\\\/\",\"url\":\"https:\\\/\\\/mediaforceglobal.com\\\/wp-content\\\/uploads\\\/2022\\\/09\\\/2021-MFG-logo-web.jpg\",\"contentUrl\":\"https:\\\/\\\/mediaforceglobal.com\\\/wp-content\\\/uploads\\\/2022\\\/09\\\/2021-MFG-logo-web.jpg\",\"width\":767,\"height\":718,\"caption\":\"Media Force Global\"},\"image\":{\"@id\":\"https:\\\/\\\/mediaforceglobal.com\\\/#\\\/schema\\\/logo\\\/image\\\/\"},\"sameAs\":[\"https:\\\/\\\/www.facebook.com\\\/mediaforceglobal\",\"https:\\\/\\\/x.com\\\/MFGNewsroom\",\"https:\\\/\\\/www.instagram.com\\\/mediaforceglobal\\\/\",\"https:\\\/\\\/www.linkedin.com\\\/company\\\/mediaforceglobal\"],\"description\":\"Media Force Global is an agency specializing in public relations, and brand positioning. Discover innovative PR strategies, high-impact campaigns, branding, media management, and business growth solutions\u2014all designed to maximize the visibility, reputation, and global reach of companies, celebrities, and entrepreneurs. Boost your digital presence with experts in strategic communication, storytelling, and performance marketing.\",\"email\":\"info@mediaforceglobal.com\",\"telephone\":\"+1 (786) 749-6900\",\"legalName\":\"Media Force Global & Partners LLC\",\"foundingDate\":\"2008-10-05\",\"numberOfEmployees\":{\"@type\":\"QuantitativeValue\",\"minValue\":\"1\",\"maxValue\":\"10\"}},{\"@type\":\"Person\",\"@id\":\"https:\\\/\\\/mediaforceglobal.com\\\/#\\\/schema\\\/person\\\/27f53727962287ebddbc752dbf219aaf\",\"name\":\"Staff\",\"image\":{\"@type\":\"ImageObject\",\"inLanguage\":\"es\",\"@id\":\"https:\\\/\\\/secure.gravatar.com\\\/avatar\\\/91618d41d75a4de8534513840b31d2be1c9485fb9dc8f5ffdf29c4fbf5943cb8?s=96&d=mm&r=g\",\"url\":\"https:\\\/\\\/secure.gravatar.com\\\/avatar\\\/91618d41d75a4de8534513840b31d2be1c9485fb9dc8f5ffdf29c4fbf5943cb8?s=96&d=mm&r=g\",\"contentUrl\":\"https:\\\/\\\/secure.gravatar.com\\\/avatar\\\/91618d41d75a4de8534513840b31d2be1c9485fb9dc8f5ffdf29c4fbf5943cb8?s=96&d=mm&r=g\",\"caption\":\"Staff\"},\"description\":\"President of Media Force Global + Partners with more than 15 year of experience, a Bachelor\u2019s degree in Communications (Sacred Heart University) and a Master\u2019s in Entertainment Business (Full Sail University). Mel Diaz overseas operations in the areas of Public Relations, Integrated Marketing and Artist Management &amp; Commercialization; through the years, working and implementing Public Relations strategies for Jos\u00e9 Feliciano, Farruko, Proyecto Uno to mention a few, and commercial brands such as Custo Barcelona, Miami Children's Hospital Foundation and Televisa Publishing + Digital among others.\",\"knowsLanguage\":[\"English\",\"Spanish\"],\"jobTitle\":\"President CEO\",\"worksFor\":\"Media Force Global + Partners\",\"url\":\"https:\\\/\\\/mediaforceglobal.com\\\/es\\\/author\\\/adminmfg\\\/\"}]}<\/script>\n<!-- \/ Yoast SEO Premium plugin. -->","yoast_head_json":{"title":"Feliciano recuerda los momentos que pas\u00f3 junto a Whitney Houston &#8226; Media Force Global","robots":{"index":"index","follow":"follow","max-snippet":"max-snippet:-1","max-image-preview":"max-image-preview:large","max-video-preview":"max-video-preview:-1"},"canonical":"https:\/\/mediaforceglobal.com\/es\/press-releases\/feliciano-recuerda-los-momentos-que-paso-junto-a-whitney-houston\/","og_locale":"es_MX","og_type":"article","og_title":"Feliciano recuerda los momentos que pas\u00f3 junto a Whitney Houston &#8226; Media Force Global","og_url":"https:\/\/mediaforceglobal.com\/es\/press-releases\/feliciano-recuerda-los-momentos-que-paso-junto-a-whitney-houston\/","og_site_name":"Media Force Global","article_publisher":"https:\/\/www.facebook.com\/mediaforceglobal","article_published_time":"2012-02-12T06:15:54+00:00","article_modified_time":"2022-09-14T21:04:27+00:00","og_image":[{"width":767,"height":718,"url":"https:\/\/mediaforceglobal.com\/wp-content\/uploads\/2022\/09\/2021-MFG-logo-web.jpg","type":"image\/jpeg"}],"author":"Staff","twitter_card":"summary_large_image","twitter_creator":"@MFGNewsroom","twitter_site":"@MFGNewsroom","twitter_misc":{"Escrito por":"Staff","Tiempo de lectura":"1 minuto"},"schema":{"@context":"https:\/\/schema.org","@graph":[{"@type":"Article","@id":"https:\/\/mediaforceglobal.com\/press-releases\/feliciano-recuerda-los-momentos-que-paso-junto-a-whitney-houston\/#article","isPartOf":{"@id":"https:\/\/mediaforceglobal.com\/press-releases\/feliciano-recuerda-los-momentos-que-paso-junto-a-whitney-houston\/"},"author":{"name":"Staff","@id":"https:\/\/mediaforceglobal.com\/#\/schema\/person\/27f53727962287ebddbc752dbf219aaf"},"headline":"Feliciano recuerda los momentos que pas\u00f3 junto a Whitney Houston","datePublished":"2012-02-12T06:15:54+00:00","dateModified":"2022-09-14T21:04:27+00:00","mainEntityOfPage":{"@id":"https:\/\/mediaforceglobal.com\/press-releases\/feliciano-recuerda-los-momentos-que-paso-junto-a-whitney-houston\/"},"wordCount":142,"commentCount":0,"publisher":{"@id":"https:\/\/mediaforceglobal.com\/#organization"},"keywords":["Jose Feliciano"],"articleSection":["Press Releases"],"inLanguage":"es","potentialAction":[{"@type":"CommentAction","name":"Comment","target":["https:\/\/mediaforceglobal.com\/press-releases\/feliciano-recuerda-los-momentos-que-paso-junto-a-whitney-houston\/#respond"]}]},{"@type":"WebPage","@id":"https:\/\/mediaforceglobal.com\/press-releases\/feliciano-recuerda-los-momentos-que-paso-junto-a-whitney-houston\/","url":"https:\/\/mediaforceglobal.com\/press-releases\/feliciano-recuerda-los-momentos-que-paso-junto-a-whitney-houston\/","name":"Feliciano recuerda los momentos que pas\u00f3 junto a Whitney Houston &#8226; Media Force Global","isPartOf":{"@id":"https:\/\/mediaforceglobal.com\/#website"},"datePublished":"2012-02-12T06:15:54+00:00","dateModified":"2022-09-14T21:04:27+00:00","breadcrumb":{"@id":"https:\/\/mediaforceglobal.com\/press-releases\/feliciano-recuerda-los-momentos-que-paso-junto-a-whitney-houston\/#breadcrumb"},"inLanguage":"es","potentialAction":[{"@type":"ReadAction","target":["https:\/\/mediaforceglobal.com\/press-releases\/feliciano-recuerda-los-momentos-que-paso-junto-a-whitney-houston\/"]}]},{"@type":"BreadcrumbList","@id":"https:\/\/mediaforceglobal.com\/press-releases\/feliciano-recuerda-los-momentos-que-paso-junto-a-whitney-houston\/#breadcrumb","itemListElement":[{"@type":"ListItem","position":1,"name":"Home","item":"https:\/\/mediaforceglobal.com\/"},{"@type":"ListItem","position":2,"name":"Press Releases","item":"https:\/\/mediaforceglobal.com\/press-releases\/"},{"@type":"ListItem","position":3,"name":"Feliciano recuerda los momentos que pas\u00f3 junto a Whitney Houston"}]},{"@type":"WebSite","@id":"https:\/\/mediaforceglobal.com\/#website","url":"https:\/\/mediaforceglobal.com\/","name":"Media Force Global","description":"Public Relations + Marketing","publisher":{"@id":"https:\/\/mediaforceglobal.com\/#organization"},"alternateName":"Media Force Global","potentialAction":[{"@type":"SearchAction","target":{"@type":"EntryPoint","urlTemplate":"https:\/\/mediaforceglobal.com\/?s={search_term_string}"},"query-input":{"@type":"PropertyValueSpecification","valueRequired":true,"valueName":"search_term_string"}}],"inLanguage":"es"},{"@type":"Organization","@id":"https:\/\/mediaforceglobal.com\/#organization","name":"Media Force Global","url":"https:\/\/mediaforceglobal.com\/","logo":{"@type":"ImageObject","inLanguage":"es","@id":"https:\/\/mediaforceglobal.com\/#\/schema\/logo\/image\/","url":"https:\/\/mediaforceglobal.com\/wp-content\/uploads\/2022\/09\/2021-MFG-logo-web.jpg","contentUrl":"https:\/\/mediaforceglobal.com\/wp-content\/uploads\/2022\/09\/2021-MFG-logo-web.jpg","width":767,"height":718,"caption":"Media Force Global"},"image":{"@id":"https:\/\/mediaforceglobal.com\/#\/schema\/logo\/image\/"},"sameAs":["https:\/\/www.facebook.com\/mediaforceglobal","https:\/\/x.com\/MFGNewsroom","https:\/\/www.instagram.com\/mediaforceglobal\/","https:\/\/www.linkedin.com\/company\/mediaforceglobal"],"description":"Media Force Global is an agency specializing in public relations, and brand positioning. Discover innovative PR strategies, high-impact campaigns, branding, media management, and business growth solutions\u2014all designed to maximize the visibility, reputation, and global reach of companies, celebrities, and entrepreneurs. Boost your digital presence with experts in strategic communication, storytelling, and performance marketing.","email":"info@mediaforceglobal.com","telephone":"+1 (786) 749-6900","legalName":"Media Force Global & Partners LLC","foundingDate":"2008-10-05","numberOfEmployees":{"@type":"QuantitativeValue","minValue":"1","maxValue":"10"}},{"@type":"Person","@id":"https:\/\/mediaforceglobal.com\/#\/schema\/person\/27f53727962287ebddbc752dbf219aaf","name":"Staff","image":{"@type":"ImageObject","inLanguage":"es","@id":"https:\/\/secure.gravatar.com\/avatar\/91618d41d75a4de8534513840b31d2be1c9485fb9dc8f5ffdf29c4fbf5943cb8?s=96&d=mm&r=g","url":"https:\/\/secure.gravatar.com\/avatar\/91618d41d75a4de8534513840b31d2be1c9485fb9dc8f5ffdf29c4fbf5943cb8?s=96&d=mm&r=g","contentUrl":"https:\/\/secure.gravatar.com\/avatar\/91618d41d75a4de8534513840b31d2be1c9485fb9dc8f5ffdf29c4fbf5943cb8?s=96&d=mm&r=g","caption":"Staff"},"description":"President of Media Force Global + Partners with more than 15 year of experience, a Bachelor\u2019s degree in Communications (Sacred Heart University) and a Master\u2019s in Entertainment Business (Full Sail University). Mel Diaz overseas operations in the areas of Public Relations, Integrated Marketing and Artist Management &amp; Commercialization; through the years, working and implementing Public Relations strategies for Jos\u00e9 Feliciano, Farruko, Proyecto Uno to mention a few, and commercial brands such as Custo Barcelona, Miami Children's Hospital Foundation and Televisa Publishing + Digital among others.","knowsLanguage":["English","Spanish"],"jobTitle":"President CEO","worksFor":"Media Force Global + Partners","url":"https:\/\/mediaforceglobal.com\/es\/author\/adminmfg\/"}]}},"_links":{"self":[{"href":"https:\/\/mediaforceglobal.com\/es\/wp-json\/wp\/v2\/posts\/3859","targetHints":{"allow":["GET"]}}],"collection":[{"href":"https:\/\/mediaforceglobal.com\/es\/wp-json\/wp\/v2\/posts"}],"about":[{"href":"https:\/\/mediaforceglobal.com\/es\/wp-json\/wp\/v2\/types\/post"}],"author":[{"embeddable":true,"href":"https:\/\/mediaforceglobal.com\/es\/wp-json\/wp\/v2\/users\/1"}],"replies":[{"embeddable":true,"href":"https:\/\/mediaforceglobal.com\/es\/wp-json\/wp\/v2\/comments?post=3859"}],"version-history":[{"count":0,"href":"https:\/\/mediaforceglobal.com\/es\/wp-json\/wp\/v2\/posts\/3859\/revisions"}],"wp:attachment":[{"href":"https:\/\/mediaforceglobal.com\/es\/wp-json\/wp\/v2\/media?parent=3859"}],"wp:term":[{"taxonomy":"category","embeddable":true,"href":"https:\/\/mediaforceglobal.com\/es\/wp-json\/wp\/v2\/categories?post=3859"},{"taxonomy":"post_tag","embeddable":true,"href":"https:\/\/mediaforceglobal.com\/es\/wp-json\/wp\/v2\/tags?post=3859"}],"curies":[{"name":"wp","href":"https:\/\/api.w.org\/{rel}","templated":true}]}}