{"id":451,"date":"2011-03-11T19:43:26","date_gmt":"2011-03-12T00:43:26","guid":{"rendered":"http:\/\/mediaforceus.wordpress.com\/?p=97"},"modified":"2022-09-14T17:04:51","modified_gmt":"2022-09-14T21:04:51","slug":"la-chef-jackie-tambien-celebro-la-nueva-etapa-del-programa-levantate-de-telemundo","status":"publish","type":"post","link":"https:\/\/mediaforceglobal.com\/es\/press-releases\/la-chef-jackie-tambien-celebro-la-nueva-etapa-del-programa-levantate-de-telemundo\/","title":{"rendered":"La Chef Jackie tambi\u00e9n celebr\u00f3 la nueva etapa del programa Lev\u00e1ntate de Telemundo"},"content":{"rendered":"<p>Recientemente Jackeline Salas, mejor conocida por el p\u00fablico como Chef Jackie, tuvo la oportunidad de desayunar y compartir con el equipo de trabajo ma\u00f1anero de Lev\u00e1ntate, programa transmitido nacionalmente por la cadena Telemundo. Aqu\u00ed celebr\u00f3 junto a Omar Germenos, Rachel D\u00edaz, Azucena Cierco y Daniel Sarcos la nueva etapa de dicho programa.<\/p>\n<p><!--more--><\/p>\n<p>En esta ocasi\u00f3n, la Chef Jackie obsequia a la producci\u00f3n algo que es m\u00e1s que un \u201cexpertise\u201d para ella, la confecci\u00f3n de un bizcocho de cuatro niveles aleg\u00f3rico al programa. El pastel confeccionado en dos d\u00edas, fue dise\u00f1ado e inspirado en lo que seria para cualquiera de nosotros, una rutina diaria tan importante como lo es el desayuno. El proyecto estaba compuesto por una taza de capuchino, unos deliciosos panqueques con tres tocinos, y el mismo estaba compuesto completamente en az\u00facar, delicadamente acentuando los detalles que hacen de esta creaci\u00f3n una dulce tentaci\u00f3n.<\/p>\n<p>\u201cSolo faltar\u00eda explicar el ingrediente m\u00e1s importante y que nunca falta en mis platillos; el amor y la dedicaci\u00f3n que me inspiran a traerles siempre lo mejor\u201d, a\u00f1adi\u00f3 Jackie.<\/p>\n<p>Jackie, quien todos los a\u00f1os ha participado en eventos ben\u00e9ficos importantes tales como: Miami Children Hospital, American Nicaraguan Foundation y hasta no ben\u00e9ficos como el famoso evento de yates del Sunset Harbour Yach Club, explica su convicci\u00f3n de cooperar en varias actividades. \u201cMe encanta participar y deleitar a mis seguidores, luciendo siempre unos de mis bizcochos en donde donamos nuestro tiempo y depositamos todo el coraz\u00f3n\u201d, explic\u00f3 Jackie.<\/p>\n<p>Actualmente, la Chef Jackie junto a su manejador Peter Robles, se encuentran analizando ofertas para futuros proyectos televisivos. Esperamos pronto ver a Jackie en la pantalla chica, interactuando con el p\u00fablico y compartiendo sus deliciosas recetas.<\/p>","protected":false},"excerpt":{"rendered":"<p>Recientemente Jackeline Salas, mejor conocida por el p\u00fablico como Chef Jackie, tuvo la oportunidad de desayunar y compartir con el equipo de trabajo ma\u00f1anero de Lev\u00e1ntate, programa transmitido nacionalmente por la cadena Telemundo. Aqu\u00ed celebr\u00f3 junto a Omar Germenos, Rachel D\u00edaz, Azucena Cierco y Daniel Sarcos la nueva etapa de dicho programa.<\/p>","protected":false},"author":1,"featured_media":0,"comment_status":"open","ping_status":"open","sticky":false,"template":"","format":"standard","meta":{"_angie_page":false,"page_builder":"","footnotes":""},"categories":[1],"tags":[45],"class_list":["post-451","post","type-post","status-publish","format-standard","hentry","category-press-releases","tag-jackie-salas"],"yoast_head":"<!-- This site is optimized with the Yoast SEO Premium plugin v27.5 (Yoast SEO v27.5) - https:\/\/yoast.com\/product\/yoast-seo-premium-wordpress\/ -->\n<title>La Chef Jackie tambi\u00e9n celebr\u00f3 la nueva etapa del programa Lev\u00e1ntate de Telemundo &#8226; Media Force Global<\/title>\n<meta name=\"robots\" content=\"index, follow, max-snippet:-1, max-image-preview:large, max-video-preview:-1\" \/>\n<link rel=\"canonical\" href=\"https:\/\/mediaforceglobal.com\/es\/press-releases\/la-chef-jackie-tambien-celebro-la-nueva-etapa-del-programa-levantate-de-telemundo\/\" \/>\n<meta property=\"og:locale\" content=\"es_MX\" \/>\n<meta property=\"og:type\" content=\"article\" \/>\n<meta property=\"og:title\" content=\"La Chef Jackie tambi\u00e9n celebr\u00f3 la nueva etapa del programa Lev\u00e1ntate de Telemundo &#8226; Media Force Global\" \/>\n<meta property=\"og:url\" content=\"https:\/\/mediaforceglobal.com\/es\/press-releases\/la-chef-jackie-tambien-celebro-la-nueva-etapa-del-programa-levantate-de-telemundo\/\" \/>\n<meta property=\"og:site_name\" content=\"Media Force Global\" \/>\n<meta property=\"article:publisher\" content=\"https:\/\/www.facebook.com\/mediaforceglobal\" \/>\n<meta property=\"article:published_time\" content=\"2011-03-12T00:43:26+00:00\" \/>\n<meta property=\"article:modified_time\" content=\"2022-09-14T21:04:51+00:00\" \/>\n<meta property=\"og:image\" content=\"https:\/\/mediaforceglobal.com\/wp-content\/uploads\/2022\/09\/2021-MFG-logo-web.jpg\" \/>\n\t<meta property=\"og:image:width\" content=\"767\" \/>\n\t<meta property=\"og:image:height\" content=\"718\" \/>\n\t<meta property=\"og:image:type\" content=\"image\/jpeg\" \/>\n<meta name=\"author\" content=\"Staff\" \/>\n<meta name=\"twitter:card\" content=\"summary_large_image\" \/>\n<meta name=\"twitter:creator\" content=\"@MFGNewsroom\" \/>\n<meta name=\"twitter:site\" content=\"@MFGNewsroom\" \/>\n<meta name=\"twitter:label1\" content=\"Escrito por\" \/>\n\t<meta name=\"twitter:data1\" content=\"Staff\" \/>\n\t<meta name=\"twitter:label2\" content=\"Tiempo de lectura\" \/>\n\t<meta name=\"twitter:data2\" content=\"2 minutos\" \/>\n<script type=\"application\/ld+json\" class=\"yoast-schema-graph\">{\"@context\":\"https:\\\/\\\/schema.org\",\"@graph\":[{\"@type\":\"Article\",\"@id\":\"https:\\\/\\\/mediaforceglobal.com\\\/press-releases\\\/la-chef-jackie-tambien-celebro-la-nueva-etapa-del-programa-levantate-de-telemundo\\\/#article\",\"isPartOf\":{\"@id\":\"https:\\\/\\\/mediaforceglobal.com\\\/press-releases\\\/la-chef-jackie-tambien-celebro-la-nueva-etapa-del-programa-levantate-de-telemundo\\\/\"},\"author\":{\"name\":\"Staff\",\"@id\":\"https:\\\/\\\/mediaforceglobal.com\\\/#\\\/schema\\\/person\\\/27f53727962287ebddbc752dbf219aaf\"},\"headline\":\"La Chef Jackie tambi\u00e9n celebr\u00f3 la nueva etapa del programa Lev\u00e1ntate de Telemundo\",\"datePublished\":\"2011-03-12T00:43:26+00:00\",\"dateModified\":\"2022-09-14T21:04:51+00:00\",\"mainEntityOfPage\":{\"@id\":\"https:\\\/\\\/mediaforceglobal.com\\\/press-releases\\\/la-chef-jackie-tambien-celebro-la-nueva-etapa-del-programa-levantate-de-telemundo\\\/\"},\"wordCount\":317,\"commentCount\":0,\"publisher\":{\"@id\":\"https:\\\/\\\/mediaforceglobal.com\\\/#organization\"},\"keywords\":[\"Jackie Salas\"],\"articleSection\":[\"Press Releases\"],\"inLanguage\":\"es\",\"potentialAction\":[{\"@type\":\"CommentAction\",\"name\":\"Comment\",\"target\":[\"https:\\\/\\\/mediaforceglobal.com\\\/press-releases\\\/la-chef-jackie-tambien-celebro-la-nueva-etapa-del-programa-levantate-de-telemundo\\\/#respond\"]}]},{\"@type\":\"WebPage\",\"@id\":\"https:\\\/\\\/mediaforceglobal.com\\\/press-releases\\\/la-chef-jackie-tambien-celebro-la-nueva-etapa-del-programa-levantate-de-telemundo\\\/\",\"url\":\"https:\\\/\\\/mediaforceglobal.com\\\/press-releases\\\/la-chef-jackie-tambien-celebro-la-nueva-etapa-del-programa-levantate-de-telemundo\\\/\",\"name\":\"La Chef Jackie tambi\u00e9n celebr\u00f3 la nueva etapa del programa Lev\u00e1ntate de Telemundo &#8226; Media Force Global\",\"isPartOf\":{\"@id\":\"https:\\\/\\\/mediaforceglobal.com\\\/#website\"},\"datePublished\":\"2011-03-12T00:43:26+00:00\",\"dateModified\":\"2022-09-14T21:04:51+00:00\",\"breadcrumb\":{\"@id\":\"https:\\\/\\\/mediaforceglobal.com\\\/press-releases\\\/la-chef-jackie-tambien-celebro-la-nueva-etapa-del-programa-levantate-de-telemundo\\\/#breadcrumb\"},\"inLanguage\":\"es\",\"potentialAction\":[{\"@type\":\"ReadAction\",\"target\":[\"https:\\\/\\\/mediaforceglobal.com\\\/press-releases\\\/la-chef-jackie-tambien-celebro-la-nueva-etapa-del-programa-levantate-de-telemundo\\\/\"]}]},{\"@type\":\"BreadcrumbList\",\"@id\":\"https:\\\/\\\/mediaforceglobal.com\\\/press-releases\\\/la-chef-jackie-tambien-celebro-la-nueva-etapa-del-programa-levantate-de-telemundo\\\/#breadcrumb\",\"itemListElement\":[{\"@type\":\"ListItem\",\"position\":1,\"name\":\"Home\",\"item\":\"https:\\\/\\\/mediaforceglobal.com\\\/\"},{\"@type\":\"ListItem\",\"position\":2,\"name\":\"Press Releases\",\"item\":\"https:\\\/\\\/mediaforceglobal.com\\\/press-releases\\\/\"},{\"@type\":\"ListItem\",\"position\":3,\"name\":\"La Chef Jackie tambi\u00e9n celebr\u00f3 la nueva etapa del programa Lev\u00e1ntate de Telemundo\"}]},{\"@type\":\"WebSite\",\"@id\":\"https:\\\/\\\/mediaforceglobal.com\\\/#website\",\"url\":\"https:\\\/\\\/mediaforceglobal.com\\\/\",\"name\":\"Media Force Global\",\"description\":\"Public Relations + Marketing\",\"publisher\":{\"@id\":\"https:\\\/\\\/mediaforceglobal.com\\\/#organization\"},\"alternateName\":\"Media Force Global\",\"potentialAction\":[{\"@type\":\"SearchAction\",\"target\":{\"@type\":\"EntryPoint\",\"urlTemplate\":\"https:\\\/\\\/mediaforceglobal.com\\\/?s={search_term_string}\"},\"query-input\":{\"@type\":\"PropertyValueSpecification\",\"valueRequired\":true,\"valueName\":\"search_term_string\"}}],\"inLanguage\":\"es\"},{\"@type\":\"Organization\",\"@id\":\"https:\\\/\\\/mediaforceglobal.com\\\/#organization\",\"name\":\"Media Force Global\",\"url\":\"https:\\\/\\\/mediaforceglobal.com\\\/\",\"logo\":{\"@type\":\"ImageObject\",\"inLanguage\":\"es\",\"@id\":\"https:\\\/\\\/mediaforceglobal.com\\\/#\\\/schema\\\/logo\\\/image\\\/\",\"url\":\"https:\\\/\\\/mediaforceglobal.com\\\/wp-content\\\/uploads\\\/2022\\\/09\\\/2021-MFG-logo-web.jpg\",\"contentUrl\":\"https:\\\/\\\/mediaforceglobal.com\\\/wp-content\\\/uploads\\\/2022\\\/09\\\/2021-MFG-logo-web.jpg\",\"width\":767,\"height\":718,\"caption\":\"Media Force Global\"},\"image\":{\"@id\":\"https:\\\/\\\/mediaforceglobal.com\\\/#\\\/schema\\\/logo\\\/image\\\/\"},\"sameAs\":[\"https:\\\/\\\/www.facebook.com\\\/mediaforceglobal\",\"https:\\\/\\\/x.com\\\/MFGNewsroom\",\"https:\\\/\\\/www.instagram.com\\\/mediaforceglobal\\\/\",\"https:\\\/\\\/www.linkedin.com\\\/company\\\/mediaforceglobal\"],\"description\":\"Media Force Global is an agency specializing in public relations, and brand positioning. Discover innovative PR strategies, high-impact campaigns, branding, media management, and business growth solutions\u2014all designed to maximize the visibility, reputation, and global reach of companies, celebrities, and entrepreneurs. Boost your digital presence with experts in strategic communication, storytelling, and performance marketing.\",\"email\":\"info@mediaforceglobal.com\",\"telephone\":\"+1 (786) 749-6900\",\"legalName\":\"Media Force Global & Partners LLC\",\"foundingDate\":\"2008-10-05\",\"numberOfEmployees\":{\"@type\":\"QuantitativeValue\",\"minValue\":\"1\",\"maxValue\":\"10\"}},{\"@type\":\"Person\",\"@id\":\"https:\\\/\\\/mediaforceglobal.com\\\/#\\\/schema\\\/person\\\/27f53727962287ebddbc752dbf219aaf\",\"name\":\"Staff\",\"image\":{\"@type\":\"ImageObject\",\"inLanguage\":\"es\",\"@id\":\"https:\\\/\\\/secure.gravatar.com\\\/avatar\\\/91618d41d75a4de8534513840b31d2be1c9485fb9dc8f5ffdf29c4fbf5943cb8?s=96&d=mm&r=g\",\"url\":\"https:\\\/\\\/secure.gravatar.com\\\/avatar\\\/91618d41d75a4de8534513840b31d2be1c9485fb9dc8f5ffdf29c4fbf5943cb8?s=96&d=mm&r=g\",\"contentUrl\":\"https:\\\/\\\/secure.gravatar.com\\\/avatar\\\/91618d41d75a4de8534513840b31d2be1c9485fb9dc8f5ffdf29c4fbf5943cb8?s=96&d=mm&r=g\",\"caption\":\"Staff\"},\"description\":\"President of Media Force Global + Partners with more than 15 year of experience, a Bachelor\u2019s degree in Communications (Sacred Heart University) and a Master\u2019s in Entertainment Business (Full Sail University). Mel Diaz overseas operations in the areas of Public Relations, Integrated Marketing and Artist Management &amp; Commercialization; through the years, working and implementing Public Relations strategies for Jos\u00e9 Feliciano, Farruko, Proyecto Uno to mention a few, and commercial brands such as Custo Barcelona, Miami Children's Hospital Foundation and Televisa Publishing + Digital among others.\",\"knowsLanguage\":[\"English\",\"Spanish\"],\"jobTitle\":\"President CEO\",\"worksFor\":\"Media Force Global + Partners\",\"url\":\"https:\\\/\\\/mediaforceglobal.com\\\/es\\\/author\\\/adminmfg\\\/\"}]}<\/script>\n<!-- \/ Yoast SEO Premium plugin. -->","yoast_head_json":{"title":"La Chef Jackie tambi\u00e9n celebr\u00f3 la nueva etapa del programa Lev\u00e1ntate de Telemundo &#8226; Media Force Global","robots":{"index":"index","follow":"follow","max-snippet":"max-snippet:-1","max-image-preview":"max-image-preview:large","max-video-preview":"max-video-preview:-1"},"canonical":"https:\/\/mediaforceglobal.com\/es\/press-releases\/la-chef-jackie-tambien-celebro-la-nueva-etapa-del-programa-levantate-de-telemundo\/","og_locale":"es_MX","og_type":"article","og_title":"La Chef Jackie tambi\u00e9n celebr\u00f3 la nueva etapa del programa Lev\u00e1ntate de Telemundo &#8226; Media Force Global","og_url":"https:\/\/mediaforceglobal.com\/es\/press-releases\/la-chef-jackie-tambien-celebro-la-nueva-etapa-del-programa-levantate-de-telemundo\/","og_site_name":"Media Force Global","article_publisher":"https:\/\/www.facebook.com\/mediaforceglobal","article_published_time":"2011-03-12T00:43:26+00:00","article_modified_time":"2022-09-14T21:04:51+00:00","og_image":[{"width":767,"height":718,"url":"https:\/\/mediaforceglobal.com\/wp-content\/uploads\/2022\/09\/2021-MFG-logo-web.jpg","type":"image\/jpeg"}],"author":"Staff","twitter_card":"summary_large_image","twitter_creator":"@MFGNewsroom","twitter_site":"@MFGNewsroom","twitter_misc":{"Escrito por":"Staff","Tiempo de lectura":"2 minutos"},"schema":{"@context":"https:\/\/schema.org","@graph":[{"@type":"Article","@id":"https:\/\/mediaforceglobal.com\/press-releases\/la-chef-jackie-tambien-celebro-la-nueva-etapa-del-programa-levantate-de-telemundo\/#article","isPartOf":{"@id":"https:\/\/mediaforceglobal.com\/press-releases\/la-chef-jackie-tambien-celebro-la-nueva-etapa-del-programa-levantate-de-telemundo\/"},"author":{"name":"Staff","@id":"https:\/\/mediaforceglobal.com\/#\/schema\/person\/27f53727962287ebddbc752dbf219aaf"},"headline":"La Chef Jackie tambi\u00e9n celebr\u00f3 la nueva etapa del programa Lev\u00e1ntate de Telemundo","datePublished":"2011-03-12T00:43:26+00:00","dateModified":"2022-09-14T21:04:51+00:00","mainEntityOfPage":{"@id":"https:\/\/mediaforceglobal.com\/press-releases\/la-chef-jackie-tambien-celebro-la-nueva-etapa-del-programa-levantate-de-telemundo\/"},"wordCount":317,"commentCount":0,"publisher":{"@id":"https:\/\/mediaforceglobal.com\/#organization"},"keywords":["Jackie Salas"],"articleSection":["Press Releases"],"inLanguage":"es","potentialAction":[{"@type":"CommentAction","name":"Comment","target":["https:\/\/mediaforceglobal.com\/press-releases\/la-chef-jackie-tambien-celebro-la-nueva-etapa-del-programa-levantate-de-telemundo\/#respond"]}]},{"@type":"WebPage","@id":"https:\/\/mediaforceglobal.com\/press-releases\/la-chef-jackie-tambien-celebro-la-nueva-etapa-del-programa-levantate-de-telemundo\/","url":"https:\/\/mediaforceglobal.com\/press-releases\/la-chef-jackie-tambien-celebro-la-nueva-etapa-del-programa-levantate-de-telemundo\/","name":"La Chef Jackie tambi\u00e9n celebr\u00f3 la nueva etapa del programa Lev\u00e1ntate de Telemundo &#8226; Media Force Global","isPartOf":{"@id":"https:\/\/mediaforceglobal.com\/#website"},"datePublished":"2011-03-12T00:43:26+00:00","dateModified":"2022-09-14T21:04:51+00:00","breadcrumb":{"@id":"https:\/\/mediaforceglobal.com\/press-releases\/la-chef-jackie-tambien-celebro-la-nueva-etapa-del-programa-levantate-de-telemundo\/#breadcrumb"},"inLanguage":"es","potentialAction":[{"@type":"ReadAction","target":["https:\/\/mediaforceglobal.com\/press-releases\/la-chef-jackie-tambien-celebro-la-nueva-etapa-del-programa-levantate-de-telemundo\/"]}]},{"@type":"BreadcrumbList","@id":"https:\/\/mediaforceglobal.com\/press-releases\/la-chef-jackie-tambien-celebro-la-nueva-etapa-del-programa-levantate-de-telemundo\/#breadcrumb","itemListElement":[{"@type":"ListItem","position":1,"name":"Home","item":"https:\/\/mediaforceglobal.com\/"},{"@type":"ListItem","position":2,"name":"Press Releases","item":"https:\/\/mediaforceglobal.com\/press-releases\/"},{"@type":"ListItem","position":3,"name":"La Chef Jackie tambi\u00e9n celebr\u00f3 la nueva etapa del programa Lev\u00e1ntate de Telemundo"}]},{"@type":"WebSite","@id":"https:\/\/mediaforceglobal.com\/#website","url":"https:\/\/mediaforceglobal.com\/","name":"Media Force Global","description":"Public Relations + Marketing","publisher":{"@id":"https:\/\/mediaforceglobal.com\/#organization"},"alternateName":"Media Force Global","potentialAction":[{"@type":"SearchAction","target":{"@type":"EntryPoint","urlTemplate":"https:\/\/mediaforceglobal.com\/?s={search_term_string}"},"query-input":{"@type":"PropertyValueSpecification","valueRequired":true,"valueName":"search_term_string"}}],"inLanguage":"es"},{"@type":"Organization","@id":"https:\/\/mediaforceglobal.com\/#organization","name":"Media Force Global","url":"https:\/\/mediaforceglobal.com\/","logo":{"@type":"ImageObject","inLanguage":"es","@id":"https:\/\/mediaforceglobal.com\/#\/schema\/logo\/image\/","url":"https:\/\/mediaforceglobal.com\/wp-content\/uploads\/2022\/09\/2021-MFG-logo-web.jpg","contentUrl":"https:\/\/mediaforceglobal.com\/wp-content\/uploads\/2022\/09\/2021-MFG-logo-web.jpg","width":767,"height":718,"caption":"Media Force Global"},"image":{"@id":"https:\/\/mediaforceglobal.com\/#\/schema\/logo\/image\/"},"sameAs":["https:\/\/www.facebook.com\/mediaforceglobal","https:\/\/x.com\/MFGNewsroom","https:\/\/www.instagram.com\/mediaforceglobal\/","https:\/\/www.linkedin.com\/company\/mediaforceglobal"],"description":"Media Force Global is an agency specializing in public relations, and brand positioning. Discover innovative PR strategies, high-impact campaigns, branding, media management, and business growth solutions\u2014all designed to maximize the visibility, reputation, and global reach of companies, celebrities, and entrepreneurs. Boost your digital presence with experts in strategic communication, storytelling, and performance marketing.","email":"info@mediaforceglobal.com","telephone":"+1 (786) 749-6900","legalName":"Media Force Global & Partners LLC","foundingDate":"2008-10-05","numberOfEmployees":{"@type":"QuantitativeValue","minValue":"1","maxValue":"10"}},{"@type":"Person","@id":"https:\/\/mediaforceglobal.com\/#\/schema\/person\/27f53727962287ebddbc752dbf219aaf","name":"Staff","image":{"@type":"ImageObject","inLanguage":"es","@id":"https:\/\/secure.gravatar.com\/avatar\/91618d41d75a4de8534513840b31d2be1c9485fb9dc8f5ffdf29c4fbf5943cb8?s=96&d=mm&r=g","url":"https:\/\/secure.gravatar.com\/avatar\/91618d41d75a4de8534513840b31d2be1c9485fb9dc8f5ffdf29c4fbf5943cb8?s=96&d=mm&r=g","contentUrl":"https:\/\/secure.gravatar.com\/avatar\/91618d41d75a4de8534513840b31d2be1c9485fb9dc8f5ffdf29c4fbf5943cb8?s=96&d=mm&r=g","caption":"Staff"},"description":"President of Media Force Global + Partners with more than 15 year of experience, a Bachelor\u2019s degree in Communications (Sacred Heart University) and a Master\u2019s in Entertainment Business (Full Sail University). Mel Diaz overseas operations in the areas of Public Relations, Integrated Marketing and Artist Management &amp; Commercialization; through the years, working and implementing Public Relations strategies for Jos\u00e9 Feliciano, Farruko, Proyecto Uno to mention a few, and commercial brands such as Custo Barcelona, Miami Children's Hospital Foundation and Televisa Publishing + Digital among others.","knowsLanguage":["English","Spanish"],"jobTitle":"President CEO","worksFor":"Media Force Global + Partners","url":"https:\/\/mediaforceglobal.com\/es\/author\/adminmfg\/"}]}},"_links":{"self":[{"href":"https:\/\/mediaforceglobal.com\/es\/wp-json\/wp\/v2\/posts\/451","targetHints":{"allow":["GET"]}}],"collection":[{"href":"https:\/\/mediaforceglobal.com\/es\/wp-json\/wp\/v2\/posts"}],"about":[{"href":"https:\/\/mediaforceglobal.com\/es\/wp-json\/wp\/v2\/types\/post"}],"author":[{"embeddable":true,"href":"https:\/\/mediaforceglobal.com\/es\/wp-json\/wp\/v2\/users\/1"}],"replies":[{"embeddable":true,"href":"https:\/\/mediaforceglobal.com\/es\/wp-json\/wp\/v2\/comments?post=451"}],"version-history":[{"count":0,"href":"https:\/\/mediaforceglobal.com\/es\/wp-json\/wp\/v2\/posts\/451\/revisions"}],"wp:attachment":[{"href":"https:\/\/mediaforceglobal.com\/es\/wp-json\/wp\/v2\/media?parent=451"}],"wp:term":[{"taxonomy":"category","embeddable":true,"href":"https:\/\/mediaforceglobal.com\/es\/wp-json\/wp\/v2\/categories?post=451"},{"taxonomy":"post_tag","embeddable":true,"href":"https:\/\/mediaforceglobal.com\/es\/wp-json\/wp\/v2\/tags?post=451"}],"curies":[{"name":"wp","href":"https:\/\/api.w.org\/{rel}","templated":true}]}}