{"id":6930,"date":"2012-09-27T20:38:05","date_gmt":"2012-09-27T20:38:05","guid":{"rendered":"http:\/\/www.mediaforcecommunications.com\/?p=6930"},"modified":"2022-09-14T17:04:15","modified_gmt":"2022-09-14T21:04:15","slug":"venue-magazine-celebro-su-6to-aniversario-con-la-portada-de-alejandro-sanz","status":"publish","type":"post","link":"https:\/\/mediaforceglobal.com\/es\/press-releases\/venue-magazine-celebro-su-6to-aniversario-con-la-portada-de-alejandro-sanz\/","title":{"rendered":"Venue Magazine celebr\u00f3 su 6to.aniversario con la portada de Alejandro Sanz"},"content":{"rendered":"<p style=\"text-align: left;\">El equipo de Venue Magazine organiz\u00f3 este fin de semana una celebraci\u00f3n para conmemorar su 6to. aniversario junto al \u201ccover party\u201d de la portada que engalana el cantante Alejandro Sanz. Importantes empresarios de Miami y celebridades como Julio Camejo, Albert Rodr\u00edguez COO de SBS, el actor Jorge Luis Pila (Telemundo), Pamela Silva Conde (Univision) entre muchos otros, asistieron al evento.<\/p>\n<p style=\"text-align: left;\"><!--more--><\/p>\n<p style=\"text-align: left;\">Todo comenz\u00f3 con una alfombra roja a cargo del presentador y Editor de Entretenimiento de la revista, Erick Cuesta, en la que desfilaron alrededor de 40 celebridades y conductores de televisi\u00f3n como Lourdes Stephen (Univision) y Rodner Figueroa (Univision), los cuales son tambi\u00e9n protagonistas de esta edici\u00f3n. Alrededor de 17 medios de comunicaci\u00f3n entrevistaban a las celebridades mientras posaban con sus trajes escogidos para la ocasi\u00f3n. Como dato curioso, se destacaron en la alfombra el equipo del \u201creality show\u201d \u201cOperaci\u00f3n Belleza\u201d, quienes escogieron como parte del cap\u00edtulo final este evento, llevando a la protagonista Aloima Mart\u00ednez a la fiesta y present\u00e1ndola a los medios junto al equipo de transformaci\u00f3n. Ya entrada la noche, los asistentes fueron sorprendidos con un espectacular show de bailarines.<\/p>\n<p style=\"text-align: left;\">Esta edici\u00f3n de la revista fue especial, ya que se inaugur\u00f3 una secci\u00f3n nueva en la misma: \u201cLos m\u00e1s influyentes\u201d en la que se realiz\u00f3 una entrevista exclusiva a Emilio Estefan; y contenidos tan interesantes como la entrevista de Katy Perry desde Holllywood, el reportaje sobre el programa de Univision \u201cSal y Pimienta\u201d, el especial a Marilyn Monroe, la cobertura de los eventos m\u00e1s destacados de Miami y los consejos de belleza y salud de reconocidos expertos del sector.<\/p>\n<p style=\"text-align: left;\">Venue Magazine tiene base en Miami y esta al mando de la Editora Ejecutiva Alexia Echevarr\u00eda. La misma es distribuida en Nueva York, Las Vegas, Los \u00c1ngeles, Rep\u00fablica Dominicana y Puerto Rico, y recientemente se ha expandido por su propio \u00a0canal cibern\u00e9tico Venue Digital (http:\/\/www.venuemagazine.com). El trabajo de todos los profesionales que hay detr\u00e1s de cada p\u00e1gina buscando la perfecci\u00f3n, la elegancia y la informaci\u00f3n m\u00e1s actual queda reflejado en su dise\u00f1o, sofisticaci\u00f3n y calidad<\/p>","protected":false},"excerpt":{"rendered":"<p>El equipo de Venue Magazine organiz\u00f3 este fin de semana una celebraci\u00f3n para conmemorar su 6to. aniversario junto al \u201ccover party\u201d de la portada que engalana el cantante Alejandro Sanz. Importantes empresarios de Miami y celebridades como Julio Camejo, Albert Rodr\u00edguez COO de SBS, el actor Jorge Luis Pila (Telemundo), Pamela Silva Conde (Univision) entre [&hellip;]<\/p>\n","protected":false},"author":1,"featured_media":0,"comment_status":"open","ping_status":"open","sticky":false,"template":"","format":"standard","meta":{"_angie_page":false,"page_builder":"","footnotes":""},"categories":[1],"tags":[102],"class_list":["post-6930","post","type-post","status-publish","format-standard","hentry","category-press-releases","tag-venue-magazine"],"yoast_head":"<!-- This site is optimized with the Yoast SEO Premium plugin v27.5 (Yoast SEO v27.5) - https:\/\/yoast.com\/product\/yoast-seo-premium-wordpress\/ -->\n<title>Venue Magazine celebr\u00f3 su 6to.aniversario con la portada de Alejandro Sanz &#8226; Media Force Global<\/title>\n<meta name=\"robots\" content=\"index, follow, max-snippet:-1, max-image-preview:large, max-video-preview:-1\" \/>\n<link rel=\"canonical\" href=\"https:\/\/mediaforceglobal.com\/es\/press-releases\/venue-magazine-celebro-su-6to-aniversario-con-la-portada-de-alejandro-sanz\/\" \/>\n<meta property=\"og:locale\" content=\"es_MX\" \/>\n<meta property=\"og:type\" content=\"article\" \/>\n<meta property=\"og:title\" content=\"Venue Magazine celebr\u00f3 su 6to.aniversario con la portada de Alejandro Sanz &#8226; Media Force Global\" \/>\n<meta property=\"og:url\" content=\"https:\/\/mediaforceglobal.com\/es\/press-releases\/venue-magazine-celebro-su-6to-aniversario-con-la-portada-de-alejandro-sanz\/\" \/>\n<meta property=\"og:site_name\" content=\"Media Force Global\" \/>\n<meta property=\"article:publisher\" content=\"https:\/\/www.facebook.com\/mediaforceglobal\" \/>\n<meta property=\"article:published_time\" content=\"2012-09-27T20:38:05+00:00\" \/>\n<meta property=\"article:modified_time\" content=\"2022-09-14T21:04:15+00:00\" \/>\n<meta property=\"og:image\" content=\"https:\/\/mediaforceglobal.com\/wp-content\/uploads\/2022\/09\/2021-MFG-logo-web.jpg\" \/>\n\t<meta property=\"og:image:width\" content=\"767\" \/>\n\t<meta property=\"og:image:height\" content=\"718\" \/>\n\t<meta property=\"og:image:type\" content=\"image\/jpeg\" \/>\n<meta name=\"author\" content=\"Staff\" \/>\n<meta name=\"twitter:card\" content=\"summary_large_image\" \/>\n<meta name=\"twitter:creator\" content=\"@MFGNewsroom\" \/>\n<meta name=\"twitter:site\" content=\"@MFGNewsroom\" \/>\n<meta name=\"twitter:label1\" content=\"Escrito por\" \/>\n\t<meta name=\"twitter:data1\" content=\"Staff\" \/>\n\t<meta name=\"twitter:label2\" content=\"Tiempo de lectura\" \/>\n\t<meta name=\"twitter:data2\" content=\"2 minutos\" \/>\n<script type=\"application\/ld+json\" class=\"yoast-schema-graph\">{\"@context\":\"https:\\\/\\\/schema.org\",\"@graph\":[{\"@type\":\"Article\",\"@id\":\"https:\\\/\\\/mediaforceglobal.com\\\/press-releases\\\/venue-magazine-celebro-su-6to-aniversario-con-la-portada-de-alejandro-sanz\\\/#article\",\"isPartOf\":{\"@id\":\"https:\\\/\\\/mediaforceglobal.com\\\/press-releases\\\/venue-magazine-celebro-su-6to-aniversario-con-la-portada-de-alejandro-sanz\\\/\"},\"author\":{\"name\":\"Staff\",\"@id\":\"https:\\\/\\\/mediaforceglobal.com\\\/#\\\/schema\\\/person\\\/27f53727962287ebddbc752dbf219aaf\"},\"headline\":\"Venue Magazine celebr\u00f3 su 6to.aniversario con la portada de Alejandro Sanz\",\"datePublished\":\"2012-09-27T20:38:05+00:00\",\"dateModified\":\"2022-09-14T21:04:15+00:00\",\"mainEntityOfPage\":{\"@id\":\"https:\\\/\\\/mediaforceglobal.com\\\/press-releases\\\/venue-magazine-celebro-su-6to-aniversario-con-la-portada-de-alejandro-sanz\\\/\"},\"wordCount\":376,\"commentCount\":0,\"publisher\":{\"@id\":\"https:\\\/\\\/mediaforceglobal.com\\\/#organization\"},\"keywords\":[\"Venue Magazine\"],\"articleSection\":[\"Press Releases\"],\"inLanguage\":\"es\",\"potentialAction\":[{\"@type\":\"CommentAction\",\"name\":\"Comment\",\"target\":[\"https:\\\/\\\/mediaforceglobal.com\\\/press-releases\\\/venue-magazine-celebro-su-6to-aniversario-con-la-portada-de-alejandro-sanz\\\/#respond\"]}]},{\"@type\":\"WebPage\",\"@id\":\"https:\\\/\\\/mediaforceglobal.com\\\/press-releases\\\/venue-magazine-celebro-su-6to-aniversario-con-la-portada-de-alejandro-sanz\\\/\",\"url\":\"https:\\\/\\\/mediaforceglobal.com\\\/press-releases\\\/venue-magazine-celebro-su-6to-aniversario-con-la-portada-de-alejandro-sanz\\\/\",\"name\":\"Venue Magazine celebr\u00f3 su 6to.aniversario con la portada de Alejandro Sanz &#8226; Media Force Global\",\"isPartOf\":{\"@id\":\"https:\\\/\\\/mediaforceglobal.com\\\/#website\"},\"datePublished\":\"2012-09-27T20:38:05+00:00\",\"dateModified\":\"2022-09-14T21:04:15+00:00\",\"breadcrumb\":{\"@id\":\"https:\\\/\\\/mediaforceglobal.com\\\/press-releases\\\/venue-magazine-celebro-su-6to-aniversario-con-la-portada-de-alejandro-sanz\\\/#breadcrumb\"},\"inLanguage\":\"es\",\"potentialAction\":[{\"@type\":\"ReadAction\",\"target\":[\"https:\\\/\\\/mediaforceglobal.com\\\/press-releases\\\/venue-magazine-celebro-su-6to-aniversario-con-la-portada-de-alejandro-sanz\\\/\"]}]},{\"@type\":\"BreadcrumbList\",\"@id\":\"https:\\\/\\\/mediaforceglobal.com\\\/press-releases\\\/venue-magazine-celebro-su-6to-aniversario-con-la-portada-de-alejandro-sanz\\\/#breadcrumb\",\"itemListElement\":[{\"@type\":\"ListItem\",\"position\":1,\"name\":\"Home\",\"item\":\"https:\\\/\\\/mediaforceglobal.com\\\/\"},{\"@type\":\"ListItem\",\"position\":2,\"name\":\"Press Releases\",\"item\":\"https:\\\/\\\/mediaforceglobal.com\\\/press-releases\\\/\"},{\"@type\":\"ListItem\",\"position\":3,\"name\":\"Venue Magazine celebr\u00f3 su 6to.aniversario con la portada de Alejandro Sanz\"}]},{\"@type\":\"WebSite\",\"@id\":\"https:\\\/\\\/mediaforceglobal.com\\\/#website\",\"url\":\"https:\\\/\\\/mediaforceglobal.com\\\/\",\"name\":\"Media Force Global\",\"description\":\"Public Relations + Marketing\",\"publisher\":{\"@id\":\"https:\\\/\\\/mediaforceglobal.com\\\/#organization\"},\"alternateName\":\"Media Force Global\",\"potentialAction\":[{\"@type\":\"SearchAction\",\"target\":{\"@type\":\"EntryPoint\",\"urlTemplate\":\"https:\\\/\\\/mediaforceglobal.com\\\/?s={search_term_string}\"},\"query-input\":{\"@type\":\"PropertyValueSpecification\",\"valueRequired\":true,\"valueName\":\"search_term_string\"}}],\"inLanguage\":\"es\"},{\"@type\":\"Organization\",\"@id\":\"https:\\\/\\\/mediaforceglobal.com\\\/#organization\",\"name\":\"Media Force Global\",\"url\":\"https:\\\/\\\/mediaforceglobal.com\\\/\",\"logo\":{\"@type\":\"ImageObject\",\"inLanguage\":\"es\",\"@id\":\"https:\\\/\\\/mediaforceglobal.com\\\/#\\\/schema\\\/logo\\\/image\\\/\",\"url\":\"https:\\\/\\\/mediaforceglobal.com\\\/wp-content\\\/uploads\\\/2022\\\/09\\\/2021-MFG-logo-web.jpg\",\"contentUrl\":\"https:\\\/\\\/mediaforceglobal.com\\\/wp-content\\\/uploads\\\/2022\\\/09\\\/2021-MFG-logo-web.jpg\",\"width\":767,\"height\":718,\"caption\":\"Media Force Global\"},\"image\":{\"@id\":\"https:\\\/\\\/mediaforceglobal.com\\\/#\\\/schema\\\/logo\\\/image\\\/\"},\"sameAs\":[\"https:\\\/\\\/www.facebook.com\\\/mediaforceglobal\",\"https:\\\/\\\/x.com\\\/MFGNewsroom\",\"https:\\\/\\\/www.instagram.com\\\/mediaforceglobal\\\/\",\"https:\\\/\\\/www.linkedin.com\\\/company\\\/mediaforceglobal\"],\"description\":\"Media Force Global is an agency specializing in public relations, and brand positioning. Discover innovative PR strategies, high-impact campaigns, branding, media management, and business growth solutions\u2014all designed to maximize the visibility, reputation, and global reach of companies, celebrities, and entrepreneurs. Boost your digital presence with experts in strategic communication, storytelling, and performance marketing.\",\"email\":\"info@mediaforceglobal.com\",\"telephone\":\"+1 (786) 749-6900\",\"legalName\":\"Media Force Global & Partners LLC\",\"foundingDate\":\"2008-10-05\",\"numberOfEmployees\":{\"@type\":\"QuantitativeValue\",\"minValue\":\"1\",\"maxValue\":\"10\"}},{\"@type\":\"Person\",\"@id\":\"https:\\\/\\\/mediaforceglobal.com\\\/#\\\/schema\\\/person\\\/27f53727962287ebddbc752dbf219aaf\",\"name\":\"Staff\",\"image\":{\"@type\":\"ImageObject\",\"inLanguage\":\"es\",\"@id\":\"https:\\\/\\\/secure.gravatar.com\\\/avatar\\\/91618d41d75a4de8534513840b31d2be1c9485fb9dc8f5ffdf29c4fbf5943cb8?s=96&d=mm&r=g\",\"url\":\"https:\\\/\\\/secure.gravatar.com\\\/avatar\\\/91618d41d75a4de8534513840b31d2be1c9485fb9dc8f5ffdf29c4fbf5943cb8?s=96&d=mm&r=g\",\"contentUrl\":\"https:\\\/\\\/secure.gravatar.com\\\/avatar\\\/91618d41d75a4de8534513840b31d2be1c9485fb9dc8f5ffdf29c4fbf5943cb8?s=96&d=mm&r=g\",\"caption\":\"Staff\"},\"description\":\"President of Media Force Global + Partners with more than 15 year of experience, a Bachelor\u2019s degree in Communications (Sacred Heart University) and a Master\u2019s in Entertainment Business (Full Sail University). Mel Diaz overseas operations in the areas of Public Relations, Integrated Marketing and Artist Management &amp; Commercialization; through the years, working and implementing Public Relations strategies for Jos\u00e9 Feliciano, Farruko, Proyecto Uno to mention a few, and commercial brands such as Custo Barcelona, Miami Children's Hospital Foundation and Televisa Publishing + Digital among others.\",\"knowsLanguage\":[\"English\",\"Spanish\"],\"jobTitle\":\"President CEO\",\"worksFor\":\"Media Force Global + Partners\",\"url\":\"https:\\\/\\\/mediaforceglobal.com\\\/es\\\/author\\\/adminmfg\\\/\"}]}<\/script>\n<!-- \/ Yoast SEO Premium plugin. -->","yoast_head_json":{"title":"Venue Magazine celebr\u00f3 su 6to.aniversario con la portada de Alejandro Sanz &#8226; Media Force Global","robots":{"index":"index","follow":"follow","max-snippet":"max-snippet:-1","max-image-preview":"max-image-preview:large","max-video-preview":"max-video-preview:-1"},"canonical":"https:\/\/mediaforceglobal.com\/es\/press-releases\/venue-magazine-celebro-su-6to-aniversario-con-la-portada-de-alejandro-sanz\/","og_locale":"es_MX","og_type":"article","og_title":"Venue Magazine celebr\u00f3 su 6to.aniversario con la portada de Alejandro Sanz &#8226; Media Force Global","og_url":"https:\/\/mediaforceglobal.com\/es\/press-releases\/venue-magazine-celebro-su-6to-aniversario-con-la-portada-de-alejandro-sanz\/","og_site_name":"Media Force Global","article_publisher":"https:\/\/www.facebook.com\/mediaforceglobal","article_published_time":"2012-09-27T20:38:05+00:00","article_modified_time":"2022-09-14T21:04:15+00:00","og_image":[{"width":767,"height":718,"url":"https:\/\/mediaforceglobal.com\/wp-content\/uploads\/2022\/09\/2021-MFG-logo-web.jpg","type":"image\/jpeg"}],"author":"Staff","twitter_card":"summary_large_image","twitter_creator":"@MFGNewsroom","twitter_site":"@MFGNewsroom","twitter_misc":{"Escrito por":"Staff","Tiempo de lectura":"2 minutos"},"schema":{"@context":"https:\/\/schema.org","@graph":[{"@type":"Article","@id":"https:\/\/mediaforceglobal.com\/press-releases\/venue-magazine-celebro-su-6to-aniversario-con-la-portada-de-alejandro-sanz\/#article","isPartOf":{"@id":"https:\/\/mediaforceglobal.com\/press-releases\/venue-magazine-celebro-su-6to-aniversario-con-la-portada-de-alejandro-sanz\/"},"author":{"name":"Staff","@id":"https:\/\/mediaforceglobal.com\/#\/schema\/person\/27f53727962287ebddbc752dbf219aaf"},"headline":"Venue Magazine celebr\u00f3 su 6to.aniversario con la portada de Alejandro Sanz","datePublished":"2012-09-27T20:38:05+00:00","dateModified":"2022-09-14T21:04:15+00:00","mainEntityOfPage":{"@id":"https:\/\/mediaforceglobal.com\/press-releases\/venue-magazine-celebro-su-6to-aniversario-con-la-portada-de-alejandro-sanz\/"},"wordCount":376,"commentCount":0,"publisher":{"@id":"https:\/\/mediaforceglobal.com\/#organization"},"keywords":["Venue Magazine"],"articleSection":["Press Releases"],"inLanguage":"es","potentialAction":[{"@type":"CommentAction","name":"Comment","target":["https:\/\/mediaforceglobal.com\/press-releases\/venue-magazine-celebro-su-6to-aniversario-con-la-portada-de-alejandro-sanz\/#respond"]}]},{"@type":"WebPage","@id":"https:\/\/mediaforceglobal.com\/press-releases\/venue-magazine-celebro-su-6to-aniversario-con-la-portada-de-alejandro-sanz\/","url":"https:\/\/mediaforceglobal.com\/press-releases\/venue-magazine-celebro-su-6to-aniversario-con-la-portada-de-alejandro-sanz\/","name":"Venue Magazine celebr\u00f3 su 6to.aniversario con la portada de Alejandro Sanz &#8226; Media Force Global","isPartOf":{"@id":"https:\/\/mediaforceglobal.com\/#website"},"datePublished":"2012-09-27T20:38:05+00:00","dateModified":"2022-09-14T21:04:15+00:00","breadcrumb":{"@id":"https:\/\/mediaforceglobal.com\/press-releases\/venue-magazine-celebro-su-6to-aniversario-con-la-portada-de-alejandro-sanz\/#breadcrumb"},"inLanguage":"es","potentialAction":[{"@type":"ReadAction","target":["https:\/\/mediaforceglobal.com\/press-releases\/venue-magazine-celebro-su-6to-aniversario-con-la-portada-de-alejandro-sanz\/"]}]},{"@type":"BreadcrumbList","@id":"https:\/\/mediaforceglobal.com\/press-releases\/venue-magazine-celebro-su-6to-aniversario-con-la-portada-de-alejandro-sanz\/#breadcrumb","itemListElement":[{"@type":"ListItem","position":1,"name":"Home","item":"https:\/\/mediaforceglobal.com\/"},{"@type":"ListItem","position":2,"name":"Press Releases","item":"https:\/\/mediaforceglobal.com\/press-releases\/"},{"@type":"ListItem","position":3,"name":"Venue Magazine celebr\u00f3 su 6to.aniversario con la portada de Alejandro Sanz"}]},{"@type":"WebSite","@id":"https:\/\/mediaforceglobal.com\/#website","url":"https:\/\/mediaforceglobal.com\/","name":"Media Force Global","description":"Public Relations + Marketing","publisher":{"@id":"https:\/\/mediaforceglobal.com\/#organization"},"alternateName":"Media Force Global","potentialAction":[{"@type":"SearchAction","target":{"@type":"EntryPoint","urlTemplate":"https:\/\/mediaforceglobal.com\/?s={search_term_string}"},"query-input":{"@type":"PropertyValueSpecification","valueRequired":true,"valueName":"search_term_string"}}],"inLanguage":"es"},{"@type":"Organization","@id":"https:\/\/mediaforceglobal.com\/#organization","name":"Media Force Global","url":"https:\/\/mediaforceglobal.com\/","logo":{"@type":"ImageObject","inLanguage":"es","@id":"https:\/\/mediaforceglobal.com\/#\/schema\/logo\/image\/","url":"https:\/\/mediaforceglobal.com\/wp-content\/uploads\/2022\/09\/2021-MFG-logo-web.jpg","contentUrl":"https:\/\/mediaforceglobal.com\/wp-content\/uploads\/2022\/09\/2021-MFG-logo-web.jpg","width":767,"height":718,"caption":"Media Force Global"},"image":{"@id":"https:\/\/mediaforceglobal.com\/#\/schema\/logo\/image\/"},"sameAs":["https:\/\/www.facebook.com\/mediaforceglobal","https:\/\/x.com\/MFGNewsroom","https:\/\/www.instagram.com\/mediaforceglobal\/","https:\/\/www.linkedin.com\/company\/mediaforceglobal"],"description":"Media Force Global is an agency specializing in public relations, and brand positioning. Discover innovative PR strategies, high-impact campaigns, branding, media management, and business growth solutions\u2014all designed to maximize the visibility, reputation, and global reach of companies, celebrities, and entrepreneurs. Boost your digital presence with experts in strategic communication, storytelling, and performance marketing.","email":"info@mediaforceglobal.com","telephone":"+1 (786) 749-6900","legalName":"Media Force Global & Partners LLC","foundingDate":"2008-10-05","numberOfEmployees":{"@type":"QuantitativeValue","minValue":"1","maxValue":"10"}},{"@type":"Person","@id":"https:\/\/mediaforceglobal.com\/#\/schema\/person\/27f53727962287ebddbc752dbf219aaf","name":"Staff","image":{"@type":"ImageObject","inLanguage":"es","@id":"https:\/\/secure.gravatar.com\/avatar\/91618d41d75a4de8534513840b31d2be1c9485fb9dc8f5ffdf29c4fbf5943cb8?s=96&d=mm&r=g","url":"https:\/\/secure.gravatar.com\/avatar\/91618d41d75a4de8534513840b31d2be1c9485fb9dc8f5ffdf29c4fbf5943cb8?s=96&d=mm&r=g","contentUrl":"https:\/\/secure.gravatar.com\/avatar\/91618d41d75a4de8534513840b31d2be1c9485fb9dc8f5ffdf29c4fbf5943cb8?s=96&d=mm&r=g","caption":"Staff"},"description":"President of Media Force Global + Partners with more than 15 year of experience, a Bachelor\u2019s degree in Communications (Sacred Heart University) and a Master\u2019s in Entertainment Business (Full Sail University). Mel Diaz overseas operations in the areas of Public Relations, Integrated Marketing and Artist Management &amp; Commercialization; through the years, working and implementing Public Relations strategies for Jos\u00e9 Feliciano, Farruko, Proyecto Uno to mention a few, and commercial brands such as Custo Barcelona, Miami Children's Hospital Foundation and Televisa Publishing + Digital among others.","knowsLanguage":["English","Spanish"],"jobTitle":"President CEO","worksFor":"Media Force Global + Partners","url":"https:\/\/mediaforceglobal.com\/es\/author\/adminmfg\/"}]}},"_links":{"self":[{"href":"https:\/\/mediaforceglobal.com\/es\/wp-json\/wp\/v2\/posts\/6930","targetHints":{"allow":["GET"]}}],"collection":[{"href":"https:\/\/mediaforceglobal.com\/es\/wp-json\/wp\/v2\/posts"}],"about":[{"href":"https:\/\/mediaforceglobal.com\/es\/wp-json\/wp\/v2\/types\/post"}],"author":[{"embeddable":true,"href":"https:\/\/mediaforceglobal.com\/es\/wp-json\/wp\/v2\/users\/1"}],"replies":[{"embeddable":true,"href":"https:\/\/mediaforceglobal.com\/es\/wp-json\/wp\/v2\/comments?post=6930"}],"version-history":[{"count":0,"href":"https:\/\/mediaforceglobal.com\/es\/wp-json\/wp\/v2\/posts\/6930\/revisions"}],"wp:attachment":[{"href":"https:\/\/mediaforceglobal.com\/es\/wp-json\/wp\/v2\/media?parent=6930"}],"wp:term":[{"taxonomy":"category","embeddable":true,"href":"https:\/\/mediaforceglobal.com\/es\/wp-json\/wp\/v2\/categories?post=6930"},{"taxonomy":"post_tag","embeddable":true,"href":"https:\/\/mediaforceglobal.com\/es\/wp-json\/wp\/v2\/tags?post=6930"}],"curies":[{"name":"wp","href":"https:\/\/api.w.org\/{rel}","templated":true}]}}