{"id":714,"date":"2011-08-19T11:05:51","date_gmt":"2011-08-19T15:05:51","guid":{"rendered":"http:\/\/mediaforceus.com\/?p=714"},"modified":"2022-09-14T17:04:46","modified_gmt":"2022-09-14T21:04:46","slug":"farruko-entra-en-los-top-100-de-mtv-music-meter-alcanzando-el-puesto-19-2","status":"publish","type":"post","link":"https:\/\/mediaforceglobal.com\/es\/press-releases\/farruko-entra-en-los-top-100-de-mtv-music-meter-alcanzando-el-puesto-19-2\/","title":{"rendered":"Farruko entra en los Top 100 de MTV Music Meter alcanzando el puesto 19"},"content":{"rendered":"<p>Entre m\u00e1s de un mill\u00f3n de artistas, Farruko consigue entrar en el TOP 100 de MTV Music Meter y se sit\u00faa entre los 20 primeros puestos en tan s\u00f3lo seis d\u00edas.<\/p>\n<p><!--more--><\/p>\n<p>MTV Music Meter es una aplicaci\u00f3n de Internet que refleja los artistas m\u00e1s solicitados del momento por el p\u00fablico, y en donde se encuentra informaci\u00f3n, m\u00fasica y videos de m\u00e1s de un mill\u00f3n de artistas. A diario, lanzan una lista de los \u201cTop 100 Trending Artist\u201d en donde el 15 de agosto, Farruko se encontraba en la posici\u00f3n 19.<\/p>\n<p>Para escoger los mejores artistas del d\u00eda, la aplicaci\u00f3n de MTV, analiza la interacci\u00f3n del p\u00fablico en diferentes redes sociales como Twitter y Facebook, adem\u00e1s de ver noticias, blogs, descargas y ventas de m\u00e1s de un mill\u00f3n de artistas.<\/p>\n<p>\u201cCon toda la humildad del mundo, le agradesco a mi seguidores que son los que d\u00eda a d\u00eda impulzan mi carrera art\u00edstica, ello son los que visitan mis p\u00e1ginas\u201d, agradeci\u00f3 Farruko<\/p>\n<p>En solo seis d\u00edas Farruko se ha posicionado entre los veinte primeros puestos, entre talentos como Travis Porter y Meek Mills. Comenz\u00f3 el 9 agosto en el numero 96, al d\u00eda siguiente se situ\u00f3 en el 46 y sigui\u00f3 avanzando, solo cinco d\u00edas despu\u00e9s hab\u00eda alcanzado el puesto 19, lugar que ocup\u00f3 Prince Royce\u00a0 al d\u00eda siguiente, el 16 de agosto.<\/p>\n<p>Este acontecimiento es todo un orgullo para Farruko, quien siempre se ha preocupado de mantener una buena relaci\u00f3n con su p\u00fablico y trabaja mucho con las redes sociales. Actualmente el boricua se encuentra muy motivado grabando su segundo disco como solista, titulado \u201cThe Most Powerful Rookie\u201d.<\/p>","protected":false},"excerpt":{"rendered":"<p>Entre m\u00e1s de un mill\u00f3n de artistas, Farruko consigue entrar en el TOP 100 de MTV Music Meter y se sit\u00faa entre los 20 primeros puestos en tan s\u00f3lo seis d\u00edas.<\/p>","protected":false},"author":1,"featured_media":0,"comment_status":"open","ping_status":"open","sticky":false,"template":"","format":"standard","meta":{"_angie_page":false,"page_builder":"","footnotes":""},"categories":[1],"tags":[3],"class_list":["post-714","post","type-post","status-publish","format-standard","hentry","category-press-releases","tag-farruko"],"yoast_head":"<!-- This site is optimized with the Yoast SEO Premium plugin v27.5 (Yoast SEO v27.5) - https:\/\/yoast.com\/product\/yoast-seo-premium-wordpress\/ -->\n<title>Farruko entra en los Top 100 de MTV Music Meter alcanzando el puesto 19 &#8226; Media Force Global<\/title>\n<meta name=\"robots\" content=\"index, follow, max-snippet:-1, max-image-preview:large, max-video-preview:-1\" \/>\n<link rel=\"canonical\" href=\"https:\/\/mediaforceglobal.com\/es\/press-releases\/farruko-entra-en-los-top-100-de-mtv-music-meter-alcanzando-el-puesto-19-2\/\" \/>\n<meta property=\"og:locale\" content=\"es_MX\" \/>\n<meta property=\"og:type\" content=\"article\" \/>\n<meta property=\"og:title\" content=\"Farruko entra en los Top 100 de MTV Music Meter alcanzando el puesto 19 &#8226; Media Force Global\" \/>\n<meta property=\"og:url\" content=\"https:\/\/mediaforceglobal.com\/es\/press-releases\/farruko-entra-en-los-top-100-de-mtv-music-meter-alcanzando-el-puesto-19-2\/\" \/>\n<meta property=\"og:site_name\" content=\"Media Force Global\" \/>\n<meta property=\"article:publisher\" content=\"https:\/\/www.facebook.com\/mediaforceglobal\" \/>\n<meta property=\"article:published_time\" content=\"2011-08-19T15:05:51+00:00\" \/>\n<meta property=\"article:modified_time\" content=\"2022-09-14T21:04:46+00:00\" \/>\n<meta property=\"og:image\" content=\"https:\/\/mediaforceglobal.com\/wp-content\/uploads\/2022\/09\/2021-MFG-logo-web.jpg\" \/>\n\t<meta property=\"og:image:width\" content=\"767\" \/>\n\t<meta property=\"og:image:height\" content=\"718\" \/>\n\t<meta property=\"og:image:type\" content=\"image\/jpeg\" \/>\n<meta name=\"author\" content=\"Staff\" \/>\n<meta name=\"twitter:card\" content=\"summary_large_image\" \/>\n<meta name=\"twitter:creator\" content=\"@MFGNewsroom\" \/>\n<meta name=\"twitter:site\" content=\"@MFGNewsroom\" \/>\n<meta name=\"twitter:label1\" content=\"Escrito por\" \/>\n\t<meta name=\"twitter:data1\" content=\"Staff\" \/>\n\t<meta name=\"twitter:label2\" content=\"Tiempo de lectura\" \/>\n\t<meta name=\"twitter:data2\" content=\"1 minuto\" \/>\n<script type=\"application\/ld+json\" class=\"yoast-schema-graph\">{\"@context\":\"https:\\\/\\\/schema.org\",\"@graph\":[{\"@type\":\"Article\",\"@id\":\"https:\\\/\\\/mediaforceglobal.com\\\/es\\\/press-releases\\\/farruko-entra-en-los-top-100-de-mtv-music-meter-alcanzando-el-puesto-19-2\\\/#article\",\"isPartOf\":{\"@id\":\"https:\\\/\\\/mediaforceglobal.com\\\/es\\\/press-releases\\\/farruko-entra-en-los-top-100-de-mtv-music-meter-alcanzando-el-puesto-19-2\\\/\"},\"author\":{\"name\":\"Staff\",\"@id\":\"https:\\\/\\\/mediaforceglobal.com\\\/#\\\/schema\\\/person\\\/27f53727962287ebddbc752dbf219aaf\"},\"headline\":\"Farruko entra en los Top 100 de MTV Music Meter alcanzando el puesto 19\",\"datePublished\":\"2011-08-19T15:05:51+00:00\",\"dateModified\":\"2022-09-14T21:04:46+00:00\",\"mainEntityOfPage\":{\"@id\":\"https:\\\/\\\/mediaforceglobal.com\\\/es\\\/press-releases\\\/farruko-entra-en-los-top-100-de-mtv-music-meter-alcanzando-el-puesto-19-2\\\/\"},\"wordCount\":301,\"commentCount\":0,\"publisher\":{\"@id\":\"https:\\\/\\\/mediaforceglobal.com\\\/#organization\"},\"keywords\":[\"Farruko\"],\"articleSection\":[\"Press Releases\"],\"inLanguage\":\"es\",\"potentialAction\":[{\"@type\":\"CommentAction\",\"name\":\"Comment\",\"target\":[\"https:\\\/\\\/mediaforceglobal.com\\\/es\\\/press-releases\\\/farruko-entra-en-los-top-100-de-mtv-music-meter-alcanzando-el-puesto-19-2\\\/#respond\"]}]},{\"@type\":\"WebPage\",\"@id\":\"https:\\\/\\\/mediaforceglobal.com\\\/es\\\/press-releases\\\/farruko-entra-en-los-top-100-de-mtv-music-meter-alcanzando-el-puesto-19-2\\\/\",\"url\":\"https:\\\/\\\/mediaforceglobal.com\\\/es\\\/press-releases\\\/farruko-entra-en-los-top-100-de-mtv-music-meter-alcanzando-el-puesto-19-2\\\/\",\"name\":\"Farruko entra en los Top 100 de MTV Music Meter alcanzando el puesto 19 &#8226; Media Force Global\",\"isPartOf\":{\"@id\":\"https:\\\/\\\/mediaforceglobal.com\\\/#website\"},\"datePublished\":\"2011-08-19T15:05:51+00:00\",\"dateModified\":\"2022-09-14T21:04:46+00:00\",\"breadcrumb\":{\"@id\":\"https:\\\/\\\/mediaforceglobal.com\\\/es\\\/press-releases\\\/farruko-entra-en-los-top-100-de-mtv-music-meter-alcanzando-el-puesto-19-2\\\/#breadcrumb\"},\"inLanguage\":\"es\",\"potentialAction\":[{\"@type\":\"ReadAction\",\"target\":[\"https:\\\/\\\/mediaforceglobal.com\\\/es\\\/press-releases\\\/farruko-entra-en-los-top-100-de-mtv-music-meter-alcanzando-el-puesto-19-2\\\/\"]}]},{\"@type\":\"BreadcrumbList\",\"@id\":\"https:\\\/\\\/mediaforceglobal.com\\\/es\\\/press-releases\\\/farruko-entra-en-los-top-100-de-mtv-music-meter-alcanzando-el-puesto-19-2\\\/#breadcrumb\",\"itemListElement\":[{\"@type\":\"ListItem\",\"position\":1,\"name\":\"Home\",\"item\":\"https:\\\/\\\/mediaforceglobal.com\\\/\"},{\"@type\":\"ListItem\",\"position\":2,\"name\":\"Press Releases\",\"item\":\"https:\\\/\\\/mediaforceglobal.com\\\/press-releases\\\/\"},{\"@type\":\"ListItem\",\"position\":3,\"name\":\"Farruko entra en los Top 100 de MTV Music Meter alcanzando el puesto 19\"}]},{\"@type\":\"WebSite\",\"@id\":\"https:\\\/\\\/mediaforceglobal.com\\\/#website\",\"url\":\"https:\\\/\\\/mediaforceglobal.com\\\/\",\"name\":\"Media Force Global\",\"description\":\"Public Relations + Marketing\",\"publisher\":{\"@id\":\"https:\\\/\\\/mediaforceglobal.com\\\/#organization\"},\"alternateName\":\"Media Force Global\",\"potentialAction\":[{\"@type\":\"SearchAction\",\"target\":{\"@type\":\"EntryPoint\",\"urlTemplate\":\"https:\\\/\\\/mediaforceglobal.com\\\/?s={search_term_string}\"},\"query-input\":{\"@type\":\"PropertyValueSpecification\",\"valueRequired\":true,\"valueName\":\"search_term_string\"}}],\"inLanguage\":\"es\"},{\"@type\":\"Organization\",\"@id\":\"https:\\\/\\\/mediaforceglobal.com\\\/#organization\",\"name\":\"Media Force Global\",\"url\":\"https:\\\/\\\/mediaforceglobal.com\\\/\",\"logo\":{\"@type\":\"ImageObject\",\"inLanguage\":\"es\",\"@id\":\"https:\\\/\\\/mediaforceglobal.com\\\/#\\\/schema\\\/logo\\\/image\\\/\",\"url\":\"https:\\\/\\\/mediaforceglobal.com\\\/wp-content\\\/uploads\\\/2022\\\/09\\\/2021-MFG-logo-web.jpg\",\"contentUrl\":\"https:\\\/\\\/mediaforceglobal.com\\\/wp-content\\\/uploads\\\/2022\\\/09\\\/2021-MFG-logo-web.jpg\",\"width\":767,\"height\":718,\"caption\":\"Media Force Global\"},\"image\":{\"@id\":\"https:\\\/\\\/mediaforceglobal.com\\\/#\\\/schema\\\/logo\\\/image\\\/\"},\"sameAs\":[\"https:\\\/\\\/www.facebook.com\\\/mediaforceglobal\",\"https:\\\/\\\/x.com\\\/MFGNewsroom\",\"https:\\\/\\\/www.instagram.com\\\/mediaforceglobal\\\/\",\"https:\\\/\\\/www.linkedin.com\\\/company\\\/mediaforceglobal\"],\"description\":\"Media Force Global is an agency specializing in public relations, and brand positioning. Discover innovative PR strategies, high-impact campaigns, branding, media management, and business growth solutions\u2014all designed to maximize the visibility, reputation, and global reach of companies, celebrities, and entrepreneurs. Boost your digital presence with experts in strategic communication, storytelling, and performance marketing.\",\"email\":\"info@mediaforceglobal.com\",\"telephone\":\"+1 (786) 749-6900\",\"legalName\":\"Media Force Global & Partners LLC\",\"foundingDate\":\"2008-10-05\",\"numberOfEmployees\":{\"@type\":\"QuantitativeValue\",\"minValue\":\"1\",\"maxValue\":\"10\"}},{\"@type\":\"Person\",\"@id\":\"https:\\\/\\\/mediaforceglobal.com\\\/#\\\/schema\\\/person\\\/27f53727962287ebddbc752dbf219aaf\",\"name\":\"Staff\",\"image\":{\"@type\":\"ImageObject\",\"inLanguage\":\"es\",\"@id\":\"https:\\\/\\\/secure.gravatar.com\\\/avatar\\\/91618d41d75a4de8534513840b31d2be1c9485fb9dc8f5ffdf29c4fbf5943cb8?s=96&d=mm&r=g\",\"url\":\"https:\\\/\\\/secure.gravatar.com\\\/avatar\\\/91618d41d75a4de8534513840b31d2be1c9485fb9dc8f5ffdf29c4fbf5943cb8?s=96&d=mm&r=g\",\"contentUrl\":\"https:\\\/\\\/secure.gravatar.com\\\/avatar\\\/91618d41d75a4de8534513840b31d2be1c9485fb9dc8f5ffdf29c4fbf5943cb8?s=96&d=mm&r=g\",\"caption\":\"Staff\"},\"description\":\"President of Media Force Global + Partners with more than 15 year of experience, a Bachelor\u2019s degree in Communications (Sacred Heart University) and a Master\u2019s in Entertainment Business (Full Sail University). Mel Diaz overseas operations in the areas of Public Relations, Integrated Marketing and Artist Management &amp; Commercialization; through the years, working and implementing Public Relations strategies for Jos\u00e9 Feliciano, Farruko, Proyecto Uno to mention a few, and commercial brands such as Custo Barcelona, Miami Children's Hospital Foundation and Televisa Publishing + Digital among others.\",\"knowsLanguage\":[\"English\",\"Spanish\"],\"jobTitle\":\"President CEO\",\"worksFor\":\"Media Force Global + Partners\",\"url\":\"https:\\\/\\\/mediaforceglobal.com\\\/es\\\/author\\\/adminmfg\\\/\"}]}<\/script>\n<!-- \/ Yoast SEO Premium plugin. -->","yoast_head_json":{"title":"Farruko entra en los Top 100 de MTV Music Meter alcanzando el puesto 19 &#8226; Media Force Global","robots":{"index":"index","follow":"follow","max-snippet":"max-snippet:-1","max-image-preview":"max-image-preview:large","max-video-preview":"max-video-preview:-1"},"canonical":"https:\/\/mediaforceglobal.com\/es\/press-releases\/farruko-entra-en-los-top-100-de-mtv-music-meter-alcanzando-el-puesto-19-2\/","og_locale":"es_MX","og_type":"article","og_title":"Farruko entra en los Top 100 de MTV Music Meter alcanzando el puesto 19 &#8226; Media Force Global","og_url":"https:\/\/mediaforceglobal.com\/es\/press-releases\/farruko-entra-en-los-top-100-de-mtv-music-meter-alcanzando-el-puesto-19-2\/","og_site_name":"Media Force Global","article_publisher":"https:\/\/www.facebook.com\/mediaforceglobal","article_published_time":"2011-08-19T15:05:51+00:00","article_modified_time":"2022-09-14T21:04:46+00:00","og_image":[{"width":767,"height":718,"url":"https:\/\/mediaforceglobal.com\/wp-content\/uploads\/2022\/09\/2021-MFG-logo-web.jpg","type":"image\/jpeg"}],"author":"Staff","twitter_card":"summary_large_image","twitter_creator":"@MFGNewsroom","twitter_site":"@MFGNewsroom","twitter_misc":{"Escrito por":"Staff","Tiempo de lectura":"1 minuto"},"schema":{"@context":"https:\/\/schema.org","@graph":[{"@type":"Article","@id":"https:\/\/mediaforceglobal.com\/es\/press-releases\/farruko-entra-en-los-top-100-de-mtv-music-meter-alcanzando-el-puesto-19-2\/#article","isPartOf":{"@id":"https:\/\/mediaforceglobal.com\/es\/press-releases\/farruko-entra-en-los-top-100-de-mtv-music-meter-alcanzando-el-puesto-19-2\/"},"author":{"name":"Staff","@id":"https:\/\/mediaforceglobal.com\/#\/schema\/person\/27f53727962287ebddbc752dbf219aaf"},"headline":"Farruko entra en los Top 100 de MTV Music Meter alcanzando el puesto 19","datePublished":"2011-08-19T15:05:51+00:00","dateModified":"2022-09-14T21:04:46+00:00","mainEntityOfPage":{"@id":"https:\/\/mediaforceglobal.com\/es\/press-releases\/farruko-entra-en-los-top-100-de-mtv-music-meter-alcanzando-el-puesto-19-2\/"},"wordCount":301,"commentCount":0,"publisher":{"@id":"https:\/\/mediaforceglobal.com\/#organization"},"keywords":["Farruko"],"articleSection":["Press Releases"],"inLanguage":"es","potentialAction":[{"@type":"CommentAction","name":"Comment","target":["https:\/\/mediaforceglobal.com\/es\/press-releases\/farruko-entra-en-los-top-100-de-mtv-music-meter-alcanzando-el-puesto-19-2\/#respond"]}]},{"@type":"WebPage","@id":"https:\/\/mediaforceglobal.com\/es\/press-releases\/farruko-entra-en-los-top-100-de-mtv-music-meter-alcanzando-el-puesto-19-2\/","url":"https:\/\/mediaforceglobal.com\/es\/press-releases\/farruko-entra-en-los-top-100-de-mtv-music-meter-alcanzando-el-puesto-19-2\/","name":"Farruko entra en los Top 100 de MTV Music Meter alcanzando el puesto 19 &#8226; Media Force Global","isPartOf":{"@id":"https:\/\/mediaforceglobal.com\/#website"},"datePublished":"2011-08-19T15:05:51+00:00","dateModified":"2022-09-14T21:04:46+00:00","breadcrumb":{"@id":"https:\/\/mediaforceglobal.com\/es\/press-releases\/farruko-entra-en-los-top-100-de-mtv-music-meter-alcanzando-el-puesto-19-2\/#breadcrumb"},"inLanguage":"es","potentialAction":[{"@type":"ReadAction","target":["https:\/\/mediaforceglobal.com\/es\/press-releases\/farruko-entra-en-los-top-100-de-mtv-music-meter-alcanzando-el-puesto-19-2\/"]}]},{"@type":"BreadcrumbList","@id":"https:\/\/mediaforceglobal.com\/es\/press-releases\/farruko-entra-en-los-top-100-de-mtv-music-meter-alcanzando-el-puesto-19-2\/#breadcrumb","itemListElement":[{"@type":"ListItem","position":1,"name":"Home","item":"https:\/\/mediaforceglobal.com\/"},{"@type":"ListItem","position":2,"name":"Press Releases","item":"https:\/\/mediaforceglobal.com\/press-releases\/"},{"@type":"ListItem","position":3,"name":"Farruko entra en los Top 100 de MTV Music Meter alcanzando el puesto 19"}]},{"@type":"WebSite","@id":"https:\/\/mediaforceglobal.com\/#website","url":"https:\/\/mediaforceglobal.com\/","name":"Media Force Global","description":"Public Relations + Marketing","publisher":{"@id":"https:\/\/mediaforceglobal.com\/#organization"},"alternateName":"Media Force Global","potentialAction":[{"@type":"SearchAction","target":{"@type":"EntryPoint","urlTemplate":"https:\/\/mediaforceglobal.com\/?s={search_term_string}"},"query-input":{"@type":"PropertyValueSpecification","valueRequired":true,"valueName":"search_term_string"}}],"inLanguage":"es"},{"@type":"Organization","@id":"https:\/\/mediaforceglobal.com\/#organization","name":"Media Force Global","url":"https:\/\/mediaforceglobal.com\/","logo":{"@type":"ImageObject","inLanguage":"es","@id":"https:\/\/mediaforceglobal.com\/#\/schema\/logo\/image\/","url":"https:\/\/mediaforceglobal.com\/wp-content\/uploads\/2022\/09\/2021-MFG-logo-web.jpg","contentUrl":"https:\/\/mediaforceglobal.com\/wp-content\/uploads\/2022\/09\/2021-MFG-logo-web.jpg","width":767,"height":718,"caption":"Media Force Global"},"image":{"@id":"https:\/\/mediaforceglobal.com\/#\/schema\/logo\/image\/"},"sameAs":["https:\/\/www.facebook.com\/mediaforceglobal","https:\/\/x.com\/MFGNewsroom","https:\/\/www.instagram.com\/mediaforceglobal\/","https:\/\/www.linkedin.com\/company\/mediaforceglobal"],"description":"Media Force Global is an agency specializing in public relations, and brand positioning. Discover innovative PR strategies, high-impact campaigns, branding, media management, and business growth solutions\u2014all designed to maximize the visibility, reputation, and global reach of companies, celebrities, and entrepreneurs. Boost your digital presence with experts in strategic communication, storytelling, and performance marketing.","email":"info@mediaforceglobal.com","telephone":"+1 (786) 749-6900","legalName":"Media Force Global & Partners LLC","foundingDate":"2008-10-05","numberOfEmployees":{"@type":"QuantitativeValue","minValue":"1","maxValue":"10"}},{"@type":"Person","@id":"https:\/\/mediaforceglobal.com\/#\/schema\/person\/27f53727962287ebddbc752dbf219aaf","name":"Staff","image":{"@type":"ImageObject","inLanguage":"es","@id":"https:\/\/secure.gravatar.com\/avatar\/91618d41d75a4de8534513840b31d2be1c9485fb9dc8f5ffdf29c4fbf5943cb8?s=96&d=mm&r=g","url":"https:\/\/secure.gravatar.com\/avatar\/91618d41d75a4de8534513840b31d2be1c9485fb9dc8f5ffdf29c4fbf5943cb8?s=96&d=mm&r=g","contentUrl":"https:\/\/secure.gravatar.com\/avatar\/91618d41d75a4de8534513840b31d2be1c9485fb9dc8f5ffdf29c4fbf5943cb8?s=96&d=mm&r=g","caption":"Staff"},"description":"President of Media Force Global + Partners with more than 15 year of experience, a Bachelor\u2019s degree in Communications (Sacred Heart University) and a Master\u2019s in Entertainment Business (Full Sail University). Mel Diaz overseas operations in the areas of Public Relations, Integrated Marketing and Artist Management &amp; Commercialization; through the years, working and implementing Public Relations strategies for Jos\u00e9 Feliciano, Farruko, Proyecto Uno to mention a few, and commercial brands such as Custo Barcelona, Miami Children's Hospital Foundation and Televisa Publishing + Digital among others.","knowsLanguage":["English","Spanish"],"jobTitle":"President CEO","worksFor":"Media Force Global + Partners","url":"https:\/\/mediaforceglobal.com\/es\/author\/adminmfg\/"}]}},"_links":{"self":[{"href":"https:\/\/mediaforceglobal.com\/es\/wp-json\/wp\/v2\/posts\/714","targetHints":{"allow":["GET"]}}],"collection":[{"href":"https:\/\/mediaforceglobal.com\/es\/wp-json\/wp\/v2\/posts"}],"about":[{"href":"https:\/\/mediaforceglobal.com\/es\/wp-json\/wp\/v2\/types\/post"}],"author":[{"embeddable":true,"href":"https:\/\/mediaforceglobal.com\/es\/wp-json\/wp\/v2\/users\/1"}],"replies":[{"embeddable":true,"href":"https:\/\/mediaforceglobal.com\/es\/wp-json\/wp\/v2\/comments?post=714"}],"version-history":[{"count":0,"href":"https:\/\/mediaforceglobal.com\/es\/wp-json\/wp\/v2\/posts\/714\/revisions"}],"wp:attachment":[{"href":"https:\/\/mediaforceglobal.com\/es\/wp-json\/wp\/v2\/media?parent=714"}],"wp:term":[{"taxonomy":"category","embeddable":true,"href":"https:\/\/mediaforceglobal.com\/es\/wp-json\/wp\/v2\/categories?post=714"},{"taxonomy":"post_tag","embeddable":true,"href":"https:\/\/mediaforceglobal.com\/es\/wp-json\/wp\/v2\/tags?post=714"}],"curies":[{"name":"wp","href":"https:\/\/api.w.org\/{rel}","templated":true}]}}