{"id":79428,"date":"2018-09-04T21:21:16","date_gmt":"2018-09-04T21:21:16","guid":{"rendered":"http:\/\/3e3.9ed.myftpupload.com\/y-tu-te-vas-el-nuevo-exitazo-de-la-bachata-que-combina-las-voces-de-raul-mieres-y-domenic-marte\/"},"modified":"2022-09-14T17:03:03","modified_gmt":"2022-09-14T21:03:03","slug":"y-tu-te-vas-el-nuevo-exitazo-de-la-bachata-que-combina-las-voces-de-raul-mieres-y-domenic-marte","status":"publish","type":"post","link":"https:\/\/mediaforceglobal.com\/es\/press-releases\/y-tu-te-vas-el-nuevo-exitazo-de-la-bachata-que-combina-las-voces-de-raul-mieres-y-domenic-marte\/","title":{"rendered":"\u201cY t\u00fa te vas\u201d el nuevo \u201cexitazo\u201d de la bachata que combina las voces de Ra\u00fal Mieres y Domenic Marte"},"content":{"rendered":"<p>\u201cEl Conde de la Bachata\u201d Raul Mieres, tal y como fue apodado en el inicio de su carrera art\u00edstica, celebra una exitosa gira de medios por los canales y medios de comunicaci\u00f3n m\u00e1s importantes de la ciudad de Miami, promocionando su tema a d\u00fao con Domenic Marte <em>\u201cY t\u00fa te vas\u201d.<br \/>\n<\/em><\/p>\n<p><!--more--><\/p>\n<p>El int\u00e9rprete uruguayo se encuentra actualmente promocionando su m\u00e1s reciente sencillo \u201c<em>Y t\u00fa te vas<\/em>\u201d, el cual forma parte de su primer \u00e1lbum de estudio \u201c<em>Mi sue\u00f1o<\/em>\u201d, contando con la colaboraci\u00f3n del tambi\u00e9n reconocido int\u00e9rprete de la bachata Domenic Marte. El tema es de la autor\u00eda de Raul Mieres y cuenta con la producci\u00f3n de Domenic Marte bajo un sello discogr\u00e1fico independiente, y desde ya, se encuentra disponible en todas las plataformas digitales con una gran acogida del p\u00fablico \u201cbachatero\u201d, escalando posiciones cada d\u00eda en el ranking radial nacional (BDS), de los temas latinos m\u00e1s escuchados por el p\u00fablico.<\/p>\n<p><strong><em>\u201cPara m\u00ed ha sido un honor y uno de los logros m\u00e1s importantes de mi carrera el poder compartir este tema con Domenic Marte, y lograr entrar en un ranking tan competitivo como DBS lo considero una gran bendici\u00f3n y por supuesto, un honor que me regala el p\u00fablico<\/em><\/strong><strong>\u201d, <\/strong>as\u00ed lo afirma \u201cEl Conde\u201d.<\/p>\n<p>Raul Mieres se diferencia de sus compa\u00f1eros del g\u00e9nero por su registro vocal grave que se traduce en interpretaciones con una tonalidad \u201cpotente\u201d que llegan directo al coraz\u00f3n y las emociones de quienes le escuchan. Ha colaborado y compartido escenarios con diversas personalidades reconocidas del medio art\u00edstico y es respetado en el g\u00e9nero de la bachata como \u201cEl Conde\u201d.<\/p>\n<p>Su empuje y constancia le han hecho merecedor de su apodo, \u00a0tal y como el mismo cantautor \u00a0afirma <strong><em>\u201cLos sue\u00f1os si se han realidad, pero solo si te arriesgas a ir tras ellos\u201d<\/em><\/strong>.<\/p>\n<p>Todos los temas del disco \u201c<em>Mi sue\u00f1o<\/em>\u201d se encuentran igualmente disponibles para descarga en todas las plataformas musicales,\u00a0 y por los momentos, \u201cEl Conde de la Bachata\u201d se enfocar\u00e1 en seguir compartiendo su talento con los medios de comunicaci\u00f3n m\u00e1s importantes de Miami, y contagiando a su p\u00fablico con su sonido \u00fanico en las fiestas veraniegas de la denominada Ciudad del Sol.<\/p>","protected":false},"excerpt":{"rendered":"<p>\u201cEl Conde de la Bachata\u201d Raul Mieres, tal y como fue apodado en el inicio de su carrera art\u00edstica, celebra una exitosa gira de medios por los canales y medios de comunicaci\u00f3n m\u00e1s importantes de la ciudad de Miami, promocionando su tema a d\u00fao con Domenic Marte \u201cY t\u00fa te vas\u201d.<\/p>","protected":false},"author":1,"featured_media":0,"comment_status":"closed","ping_status":"open","sticky":false,"template":"","format":"standard","meta":{"_angie_page":false,"page_builder":"","footnotes":""},"categories":[1],"tags":[135,309],"class_list":["post-79428","post","type-post","status-publish","format-standard","hentry","category-press-releases","tag-domenic-marte","tag-raul-mieres"],"yoast_head":"<!-- This site is optimized with the Yoast SEO Premium plugin v27.5 (Yoast SEO v27.5) - https:\/\/yoast.com\/product\/yoast-seo-premium-wordpress\/ -->\n<title>\u201cY t\u00fa te vas\u201d el nuevo \u201cexitazo\u201d de la bachata que combina las voces de Ra\u00fal Mieres y Domenic Marte &#8226; Media Force Global<\/title>\n<meta name=\"robots\" content=\"index, follow, max-snippet:-1, max-image-preview:large, max-video-preview:-1\" \/>\n<link rel=\"canonical\" href=\"https:\/\/mediaforceglobal.com\/es\/press-releases\/y-tu-te-vas-el-nuevo-exitazo-de-la-bachata-que-combina-las-voces-de-raul-mieres-y-domenic-marte\/\" \/>\n<meta property=\"og:locale\" content=\"es_MX\" \/>\n<meta property=\"og:type\" content=\"article\" \/>\n<meta property=\"og:title\" content=\"\u201cY t\u00fa te vas\u201d el nuevo \u201cexitazo\u201d de la bachata que combina las voces de Ra\u00fal Mieres y Domenic Marte &#8226; Media Force Global\" \/>\n<meta property=\"og:url\" content=\"https:\/\/mediaforceglobal.com\/es\/press-releases\/y-tu-te-vas-el-nuevo-exitazo-de-la-bachata-que-combina-las-voces-de-raul-mieres-y-domenic-marte\/\" \/>\n<meta property=\"og:site_name\" content=\"Media Force Global\" \/>\n<meta property=\"article:publisher\" content=\"https:\/\/www.facebook.com\/mediaforceglobal\" \/>\n<meta property=\"article:published_time\" content=\"2018-09-04T21:21:16+00:00\" \/>\n<meta property=\"article:modified_time\" content=\"2022-09-14T21:03:03+00:00\" \/>\n<meta property=\"og:image\" content=\"https:\/\/mediaforceglobal.com\/wp-content\/uploads\/2022\/09\/2021-MFG-logo-web.jpg\" \/>\n\t<meta property=\"og:image:width\" content=\"767\" \/>\n\t<meta property=\"og:image:height\" content=\"718\" \/>\n\t<meta property=\"og:image:type\" content=\"image\/jpeg\" \/>\n<meta name=\"author\" content=\"Staff\" \/>\n<meta name=\"twitter:card\" content=\"summary_large_image\" \/>\n<meta name=\"twitter:creator\" content=\"@MFGNewsroom\" \/>\n<meta name=\"twitter:site\" content=\"@MFGNewsroom\" \/>\n<meta name=\"twitter:label1\" content=\"Escrito por\" \/>\n\t<meta name=\"twitter:data1\" content=\"Staff\" \/>\n\t<meta name=\"twitter:label2\" content=\"Tiempo de lectura\" \/>\n\t<meta name=\"twitter:data2\" content=\"2 minutos\" \/>\n<script type=\"application\/ld+json\" class=\"yoast-schema-graph\">{\"@context\":\"https:\\\/\\\/schema.org\",\"@graph\":[{\"@type\":\"Article\",\"@id\":\"https:\\\/\\\/mediaforceglobal.com\\\/press-releases\\\/y-tu-te-vas-el-nuevo-exitazo-de-la-bachata-que-combina-las-voces-de-raul-mieres-y-domenic-marte\\\/#article\",\"isPartOf\":{\"@id\":\"https:\\\/\\\/mediaforceglobal.com\\\/press-releases\\\/y-tu-te-vas-el-nuevo-exitazo-de-la-bachata-que-combina-las-voces-de-raul-mieres-y-domenic-marte\\\/\"},\"author\":{\"name\":\"Staff\",\"@id\":\"https:\\\/\\\/mediaforceglobal.com\\\/#\\\/schema\\\/person\\\/27f53727962287ebddbc752dbf219aaf\"},\"headline\":\"\u201cY t\u00fa te vas\u201d el nuevo \u201cexitazo\u201d de la bachata que combina las voces de Ra\u00fal Mieres y Domenic Marte\",\"datePublished\":\"2018-09-04T21:21:16+00:00\",\"dateModified\":\"2022-09-14T21:03:03+00:00\",\"mainEntityOfPage\":{\"@id\":\"https:\\\/\\\/mediaforceglobal.com\\\/press-releases\\\/y-tu-te-vas-el-nuevo-exitazo-de-la-bachata-que-combina-las-voces-de-raul-mieres-y-domenic-marte\\\/\"},\"wordCount\":409,\"publisher\":{\"@id\":\"https:\\\/\\\/mediaforceglobal.com\\\/#organization\"},\"keywords\":[\"Domenic Marte\",\"Raul Mieres\"],\"articleSection\":[\"Press Releases\"],\"inLanguage\":\"es\"},{\"@type\":\"WebPage\",\"@id\":\"https:\\\/\\\/mediaforceglobal.com\\\/press-releases\\\/y-tu-te-vas-el-nuevo-exitazo-de-la-bachata-que-combina-las-voces-de-raul-mieres-y-domenic-marte\\\/\",\"url\":\"https:\\\/\\\/mediaforceglobal.com\\\/press-releases\\\/y-tu-te-vas-el-nuevo-exitazo-de-la-bachata-que-combina-las-voces-de-raul-mieres-y-domenic-marte\\\/\",\"name\":\"\u201cY t\u00fa te vas\u201d el nuevo \u201cexitazo\u201d de la bachata que combina las voces de Ra\u00fal Mieres y Domenic Marte &#8226; Media Force Global\",\"isPartOf\":{\"@id\":\"https:\\\/\\\/mediaforceglobal.com\\\/#website\"},\"datePublished\":\"2018-09-04T21:21:16+00:00\",\"dateModified\":\"2022-09-14T21:03:03+00:00\",\"breadcrumb\":{\"@id\":\"https:\\\/\\\/mediaforceglobal.com\\\/press-releases\\\/y-tu-te-vas-el-nuevo-exitazo-de-la-bachata-que-combina-las-voces-de-raul-mieres-y-domenic-marte\\\/#breadcrumb\"},\"inLanguage\":\"es\",\"potentialAction\":[{\"@type\":\"ReadAction\",\"target\":[\"https:\\\/\\\/mediaforceglobal.com\\\/press-releases\\\/y-tu-te-vas-el-nuevo-exitazo-de-la-bachata-que-combina-las-voces-de-raul-mieres-y-domenic-marte\\\/\"]}]},{\"@type\":\"BreadcrumbList\",\"@id\":\"https:\\\/\\\/mediaforceglobal.com\\\/press-releases\\\/y-tu-te-vas-el-nuevo-exitazo-de-la-bachata-que-combina-las-voces-de-raul-mieres-y-domenic-marte\\\/#breadcrumb\",\"itemListElement\":[{\"@type\":\"ListItem\",\"position\":1,\"name\":\"Home\",\"item\":\"https:\\\/\\\/mediaforceglobal.com\\\/\"},{\"@type\":\"ListItem\",\"position\":2,\"name\":\"Press Releases\",\"item\":\"https:\\\/\\\/mediaforceglobal.com\\\/press-releases\\\/\"},{\"@type\":\"ListItem\",\"position\":3,\"name\":\"\u201cY t\u00fa te vas\u201d el nuevo \u201cexitazo\u201d de la bachata que combina las voces de Ra\u00fal Mieres y Domenic Marte\"}]},{\"@type\":\"WebSite\",\"@id\":\"https:\\\/\\\/mediaforceglobal.com\\\/#website\",\"url\":\"https:\\\/\\\/mediaforceglobal.com\\\/\",\"name\":\"Media Force Global\",\"description\":\"Public Relations + Marketing\",\"publisher\":{\"@id\":\"https:\\\/\\\/mediaforceglobal.com\\\/#organization\"},\"alternateName\":\"Media Force Global\",\"potentialAction\":[{\"@type\":\"SearchAction\",\"target\":{\"@type\":\"EntryPoint\",\"urlTemplate\":\"https:\\\/\\\/mediaforceglobal.com\\\/?s={search_term_string}\"},\"query-input\":{\"@type\":\"PropertyValueSpecification\",\"valueRequired\":true,\"valueName\":\"search_term_string\"}}],\"inLanguage\":\"es\"},{\"@type\":\"Organization\",\"@id\":\"https:\\\/\\\/mediaforceglobal.com\\\/#organization\",\"name\":\"Media Force Global\",\"url\":\"https:\\\/\\\/mediaforceglobal.com\\\/\",\"logo\":{\"@type\":\"ImageObject\",\"inLanguage\":\"es\",\"@id\":\"https:\\\/\\\/mediaforceglobal.com\\\/#\\\/schema\\\/logo\\\/image\\\/\",\"url\":\"https:\\\/\\\/mediaforceglobal.com\\\/wp-content\\\/uploads\\\/2022\\\/09\\\/2021-MFG-logo-web.jpg\",\"contentUrl\":\"https:\\\/\\\/mediaforceglobal.com\\\/wp-content\\\/uploads\\\/2022\\\/09\\\/2021-MFG-logo-web.jpg\",\"width\":767,\"height\":718,\"caption\":\"Media Force Global\"},\"image\":{\"@id\":\"https:\\\/\\\/mediaforceglobal.com\\\/#\\\/schema\\\/logo\\\/image\\\/\"},\"sameAs\":[\"https:\\\/\\\/www.facebook.com\\\/mediaforceglobal\",\"https:\\\/\\\/x.com\\\/MFGNewsroom\",\"https:\\\/\\\/www.instagram.com\\\/mediaforceglobal\\\/\",\"https:\\\/\\\/www.linkedin.com\\\/company\\\/mediaforceglobal\"],\"description\":\"Media Force Global is an agency specializing in public relations, and brand positioning. Discover innovative PR strategies, high-impact campaigns, branding, media management, and business growth solutions\u2014all designed to maximize the visibility, reputation, and global reach of companies, celebrities, and entrepreneurs. Boost your digital presence with experts in strategic communication, storytelling, and performance marketing.\",\"email\":\"info@mediaforceglobal.com\",\"telephone\":\"+1 (786) 749-6900\",\"legalName\":\"Media Force Global & Partners LLC\",\"foundingDate\":\"2008-10-05\",\"numberOfEmployees\":{\"@type\":\"QuantitativeValue\",\"minValue\":\"1\",\"maxValue\":\"10\"}},{\"@type\":\"Person\",\"@id\":\"https:\\\/\\\/mediaforceglobal.com\\\/#\\\/schema\\\/person\\\/27f53727962287ebddbc752dbf219aaf\",\"name\":\"Staff\",\"image\":{\"@type\":\"ImageObject\",\"inLanguage\":\"es\",\"@id\":\"https:\\\/\\\/secure.gravatar.com\\\/avatar\\\/91618d41d75a4de8534513840b31d2be1c9485fb9dc8f5ffdf29c4fbf5943cb8?s=96&d=mm&r=g\",\"url\":\"https:\\\/\\\/secure.gravatar.com\\\/avatar\\\/91618d41d75a4de8534513840b31d2be1c9485fb9dc8f5ffdf29c4fbf5943cb8?s=96&d=mm&r=g\",\"contentUrl\":\"https:\\\/\\\/secure.gravatar.com\\\/avatar\\\/91618d41d75a4de8534513840b31d2be1c9485fb9dc8f5ffdf29c4fbf5943cb8?s=96&d=mm&r=g\",\"caption\":\"Staff\"},\"description\":\"President of Media Force Global + Partners with more than 15 year of experience, a Bachelor\u2019s degree in Communications (Sacred Heart University) and a Master\u2019s in Entertainment Business (Full Sail University). Mel Diaz overseas operations in the areas of Public Relations, Integrated Marketing and Artist Management &amp; Commercialization; through the years, working and implementing Public Relations strategies for Jos\u00e9 Feliciano, Farruko, Proyecto Uno to mention a few, and commercial brands such as Custo Barcelona, Miami Children's Hospital Foundation and Televisa Publishing + Digital among others.\",\"knowsLanguage\":[\"English\",\"Spanish\"],\"jobTitle\":\"President CEO\",\"worksFor\":\"Media Force Global + Partners\",\"url\":\"https:\\\/\\\/mediaforceglobal.com\\\/es\\\/author\\\/adminmfg\\\/\"}]}<\/script>\n<!-- \/ Yoast SEO Premium plugin. -->","yoast_head_json":{"title":"\u201cY t\u00fa te vas\u201d el nuevo \u201cexitazo\u201d de la bachata que combina las voces de Ra\u00fal Mieres y Domenic Marte &#8226; Media Force Global","robots":{"index":"index","follow":"follow","max-snippet":"max-snippet:-1","max-image-preview":"max-image-preview:large","max-video-preview":"max-video-preview:-1"},"canonical":"https:\/\/mediaforceglobal.com\/es\/press-releases\/y-tu-te-vas-el-nuevo-exitazo-de-la-bachata-que-combina-las-voces-de-raul-mieres-y-domenic-marte\/","og_locale":"es_MX","og_type":"article","og_title":"\u201cY t\u00fa te vas\u201d el nuevo \u201cexitazo\u201d de la bachata que combina las voces de Ra\u00fal Mieres y Domenic Marte &#8226; Media Force Global","og_url":"https:\/\/mediaforceglobal.com\/es\/press-releases\/y-tu-te-vas-el-nuevo-exitazo-de-la-bachata-que-combina-las-voces-de-raul-mieres-y-domenic-marte\/","og_site_name":"Media Force Global","article_publisher":"https:\/\/www.facebook.com\/mediaforceglobal","article_published_time":"2018-09-04T21:21:16+00:00","article_modified_time":"2022-09-14T21:03:03+00:00","og_image":[{"width":767,"height":718,"url":"https:\/\/mediaforceglobal.com\/wp-content\/uploads\/2022\/09\/2021-MFG-logo-web.jpg","type":"image\/jpeg"}],"author":"Staff","twitter_card":"summary_large_image","twitter_creator":"@MFGNewsroom","twitter_site":"@MFGNewsroom","twitter_misc":{"Escrito por":"Staff","Tiempo de lectura":"2 minutos"},"schema":{"@context":"https:\/\/schema.org","@graph":[{"@type":"Article","@id":"https:\/\/mediaforceglobal.com\/press-releases\/y-tu-te-vas-el-nuevo-exitazo-de-la-bachata-que-combina-las-voces-de-raul-mieres-y-domenic-marte\/#article","isPartOf":{"@id":"https:\/\/mediaforceglobal.com\/press-releases\/y-tu-te-vas-el-nuevo-exitazo-de-la-bachata-que-combina-las-voces-de-raul-mieres-y-domenic-marte\/"},"author":{"name":"Staff","@id":"https:\/\/mediaforceglobal.com\/#\/schema\/person\/27f53727962287ebddbc752dbf219aaf"},"headline":"\u201cY t\u00fa te vas\u201d el nuevo \u201cexitazo\u201d de la bachata que combina las voces de Ra\u00fal Mieres y Domenic Marte","datePublished":"2018-09-04T21:21:16+00:00","dateModified":"2022-09-14T21:03:03+00:00","mainEntityOfPage":{"@id":"https:\/\/mediaforceglobal.com\/press-releases\/y-tu-te-vas-el-nuevo-exitazo-de-la-bachata-que-combina-las-voces-de-raul-mieres-y-domenic-marte\/"},"wordCount":409,"publisher":{"@id":"https:\/\/mediaforceglobal.com\/#organization"},"keywords":["Domenic Marte","Raul Mieres"],"articleSection":["Press Releases"],"inLanguage":"es"},{"@type":"WebPage","@id":"https:\/\/mediaforceglobal.com\/press-releases\/y-tu-te-vas-el-nuevo-exitazo-de-la-bachata-que-combina-las-voces-de-raul-mieres-y-domenic-marte\/","url":"https:\/\/mediaforceglobal.com\/press-releases\/y-tu-te-vas-el-nuevo-exitazo-de-la-bachata-que-combina-las-voces-de-raul-mieres-y-domenic-marte\/","name":"\u201cY t\u00fa te vas\u201d el nuevo \u201cexitazo\u201d de la bachata que combina las voces de Ra\u00fal Mieres y Domenic Marte &#8226; Media Force Global","isPartOf":{"@id":"https:\/\/mediaforceglobal.com\/#website"},"datePublished":"2018-09-04T21:21:16+00:00","dateModified":"2022-09-14T21:03:03+00:00","breadcrumb":{"@id":"https:\/\/mediaforceglobal.com\/press-releases\/y-tu-te-vas-el-nuevo-exitazo-de-la-bachata-que-combina-las-voces-de-raul-mieres-y-domenic-marte\/#breadcrumb"},"inLanguage":"es","potentialAction":[{"@type":"ReadAction","target":["https:\/\/mediaforceglobal.com\/press-releases\/y-tu-te-vas-el-nuevo-exitazo-de-la-bachata-que-combina-las-voces-de-raul-mieres-y-domenic-marte\/"]}]},{"@type":"BreadcrumbList","@id":"https:\/\/mediaforceglobal.com\/press-releases\/y-tu-te-vas-el-nuevo-exitazo-de-la-bachata-que-combina-las-voces-de-raul-mieres-y-domenic-marte\/#breadcrumb","itemListElement":[{"@type":"ListItem","position":1,"name":"Home","item":"https:\/\/mediaforceglobal.com\/"},{"@type":"ListItem","position":2,"name":"Press Releases","item":"https:\/\/mediaforceglobal.com\/press-releases\/"},{"@type":"ListItem","position":3,"name":"\u201cY t\u00fa te vas\u201d el nuevo \u201cexitazo\u201d de la bachata que combina las voces de Ra\u00fal Mieres y Domenic Marte"}]},{"@type":"WebSite","@id":"https:\/\/mediaforceglobal.com\/#website","url":"https:\/\/mediaforceglobal.com\/","name":"Media Force Global","description":"Public Relations + Marketing","publisher":{"@id":"https:\/\/mediaforceglobal.com\/#organization"},"alternateName":"Media Force Global","potentialAction":[{"@type":"SearchAction","target":{"@type":"EntryPoint","urlTemplate":"https:\/\/mediaforceglobal.com\/?s={search_term_string}"},"query-input":{"@type":"PropertyValueSpecification","valueRequired":true,"valueName":"search_term_string"}}],"inLanguage":"es"},{"@type":"Organization","@id":"https:\/\/mediaforceglobal.com\/#organization","name":"Media Force Global","url":"https:\/\/mediaforceglobal.com\/","logo":{"@type":"ImageObject","inLanguage":"es","@id":"https:\/\/mediaforceglobal.com\/#\/schema\/logo\/image\/","url":"https:\/\/mediaforceglobal.com\/wp-content\/uploads\/2022\/09\/2021-MFG-logo-web.jpg","contentUrl":"https:\/\/mediaforceglobal.com\/wp-content\/uploads\/2022\/09\/2021-MFG-logo-web.jpg","width":767,"height":718,"caption":"Media Force Global"},"image":{"@id":"https:\/\/mediaforceglobal.com\/#\/schema\/logo\/image\/"},"sameAs":["https:\/\/www.facebook.com\/mediaforceglobal","https:\/\/x.com\/MFGNewsroom","https:\/\/www.instagram.com\/mediaforceglobal\/","https:\/\/www.linkedin.com\/company\/mediaforceglobal"],"description":"Media Force Global is an agency specializing in public relations, and brand positioning. Discover innovative PR strategies, high-impact campaigns, branding, media management, and business growth solutions\u2014all designed to maximize the visibility, reputation, and global reach of companies, celebrities, and entrepreneurs. Boost your digital presence with experts in strategic communication, storytelling, and performance marketing.","email":"info@mediaforceglobal.com","telephone":"+1 (786) 749-6900","legalName":"Media Force Global & Partners LLC","foundingDate":"2008-10-05","numberOfEmployees":{"@type":"QuantitativeValue","minValue":"1","maxValue":"10"}},{"@type":"Person","@id":"https:\/\/mediaforceglobal.com\/#\/schema\/person\/27f53727962287ebddbc752dbf219aaf","name":"Staff","image":{"@type":"ImageObject","inLanguage":"es","@id":"https:\/\/secure.gravatar.com\/avatar\/91618d41d75a4de8534513840b31d2be1c9485fb9dc8f5ffdf29c4fbf5943cb8?s=96&d=mm&r=g","url":"https:\/\/secure.gravatar.com\/avatar\/91618d41d75a4de8534513840b31d2be1c9485fb9dc8f5ffdf29c4fbf5943cb8?s=96&d=mm&r=g","contentUrl":"https:\/\/secure.gravatar.com\/avatar\/91618d41d75a4de8534513840b31d2be1c9485fb9dc8f5ffdf29c4fbf5943cb8?s=96&d=mm&r=g","caption":"Staff"},"description":"President of Media Force Global + Partners with more than 15 year of experience, a Bachelor\u2019s degree in Communications (Sacred Heart University) and a Master\u2019s in Entertainment Business (Full Sail University). Mel Diaz overseas operations in the areas of Public Relations, Integrated Marketing and Artist Management &amp; Commercialization; through the years, working and implementing Public Relations strategies for Jos\u00e9 Feliciano, Farruko, Proyecto Uno to mention a few, and commercial brands such as Custo Barcelona, Miami Children's Hospital Foundation and Televisa Publishing + Digital among others.","knowsLanguage":["English","Spanish"],"jobTitle":"President CEO","worksFor":"Media Force Global + Partners","url":"https:\/\/mediaforceglobal.com\/es\/author\/adminmfg\/"}]}},"_links":{"self":[{"href":"https:\/\/mediaforceglobal.com\/es\/wp-json\/wp\/v2\/posts\/79428","targetHints":{"allow":["GET"]}}],"collection":[{"href":"https:\/\/mediaforceglobal.com\/es\/wp-json\/wp\/v2\/posts"}],"about":[{"href":"https:\/\/mediaforceglobal.com\/es\/wp-json\/wp\/v2\/types\/post"}],"author":[{"embeddable":true,"href":"https:\/\/mediaforceglobal.com\/es\/wp-json\/wp\/v2\/users\/1"}],"replies":[{"embeddable":true,"href":"https:\/\/mediaforceglobal.com\/es\/wp-json\/wp\/v2\/comments?post=79428"}],"version-history":[{"count":0,"href":"https:\/\/mediaforceglobal.com\/es\/wp-json\/wp\/v2\/posts\/79428\/revisions"}],"wp:attachment":[{"href":"https:\/\/mediaforceglobal.com\/es\/wp-json\/wp\/v2\/media?parent=79428"}],"wp:term":[{"taxonomy":"category","embeddable":true,"href":"https:\/\/mediaforceglobal.com\/es\/wp-json\/wp\/v2\/categories?post=79428"},{"taxonomy":"post_tag","embeddable":true,"href":"https:\/\/mediaforceglobal.com\/es\/wp-json\/wp\/v2\/tags?post=79428"}],"curies":[{"name":"wp","href":"https:\/\/api.w.org\/{rel}","templated":true}]}}