{"id":79453,"date":"2018-11-09T20:07:40","date_gmt":"2018-11-09T20:07:40","guid":{"rendered":"http:\/\/3e3.9ed.myftpupload.com\/?p=79453"},"modified":"2022-09-14T17:03:02","modified_gmt":"2022-09-14T21:03:02","slug":"los-pixel-lanzan-al-mercado-su-nuevo-sencillo-la-clave","status":"publish","type":"post","link":"https:\/\/mediaforceglobal.com\/es\/press-releases\/los-pixel-lanzan-al-mercado-su-nuevo-sencillo-la-clave\/","title":{"rendered":"Los Pixel \u201clanzan\u201d al mercado su nuevo sencillo \u201cLa clave\u201d"},"content":{"rendered":"<p><strong>Venezuela dice \u00a1Presente! En la noche de Latin Grammy 2018<\/strong><\/p>\n<p>La banda de Rock en Espa\u00f1ol de origen venezolano: Los Pixel, celebra su primera nominaci\u00f3n al Grammy Latino 2018, dejando muy en alto su cultura, sus ra\u00edces, su sonido \u00fanico e irreverente y por supuesto, el nombre del pa\u00eds que los vio nacer.<\/p>\n<p>Pablo Dagnino (voz), H\u00e9ctor \u201cTito\u201d Fierro (guitarra), Pablo Fernandes (bajo) y Eduardo S\u00e1ez (bater\u00eda) son los cuatro venezolanos quienes dan vida a la banda de Rock en Espa\u00f1ol Los Pixel.\u00a0Quienes anteriormente, han gozado de nominaciones en grandes galas de premios como: MTV Video Music Awards Latinoam\u00e9rica (2005), Premios Yahoo Music Awards! y Premios Pop and Rock (antiguamente celebrados en Venezuela).<\/p>\n<p>Hoy en d\u00eda celebran, en grande, su primera nominaci\u00f3n al galard\u00f3n m\u00e1s importante y significativo de la m\u00fasica latina: Latin Grammy 2018, en la categor\u00eda \u201cMejor \u00c1lbum Rock\u201d, gracias a su quinto, y m\u00e1s reciente disco de estudio \u201cAhora lo sabes todo\u201d, en co-producci\u00f3n con Diego M\u00e1rquez, mezclado por Eduardo Lares y Eduardo Saez, as\u00ed como Eduardo Mart\u00ednez y Angemyr Lezama en la masterizaci\u00f3n en DbMix Studio.\u00a0El \u00e1lbum estar\u00e1 compitiendo con las producciones de las bandas: Enrique Bunbury, Richard Coleman, \u00c9l Mat\u00f3 a Un Polic\u00eda y\u00a0NoTeVaGustar.<\/p>\n<p>\u201cNunca est\u00e1s preparado para recibir una noticia tan inmensamente gratificante como esta, hemos trabajado arduamente durante 18 a\u00f1os, en cinco producciones originales y no podemos m\u00e1s que agradecer a la academia por habernos tomado en cuenta. Representaremos a Venezuela con el mayor orgullo\u201d. Afirma Pablo Dagnino, voz de Los Pixel.<\/p>\n<p>Adicionalmente, Los Pixel se encuentran en plena promoci\u00f3n su sencillo \u201cLa clave\u201d, el cual ya posee su propio video musical dirigido por el venezolano N\u00e9stor Villasmil.<\/p>\n<p>La letra de esta canci\u00f3n fue escrita por el vocalista, Pablo Dagnino, y refleja el sonido fresco, actual y distintivo de la banda, cuya letra resalta el papel de \u201cesa persona especial\u201d en la existencia de todo ser humano, esa que invita a asumir mayores riesgos en la vida.<\/p>\n<p>Los Pixel\u00a0estar\u00e1n aterrizando en la ciudad de Las Vegas el pr\u00f3ximo 12 de noviembre para asistir a la noche m\u00e1s importante de la m\u00fasica latina, esperando poder llevarse el galard\u00f3n a tierras venezolanas.<\/p>","protected":false},"excerpt":{"rendered":"<p>Venezuela dice \u00a1Presente! En la noche de Latin Grammy 2018 La banda de Rock en Espa\u00f1ol de origen venezolano: Los Pixel, celebra su primera nominaci\u00f3n al Grammy Latino 2018, dejando muy en alto su cultura, sus ra\u00edces, su sonido \u00fanico e irreverente y por supuesto, el nombre del pa\u00eds que los vio nacer. Pablo Dagnino [&hellip;]<\/p>\n","protected":false},"author":1,"featured_media":0,"comment_status":"closed","ping_status":"open","sticky":false,"template":"","format":"standard","meta":{"_angie_page":false,"page_builder":"","footnotes":""},"categories":[1],"tags":[313],"class_list":["post-79453","post","type-post","status-publish","format-standard","hentry","category-press-releases","tag-los-pixel"],"yoast_head":"<!-- This site is optimized with the Yoast SEO Premium plugin v27.5 (Yoast SEO v27.5) - https:\/\/yoast.com\/product\/yoast-seo-premium-wordpress\/ -->\n<title>Los Pixel \u201clanzan\u201d al mercado su nuevo sencillo \u201cLa clave\u201d &#8226; Media Force Global<\/title>\n<meta name=\"robots\" content=\"index, follow, max-snippet:-1, max-image-preview:large, max-video-preview:-1\" \/>\n<link rel=\"canonical\" href=\"https:\/\/mediaforceglobal.com\/es\/press-releases\/los-pixel-lanzan-al-mercado-su-nuevo-sencillo-la-clave\/\" \/>\n<meta property=\"og:locale\" content=\"es_MX\" \/>\n<meta property=\"og:type\" content=\"article\" \/>\n<meta property=\"og:title\" content=\"Los Pixel \u201clanzan\u201d al mercado su nuevo sencillo \u201cLa clave\u201d &#8226; Media Force Global\" \/>\n<meta property=\"og:url\" content=\"https:\/\/mediaforceglobal.com\/es\/press-releases\/los-pixel-lanzan-al-mercado-su-nuevo-sencillo-la-clave\/\" \/>\n<meta property=\"og:site_name\" content=\"Media Force Global\" \/>\n<meta property=\"article:publisher\" content=\"https:\/\/www.facebook.com\/mediaforceglobal\" \/>\n<meta property=\"article:published_time\" content=\"2018-11-09T20:07:40+00:00\" \/>\n<meta property=\"article:modified_time\" content=\"2022-09-14T21:03:02+00:00\" \/>\n<meta property=\"og:image\" content=\"https:\/\/mediaforceglobal.com\/wp-content\/uploads\/2022\/09\/2021-MFG-logo-web.jpg\" \/>\n\t<meta property=\"og:image:width\" content=\"767\" \/>\n\t<meta property=\"og:image:height\" content=\"718\" \/>\n\t<meta property=\"og:image:type\" content=\"image\/jpeg\" \/>\n<meta name=\"author\" content=\"Staff\" \/>\n<meta name=\"twitter:card\" content=\"summary_large_image\" \/>\n<meta name=\"twitter:creator\" content=\"@MFGNewsroom\" \/>\n<meta name=\"twitter:site\" content=\"@MFGNewsroom\" \/>\n<meta name=\"twitter:label1\" content=\"Escrito por\" \/>\n\t<meta name=\"twitter:data1\" content=\"Staff\" \/>\n\t<meta name=\"twitter:label2\" content=\"Tiempo de lectura\" \/>\n\t<meta name=\"twitter:data2\" content=\"2 minutos\" \/>\n<script type=\"application\/ld+json\" class=\"yoast-schema-graph\">{\"@context\":\"https:\\\/\\\/schema.org\",\"@graph\":[{\"@type\":\"Article\",\"@id\":\"https:\\\/\\\/mediaforceglobal.com\\\/press-releases\\\/los-pixel-lanzan-al-mercado-su-nuevo-sencillo-la-clave\\\/#article\",\"isPartOf\":{\"@id\":\"https:\\\/\\\/mediaforceglobal.com\\\/press-releases\\\/los-pixel-lanzan-al-mercado-su-nuevo-sencillo-la-clave\\\/\"},\"author\":{\"name\":\"Staff\",\"@id\":\"https:\\\/\\\/mediaforceglobal.com\\\/#\\\/schema\\\/person\\\/27f53727962287ebddbc752dbf219aaf\"},\"headline\":\"Los Pixel \u201clanzan\u201d al mercado su nuevo sencillo \u201cLa clave\u201d\",\"datePublished\":\"2018-11-09T20:07:40+00:00\",\"dateModified\":\"2022-09-14T21:03:02+00:00\",\"mainEntityOfPage\":{\"@id\":\"https:\\\/\\\/mediaforceglobal.com\\\/press-releases\\\/los-pixel-lanzan-al-mercado-su-nuevo-sencillo-la-clave\\\/\"},\"wordCount\":397,\"publisher\":{\"@id\":\"https:\\\/\\\/mediaforceglobal.com\\\/#organization\"},\"keywords\":[\"Los Pixel\"],\"articleSection\":[\"Press Releases\"],\"inLanguage\":\"es\"},{\"@type\":\"WebPage\",\"@id\":\"https:\\\/\\\/mediaforceglobal.com\\\/press-releases\\\/los-pixel-lanzan-al-mercado-su-nuevo-sencillo-la-clave\\\/\",\"url\":\"https:\\\/\\\/mediaforceglobal.com\\\/press-releases\\\/los-pixel-lanzan-al-mercado-su-nuevo-sencillo-la-clave\\\/\",\"name\":\"Los Pixel \u201clanzan\u201d al mercado su nuevo sencillo \u201cLa clave\u201d &#8226; Media Force Global\",\"isPartOf\":{\"@id\":\"https:\\\/\\\/mediaforceglobal.com\\\/#website\"},\"datePublished\":\"2018-11-09T20:07:40+00:00\",\"dateModified\":\"2022-09-14T21:03:02+00:00\",\"breadcrumb\":{\"@id\":\"https:\\\/\\\/mediaforceglobal.com\\\/press-releases\\\/los-pixel-lanzan-al-mercado-su-nuevo-sencillo-la-clave\\\/#breadcrumb\"},\"inLanguage\":\"es\",\"potentialAction\":[{\"@type\":\"ReadAction\",\"target\":[\"https:\\\/\\\/mediaforceglobal.com\\\/press-releases\\\/los-pixel-lanzan-al-mercado-su-nuevo-sencillo-la-clave\\\/\"]}]},{\"@type\":\"BreadcrumbList\",\"@id\":\"https:\\\/\\\/mediaforceglobal.com\\\/press-releases\\\/los-pixel-lanzan-al-mercado-su-nuevo-sencillo-la-clave\\\/#breadcrumb\",\"itemListElement\":[{\"@type\":\"ListItem\",\"position\":1,\"name\":\"Home\",\"item\":\"https:\\\/\\\/mediaforceglobal.com\\\/\"},{\"@type\":\"ListItem\",\"position\":2,\"name\":\"Press Releases\",\"item\":\"https:\\\/\\\/mediaforceglobal.com\\\/press-releases\\\/\"},{\"@type\":\"ListItem\",\"position\":3,\"name\":\"Los Pixel \u201clanzan\u201d al mercado su nuevo sencillo \u201cLa clave\u201d\"}]},{\"@type\":\"WebSite\",\"@id\":\"https:\\\/\\\/mediaforceglobal.com\\\/#website\",\"url\":\"https:\\\/\\\/mediaforceglobal.com\\\/\",\"name\":\"Media Force Global\",\"description\":\"Public Relations + Marketing\",\"publisher\":{\"@id\":\"https:\\\/\\\/mediaforceglobal.com\\\/#organization\"},\"alternateName\":\"Media Force Global\",\"potentialAction\":[{\"@type\":\"SearchAction\",\"target\":{\"@type\":\"EntryPoint\",\"urlTemplate\":\"https:\\\/\\\/mediaforceglobal.com\\\/?s={search_term_string}\"},\"query-input\":{\"@type\":\"PropertyValueSpecification\",\"valueRequired\":true,\"valueName\":\"search_term_string\"}}],\"inLanguage\":\"es\"},{\"@type\":\"Organization\",\"@id\":\"https:\\\/\\\/mediaforceglobal.com\\\/#organization\",\"name\":\"Media Force Global\",\"url\":\"https:\\\/\\\/mediaforceglobal.com\\\/\",\"logo\":{\"@type\":\"ImageObject\",\"inLanguage\":\"es\",\"@id\":\"https:\\\/\\\/mediaforceglobal.com\\\/#\\\/schema\\\/logo\\\/image\\\/\",\"url\":\"https:\\\/\\\/mediaforceglobal.com\\\/wp-content\\\/uploads\\\/2022\\\/09\\\/2021-MFG-logo-web.jpg\",\"contentUrl\":\"https:\\\/\\\/mediaforceglobal.com\\\/wp-content\\\/uploads\\\/2022\\\/09\\\/2021-MFG-logo-web.jpg\",\"width\":767,\"height\":718,\"caption\":\"Media Force Global\"},\"image\":{\"@id\":\"https:\\\/\\\/mediaforceglobal.com\\\/#\\\/schema\\\/logo\\\/image\\\/\"},\"sameAs\":[\"https:\\\/\\\/www.facebook.com\\\/mediaforceglobal\",\"https:\\\/\\\/x.com\\\/MFGNewsroom\",\"https:\\\/\\\/www.instagram.com\\\/mediaforceglobal\\\/\",\"https:\\\/\\\/www.linkedin.com\\\/company\\\/mediaforceglobal\"],\"description\":\"Media Force Global is an agency specializing in public relations, and brand positioning. Discover innovative PR strategies, high-impact campaigns, branding, media management, and business growth solutions\u2014all designed to maximize the visibility, reputation, and global reach of companies, celebrities, and entrepreneurs. Boost your digital presence with experts in strategic communication, storytelling, and performance marketing.\",\"email\":\"info@mediaforceglobal.com\",\"telephone\":\"+1 (786) 749-6900\",\"legalName\":\"Media Force Global & Partners LLC\",\"foundingDate\":\"2008-10-05\",\"numberOfEmployees\":{\"@type\":\"QuantitativeValue\",\"minValue\":\"1\",\"maxValue\":\"10\"}},{\"@type\":\"Person\",\"@id\":\"https:\\\/\\\/mediaforceglobal.com\\\/#\\\/schema\\\/person\\\/27f53727962287ebddbc752dbf219aaf\",\"name\":\"Staff\",\"image\":{\"@type\":\"ImageObject\",\"inLanguage\":\"es\",\"@id\":\"https:\\\/\\\/secure.gravatar.com\\\/avatar\\\/91618d41d75a4de8534513840b31d2be1c9485fb9dc8f5ffdf29c4fbf5943cb8?s=96&d=mm&r=g\",\"url\":\"https:\\\/\\\/secure.gravatar.com\\\/avatar\\\/91618d41d75a4de8534513840b31d2be1c9485fb9dc8f5ffdf29c4fbf5943cb8?s=96&d=mm&r=g\",\"contentUrl\":\"https:\\\/\\\/secure.gravatar.com\\\/avatar\\\/91618d41d75a4de8534513840b31d2be1c9485fb9dc8f5ffdf29c4fbf5943cb8?s=96&d=mm&r=g\",\"caption\":\"Staff\"},\"description\":\"President of Media Force Global + Partners with more than 15 year of experience, a Bachelor\u2019s degree in Communications (Sacred Heart University) and a Master\u2019s in Entertainment Business (Full Sail University). Mel Diaz overseas operations in the areas of Public Relations, Integrated Marketing and Artist Management &amp; Commercialization; through the years, working and implementing Public Relations strategies for Jos\u00e9 Feliciano, Farruko, Proyecto Uno to mention a few, and commercial brands such as Custo Barcelona, Miami Children's Hospital Foundation and Televisa Publishing + Digital among others.\",\"knowsLanguage\":[\"English\",\"Spanish\"],\"jobTitle\":\"President CEO\",\"worksFor\":\"Media Force Global + Partners\",\"url\":\"https:\\\/\\\/mediaforceglobal.com\\\/es\\\/author\\\/adminmfg\\\/\"}]}<\/script>\n<!-- \/ Yoast SEO Premium plugin. -->","yoast_head_json":{"title":"Los Pixel \u201clanzan\u201d al mercado su nuevo sencillo \u201cLa clave\u201d &#8226; Media Force Global","robots":{"index":"index","follow":"follow","max-snippet":"max-snippet:-1","max-image-preview":"max-image-preview:large","max-video-preview":"max-video-preview:-1"},"canonical":"https:\/\/mediaforceglobal.com\/es\/press-releases\/los-pixel-lanzan-al-mercado-su-nuevo-sencillo-la-clave\/","og_locale":"es_MX","og_type":"article","og_title":"Los Pixel \u201clanzan\u201d al mercado su nuevo sencillo \u201cLa clave\u201d &#8226; Media Force Global","og_url":"https:\/\/mediaforceglobal.com\/es\/press-releases\/los-pixel-lanzan-al-mercado-su-nuevo-sencillo-la-clave\/","og_site_name":"Media Force Global","article_publisher":"https:\/\/www.facebook.com\/mediaforceglobal","article_published_time":"2018-11-09T20:07:40+00:00","article_modified_time":"2022-09-14T21:03:02+00:00","og_image":[{"width":767,"height":718,"url":"https:\/\/mediaforceglobal.com\/wp-content\/uploads\/2022\/09\/2021-MFG-logo-web.jpg","type":"image\/jpeg"}],"author":"Staff","twitter_card":"summary_large_image","twitter_creator":"@MFGNewsroom","twitter_site":"@MFGNewsroom","twitter_misc":{"Escrito por":"Staff","Tiempo de lectura":"2 minutos"},"schema":{"@context":"https:\/\/schema.org","@graph":[{"@type":"Article","@id":"https:\/\/mediaforceglobal.com\/press-releases\/los-pixel-lanzan-al-mercado-su-nuevo-sencillo-la-clave\/#article","isPartOf":{"@id":"https:\/\/mediaforceglobal.com\/press-releases\/los-pixel-lanzan-al-mercado-su-nuevo-sencillo-la-clave\/"},"author":{"name":"Staff","@id":"https:\/\/mediaforceglobal.com\/#\/schema\/person\/27f53727962287ebddbc752dbf219aaf"},"headline":"Los Pixel \u201clanzan\u201d al mercado su nuevo sencillo \u201cLa clave\u201d","datePublished":"2018-11-09T20:07:40+00:00","dateModified":"2022-09-14T21:03:02+00:00","mainEntityOfPage":{"@id":"https:\/\/mediaforceglobal.com\/press-releases\/los-pixel-lanzan-al-mercado-su-nuevo-sencillo-la-clave\/"},"wordCount":397,"publisher":{"@id":"https:\/\/mediaforceglobal.com\/#organization"},"keywords":["Los Pixel"],"articleSection":["Press Releases"],"inLanguage":"es"},{"@type":"WebPage","@id":"https:\/\/mediaforceglobal.com\/press-releases\/los-pixel-lanzan-al-mercado-su-nuevo-sencillo-la-clave\/","url":"https:\/\/mediaforceglobal.com\/press-releases\/los-pixel-lanzan-al-mercado-su-nuevo-sencillo-la-clave\/","name":"Los Pixel \u201clanzan\u201d al mercado su nuevo sencillo \u201cLa clave\u201d &#8226; Media Force Global","isPartOf":{"@id":"https:\/\/mediaforceglobal.com\/#website"},"datePublished":"2018-11-09T20:07:40+00:00","dateModified":"2022-09-14T21:03:02+00:00","breadcrumb":{"@id":"https:\/\/mediaforceglobal.com\/press-releases\/los-pixel-lanzan-al-mercado-su-nuevo-sencillo-la-clave\/#breadcrumb"},"inLanguage":"es","potentialAction":[{"@type":"ReadAction","target":["https:\/\/mediaforceglobal.com\/press-releases\/los-pixel-lanzan-al-mercado-su-nuevo-sencillo-la-clave\/"]}]},{"@type":"BreadcrumbList","@id":"https:\/\/mediaforceglobal.com\/press-releases\/los-pixel-lanzan-al-mercado-su-nuevo-sencillo-la-clave\/#breadcrumb","itemListElement":[{"@type":"ListItem","position":1,"name":"Home","item":"https:\/\/mediaforceglobal.com\/"},{"@type":"ListItem","position":2,"name":"Press Releases","item":"https:\/\/mediaforceglobal.com\/press-releases\/"},{"@type":"ListItem","position":3,"name":"Los Pixel \u201clanzan\u201d al mercado su nuevo sencillo \u201cLa clave\u201d"}]},{"@type":"WebSite","@id":"https:\/\/mediaforceglobal.com\/#website","url":"https:\/\/mediaforceglobal.com\/","name":"Media Force Global","description":"Public Relations + Marketing","publisher":{"@id":"https:\/\/mediaforceglobal.com\/#organization"},"alternateName":"Media Force Global","potentialAction":[{"@type":"SearchAction","target":{"@type":"EntryPoint","urlTemplate":"https:\/\/mediaforceglobal.com\/?s={search_term_string}"},"query-input":{"@type":"PropertyValueSpecification","valueRequired":true,"valueName":"search_term_string"}}],"inLanguage":"es"},{"@type":"Organization","@id":"https:\/\/mediaforceglobal.com\/#organization","name":"Media Force Global","url":"https:\/\/mediaforceglobal.com\/","logo":{"@type":"ImageObject","inLanguage":"es","@id":"https:\/\/mediaforceglobal.com\/#\/schema\/logo\/image\/","url":"https:\/\/mediaforceglobal.com\/wp-content\/uploads\/2022\/09\/2021-MFG-logo-web.jpg","contentUrl":"https:\/\/mediaforceglobal.com\/wp-content\/uploads\/2022\/09\/2021-MFG-logo-web.jpg","width":767,"height":718,"caption":"Media Force Global"},"image":{"@id":"https:\/\/mediaforceglobal.com\/#\/schema\/logo\/image\/"},"sameAs":["https:\/\/www.facebook.com\/mediaforceglobal","https:\/\/x.com\/MFGNewsroom","https:\/\/www.instagram.com\/mediaforceglobal\/","https:\/\/www.linkedin.com\/company\/mediaforceglobal"],"description":"Media Force Global is an agency specializing in public relations, and brand positioning. Discover innovative PR strategies, high-impact campaigns, branding, media management, and business growth solutions\u2014all designed to maximize the visibility, reputation, and global reach of companies, celebrities, and entrepreneurs. Boost your digital presence with experts in strategic communication, storytelling, and performance marketing.","email":"info@mediaforceglobal.com","telephone":"+1 (786) 749-6900","legalName":"Media Force Global & Partners LLC","foundingDate":"2008-10-05","numberOfEmployees":{"@type":"QuantitativeValue","minValue":"1","maxValue":"10"}},{"@type":"Person","@id":"https:\/\/mediaforceglobal.com\/#\/schema\/person\/27f53727962287ebddbc752dbf219aaf","name":"Staff","image":{"@type":"ImageObject","inLanguage":"es","@id":"https:\/\/secure.gravatar.com\/avatar\/91618d41d75a4de8534513840b31d2be1c9485fb9dc8f5ffdf29c4fbf5943cb8?s=96&d=mm&r=g","url":"https:\/\/secure.gravatar.com\/avatar\/91618d41d75a4de8534513840b31d2be1c9485fb9dc8f5ffdf29c4fbf5943cb8?s=96&d=mm&r=g","contentUrl":"https:\/\/secure.gravatar.com\/avatar\/91618d41d75a4de8534513840b31d2be1c9485fb9dc8f5ffdf29c4fbf5943cb8?s=96&d=mm&r=g","caption":"Staff"},"description":"President of Media Force Global + Partners with more than 15 year of experience, a Bachelor\u2019s degree in Communications (Sacred Heart University) and a Master\u2019s in Entertainment Business (Full Sail University). Mel Diaz overseas operations in the areas of Public Relations, Integrated Marketing and Artist Management &amp; Commercialization; through the years, working and implementing Public Relations strategies for Jos\u00e9 Feliciano, Farruko, Proyecto Uno to mention a few, and commercial brands such as Custo Barcelona, Miami Children's Hospital Foundation and Televisa Publishing + Digital among others.","knowsLanguage":["English","Spanish"],"jobTitle":"President CEO","worksFor":"Media Force Global + Partners","url":"https:\/\/mediaforceglobal.com\/es\/author\/adminmfg\/"}]}},"_links":{"self":[{"href":"https:\/\/mediaforceglobal.com\/es\/wp-json\/wp\/v2\/posts\/79453","targetHints":{"allow":["GET"]}}],"collection":[{"href":"https:\/\/mediaforceglobal.com\/es\/wp-json\/wp\/v2\/posts"}],"about":[{"href":"https:\/\/mediaforceglobal.com\/es\/wp-json\/wp\/v2\/types\/post"}],"author":[{"embeddable":true,"href":"https:\/\/mediaforceglobal.com\/es\/wp-json\/wp\/v2\/users\/1"}],"replies":[{"embeddable":true,"href":"https:\/\/mediaforceglobal.com\/es\/wp-json\/wp\/v2\/comments?post=79453"}],"version-history":[{"count":0,"href":"https:\/\/mediaforceglobal.com\/es\/wp-json\/wp\/v2\/posts\/79453\/revisions"}],"wp:attachment":[{"href":"https:\/\/mediaforceglobal.com\/es\/wp-json\/wp\/v2\/media?parent=79453"}],"wp:term":[{"taxonomy":"category","embeddable":true,"href":"https:\/\/mediaforceglobal.com\/es\/wp-json\/wp\/v2\/categories?post=79453"},{"taxonomy":"post_tag","embeddable":true,"href":"https:\/\/mediaforceglobal.com\/es\/wp-json\/wp\/v2\/tags?post=79453"}],"curies":[{"name":"wp","href":"https:\/\/api.w.org\/{rel}","templated":true}]}}