{"id":85162,"date":"2022-05-31T11:32:16","date_gmt":"2022-05-31T15:32:16","guid":{"rendered":"https:\/\/mediaforceglobal.com\/?p=85162"},"modified":"2023-12-24T12:34:12","modified_gmt":"2023-12-24T17:34:12","slug":"el-cantautor-domenic-marte-estrena-su-nuevo-sencillo-lo-se","status":"publish","type":"post","link":"https:\/\/mediaforceglobal.com\/es\/press-releases\/el-cantautor-domenic-marte-estrena-su-nuevo-sencillo-lo-se\/","title":{"rendered":"El cantautor\u00a0Domenic Marte estrena su nuevo sencillo \u201cLo s\u00e9\u201d"},"content":{"rendered":"<p>El \u00eddolo de la bachata Domenic Marte sigue flechando a sus seguidores con su m\u00fasica y as\u00ed lo demuestra con su m\u00e1s reciente sencillo\u00a0<strong><em>\u201cLo\u00a0s\u00e9\u201d.\u00a0<\/em><\/strong>El tema es parte de la producci\u00f3n discogr\u00e1fica\u00a0<strong><em>\u201cFor You\u201d<\/em><\/strong>, la cual est\u00e1 teniendo gran aceptaci\u00f3n en sus redes sociales y tambi\u00e9n contar\u00e1 con su video musical oficial disponible en el canal de YouTube del artista.<\/p>\n\n\n\n<!--more-->\n\n\n\n<p><strong><em>\u201cLo\u00a0s\u00e9\u201d<\/em><\/strong>\u00a0nace de la composici\u00f3n de Jes\u00fas Aponte junto a Domenic Marte, qui\u00e9n tambi\u00e9n hace parte de la producci\u00f3n junto con Phillips Anthony y John Chase. El tema cuenta con una melod\u00eda de bachata-pop con una fusi\u00f3n rom\u00e1ntica que representa muy bien el estilo de Domenic Marte.\u00a0<strong><em>\u201cLo s\u00e9, que me march\u00e9 sin avisar\u201d<\/em><\/strong>\u00a0es una de las ic\u00f3nicas frases de este tema que habla de la p\u00e9rdida de un gran amor.\u00a0<strong><em>\u201cQueremos llegar al coraz\u00f3n de las personas que tienen un sentimiento inmenso\u201d<\/em>\u00a0<\/strong>comparti\u00f3 el artista.<br>\u00a0<br><strong><em>\u201cEste es un tema hermoso, que creo que va a tener mucha aceptaci\u00f3n en el g\u00e9nero de la bachata, pienso que el g\u00e9nero necesita cosas diferentes y nuevas y creo que esta es la canci\u00f3n ideal\u201d,<\/em><\/strong>\u00a0expres\u00f3 el cantante.<br>\u00a0<br>Anteriormente, Marte se ha posicionado entre los 25 primeros lugares de los charts de m\u00fasica tropical de la prestigiosa revista Billboard, gracias al \u00e9xito de sus temas\u00a0<strong><em>\u201cIn\u00a0My Eyes\u201d, \u201cLuchar\u00e9 por tu amor\u201d y \u201cContar\u00e9 los d\u00edas\u201d,<\/em><\/strong>\u00a0su aspiraci\u00f3n es entrar nuevamente a la famosa lista y lograr posicionarse como el n\u00famero uno.<br>\u00a0<br>De igual manera, los seguidores de Domenic Marte disfrutar\u00e1n del video musical de\u00a0<strong><em>\u201cLo\u00a0s\u00e9\u201d\u00a0<\/em><\/strong>a trav\u00e9s del canal oficial de YouTube del artista. La pieza audiovisual fue grabada en su ciudad natal Boston, Massachusetts, bajo la direcci\u00f3n de 809 profilms Jorge Luis Anderson, con la esperanza de seguir cautivando a los fieles fan\u00e1ticos de Marte.<br>\u00a0<br>El reconocido int\u00e9rprete de la bachata iniciar\u00e1 muy pronto una gira de conciertos dentro y fuera del territorio estadounidense, con el fin de reencontrarse con su p\u00fablico en vivo. Adicionalmente, su nuevo \u00e1lbum\u00a0<strong><em>\u201cFor\u00a0You\u201d<\/em><\/strong>\u00a0se encuentra ya disponible para\u00a0<em>streaming\u00a0<\/em>a trav\u00e9s de todas las plataformas digitales.<\/p>","protected":false},"excerpt":{"rendered":"<p>\u201cLo\u00a0s\u00e9\u201d\u00a0nace de la composici\u00f3n de Jes\u00fas Aponte junto a Domenic Marte.<\/p>","protected":false},"author":1,"featured_media":0,"comment_status":"open","ping_status":"open","sticky":false,"template":"","format":"standard","meta":{"_angie_page":false,"page_builder":"","footnotes":""},"categories":[1],"tags":[135],"class_list":["post-85162","post","type-post","status-publish","format-standard","hentry","category-press-releases","tag-domenic-marte"],"yoast_head":"<!-- This site is optimized with the Yoast SEO Premium plugin v27.5 (Yoast SEO v27.5) - https:\/\/yoast.com\/product\/yoast-seo-premium-wordpress\/ -->\n<title>El cantautor\u00a0Domenic Marte estrena su nuevo sencillo \u201cLo s\u00e9\u201d &#8226; Media Force Global<\/title>\n<meta name=\"robots\" content=\"index, follow, max-snippet:-1, max-image-preview:large, max-video-preview:-1\" \/>\n<link rel=\"canonical\" href=\"https:\/\/mediaforceglobal.com\/es\/press-releases\/el-cantautor-domenic-marte-estrena-su-nuevo-sencillo-lo-se\/\" \/>\n<meta property=\"og:locale\" content=\"es_MX\" \/>\n<meta property=\"og:type\" content=\"article\" \/>\n<meta property=\"og:title\" content=\"El cantautor\u00a0Domenic Marte estrena su nuevo sencillo \u201cLo s\u00e9\u201d &#8226; Media Force Global\" \/>\n<meta property=\"og:url\" content=\"https:\/\/mediaforceglobal.com\/es\/press-releases\/el-cantautor-domenic-marte-estrena-su-nuevo-sencillo-lo-se\/\" \/>\n<meta property=\"og:site_name\" content=\"Media Force Global\" \/>\n<meta property=\"article:publisher\" content=\"https:\/\/www.facebook.com\/mediaforceglobal\" \/>\n<meta property=\"article:published_time\" content=\"2022-05-31T15:32:16+00:00\" \/>\n<meta property=\"article:modified_time\" content=\"2023-12-24T17:34:12+00:00\" \/>\n<meta property=\"og:image\" content=\"https:\/\/mediaforceglobal.com\/wp-content\/uploads\/2022\/09\/2021-MFG-logo-web.jpg\" \/>\n\t<meta property=\"og:image:width\" content=\"767\" \/>\n\t<meta property=\"og:image:height\" content=\"718\" \/>\n\t<meta property=\"og:image:type\" content=\"image\/jpeg\" \/>\n<meta name=\"author\" content=\"Staff\" \/>\n<meta name=\"twitter:card\" content=\"summary_large_image\" \/>\n<meta name=\"twitter:creator\" content=\"@MFGNewsroom\" \/>\n<meta name=\"twitter:site\" content=\"@MFGNewsroom\" \/>\n<meta name=\"twitter:label1\" content=\"Escrito por\" \/>\n\t<meta name=\"twitter:data1\" content=\"Staff\" \/>\n\t<meta name=\"twitter:label2\" content=\"Tiempo de lectura\" \/>\n\t<meta name=\"twitter:data2\" content=\"2 minutos\" \/>\n<script type=\"application\/ld+json\" class=\"yoast-schema-graph\">{\"@context\":\"https:\\\/\\\/schema.org\",\"@graph\":[{\"@type\":\"Article\",\"@id\":\"https:\\\/\\\/mediaforceglobal.com\\\/press-releases\\\/el-cantautor-domenic-marte-estrena-su-nuevo-sencillo-lo-se\\\/#article\",\"isPartOf\":{\"@id\":\"https:\\\/\\\/mediaforceglobal.com\\\/press-releases\\\/el-cantautor-domenic-marte-estrena-su-nuevo-sencillo-lo-se\\\/\"},\"author\":{\"name\":\"Staff\",\"@id\":\"https:\\\/\\\/mediaforceglobal.com\\\/#\\\/schema\\\/person\\\/27f53727962287ebddbc752dbf219aaf\"},\"headline\":\"El cantautor\u00a0Domenic Marte estrena su nuevo sencillo \u201cLo s\u00e9\u201d\",\"datePublished\":\"2022-05-31T15:32:16+00:00\",\"dateModified\":\"2023-12-24T17:34:12+00:00\",\"mainEntityOfPage\":{\"@id\":\"https:\\\/\\\/mediaforceglobal.com\\\/press-releases\\\/el-cantautor-domenic-marte-estrena-su-nuevo-sencillo-lo-se\\\/\"},\"wordCount\":387,\"commentCount\":0,\"publisher\":{\"@id\":\"https:\\\/\\\/mediaforceglobal.com\\\/#organization\"},\"keywords\":[\"Domenic Marte\"],\"articleSection\":[\"Press Releases\"],\"inLanguage\":\"es\",\"potentialAction\":[{\"@type\":\"CommentAction\",\"name\":\"Comment\",\"target\":[\"https:\\\/\\\/mediaforceglobal.com\\\/press-releases\\\/el-cantautor-domenic-marte-estrena-su-nuevo-sencillo-lo-se\\\/#respond\"]}]},{\"@type\":\"WebPage\",\"@id\":\"https:\\\/\\\/mediaforceglobal.com\\\/press-releases\\\/el-cantautor-domenic-marte-estrena-su-nuevo-sencillo-lo-se\\\/\",\"url\":\"https:\\\/\\\/mediaforceglobal.com\\\/press-releases\\\/el-cantautor-domenic-marte-estrena-su-nuevo-sencillo-lo-se\\\/\",\"name\":\"El cantautor\u00a0Domenic Marte estrena su nuevo sencillo \u201cLo s\u00e9\u201d &#8226; Media Force Global\",\"isPartOf\":{\"@id\":\"https:\\\/\\\/mediaforceglobal.com\\\/#website\"},\"datePublished\":\"2022-05-31T15:32:16+00:00\",\"dateModified\":\"2023-12-24T17:34:12+00:00\",\"breadcrumb\":{\"@id\":\"https:\\\/\\\/mediaforceglobal.com\\\/press-releases\\\/el-cantautor-domenic-marte-estrena-su-nuevo-sencillo-lo-se\\\/#breadcrumb\"},\"inLanguage\":\"es\",\"potentialAction\":[{\"@type\":\"ReadAction\",\"target\":[\"https:\\\/\\\/mediaforceglobal.com\\\/press-releases\\\/el-cantautor-domenic-marte-estrena-su-nuevo-sencillo-lo-se\\\/\"]}]},{\"@type\":\"BreadcrumbList\",\"@id\":\"https:\\\/\\\/mediaforceglobal.com\\\/press-releases\\\/el-cantautor-domenic-marte-estrena-su-nuevo-sencillo-lo-se\\\/#breadcrumb\",\"itemListElement\":[{\"@type\":\"ListItem\",\"position\":1,\"name\":\"Home\",\"item\":\"https:\\\/\\\/mediaforceglobal.com\\\/\"},{\"@type\":\"ListItem\",\"position\":2,\"name\":\"Press Releases\",\"item\":\"https:\\\/\\\/mediaforceglobal.com\\\/press-releases\\\/\"},{\"@type\":\"ListItem\",\"position\":3,\"name\":\"El cantautor\u00a0Domenic Marte estrena su nuevo sencillo \u201cLo s\u00e9\u201d\"}]},{\"@type\":\"WebSite\",\"@id\":\"https:\\\/\\\/mediaforceglobal.com\\\/#website\",\"url\":\"https:\\\/\\\/mediaforceglobal.com\\\/\",\"name\":\"Media Force Global\",\"description\":\"Public Relations + Marketing\",\"publisher\":{\"@id\":\"https:\\\/\\\/mediaforceglobal.com\\\/#organization\"},\"alternateName\":\"Media Force Global\",\"potentialAction\":[{\"@type\":\"SearchAction\",\"target\":{\"@type\":\"EntryPoint\",\"urlTemplate\":\"https:\\\/\\\/mediaforceglobal.com\\\/?s={search_term_string}\"},\"query-input\":{\"@type\":\"PropertyValueSpecification\",\"valueRequired\":true,\"valueName\":\"search_term_string\"}}],\"inLanguage\":\"es\"},{\"@type\":\"Organization\",\"@id\":\"https:\\\/\\\/mediaforceglobal.com\\\/#organization\",\"name\":\"Media Force Global\",\"url\":\"https:\\\/\\\/mediaforceglobal.com\\\/\",\"logo\":{\"@type\":\"ImageObject\",\"inLanguage\":\"es\",\"@id\":\"https:\\\/\\\/mediaforceglobal.com\\\/#\\\/schema\\\/logo\\\/image\\\/\",\"url\":\"https:\\\/\\\/mediaforceglobal.com\\\/wp-content\\\/uploads\\\/2022\\\/09\\\/2021-MFG-logo-web.jpg\",\"contentUrl\":\"https:\\\/\\\/mediaforceglobal.com\\\/wp-content\\\/uploads\\\/2022\\\/09\\\/2021-MFG-logo-web.jpg\",\"width\":767,\"height\":718,\"caption\":\"Media Force Global\"},\"image\":{\"@id\":\"https:\\\/\\\/mediaforceglobal.com\\\/#\\\/schema\\\/logo\\\/image\\\/\"},\"sameAs\":[\"https:\\\/\\\/www.facebook.com\\\/mediaforceglobal\",\"https:\\\/\\\/x.com\\\/MFGNewsroom\",\"https:\\\/\\\/www.instagram.com\\\/mediaforceglobal\\\/\",\"https:\\\/\\\/www.linkedin.com\\\/company\\\/mediaforceglobal\"],\"description\":\"Media Force Global is an agency specializing in public relations, and brand positioning. Discover innovative PR strategies, high-impact campaigns, branding, media management, and business growth solutions\u2014all designed to maximize the visibility, reputation, and global reach of companies, celebrities, and entrepreneurs. Boost your digital presence with experts in strategic communication, storytelling, and performance marketing.\",\"email\":\"info@mediaforceglobal.com\",\"telephone\":\"+1 (786) 749-6900\",\"legalName\":\"Media Force Global & Partners LLC\",\"foundingDate\":\"2008-10-05\",\"numberOfEmployees\":{\"@type\":\"QuantitativeValue\",\"minValue\":\"1\",\"maxValue\":\"10\"}},{\"@type\":\"Person\",\"@id\":\"https:\\\/\\\/mediaforceglobal.com\\\/#\\\/schema\\\/person\\\/27f53727962287ebddbc752dbf219aaf\",\"name\":\"Staff\",\"image\":{\"@type\":\"ImageObject\",\"inLanguage\":\"es\",\"@id\":\"https:\\\/\\\/secure.gravatar.com\\\/avatar\\\/91618d41d75a4de8534513840b31d2be1c9485fb9dc8f5ffdf29c4fbf5943cb8?s=96&d=mm&r=g\",\"url\":\"https:\\\/\\\/secure.gravatar.com\\\/avatar\\\/91618d41d75a4de8534513840b31d2be1c9485fb9dc8f5ffdf29c4fbf5943cb8?s=96&d=mm&r=g\",\"contentUrl\":\"https:\\\/\\\/secure.gravatar.com\\\/avatar\\\/91618d41d75a4de8534513840b31d2be1c9485fb9dc8f5ffdf29c4fbf5943cb8?s=96&d=mm&r=g\",\"caption\":\"Staff\"},\"description\":\"President of Media Force Global + Partners with more than 15 year of experience, a Bachelor\u2019s degree in Communications (Sacred Heart University) and a Master\u2019s in Entertainment Business (Full Sail University). Mel Diaz overseas operations in the areas of Public Relations, Integrated Marketing and Artist Management &amp; Commercialization; through the years, working and implementing Public Relations strategies for Jos\u00e9 Feliciano, Farruko, Proyecto Uno to mention a few, and commercial brands such as Custo Barcelona, Miami Children's Hospital Foundation and Televisa Publishing + Digital among others.\",\"knowsLanguage\":[\"English\",\"Spanish\"],\"jobTitle\":\"President CEO\",\"worksFor\":\"Media Force Global + Partners\",\"url\":\"https:\\\/\\\/mediaforceglobal.com\\\/es\\\/author\\\/adminmfg\\\/\"}]}<\/script>\n<!-- \/ Yoast SEO Premium plugin. -->","yoast_head_json":{"title":"El cantautor\u00a0Domenic Marte estrena su nuevo sencillo \u201cLo s\u00e9\u201d &#8226; Media Force Global","robots":{"index":"index","follow":"follow","max-snippet":"max-snippet:-1","max-image-preview":"max-image-preview:large","max-video-preview":"max-video-preview:-1"},"canonical":"https:\/\/mediaforceglobal.com\/es\/press-releases\/el-cantautor-domenic-marte-estrena-su-nuevo-sencillo-lo-se\/","og_locale":"es_MX","og_type":"article","og_title":"El cantautor\u00a0Domenic Marte estrena su nuevo sencillo \u201cLo s\u00e9\u201d &#8226; Media Force Global","og_url":"https:\/\/mediaforceglobal.com\/es\/press-releases\/el-cantautor-domenic-marte-estrena-su-nuevo-sencillo-lo-se\/","og_site_name":"Media Force Global","article_publisher":"https:\/\/www.facebook.com\/mediaforceglobal","article_published_time":"2022-05-31T15:32:16+00:00","article_modified_time":"2023-12-24T17:34:12+00:00","og_image":[{"width":767,"height":718,"url":"https:\/\/mediaforceglobal.com\/wp-content\/uploads\/2022\/09\/2021-MFG-logo-web.jpg","type":"image\/jpeg"}],"author":"Staff","twitter_card":"summary_large_image","twitter_creator":"@MFGNewsroom","twitter_site":"@MFGNewsroom","twitter_misc":{"Escrito por":"Staff","Tiempo de lectura":"2 minutos"},"schema":{"@context":"https:\/\/schema.org","@graph":[{"@type":"Article","@id":"https:\/\/mediaforceglobal.com\/press-releases\/el-cantautor-domenic-marte-estrena-su-nuevo-sencillo-lo-se\/#article","isPartOf":{"@id":"https:\/\/mediaforceglobal.com\/press-releases\/el-cantautor-domenic-marte-estrena-su-nuevo-sencillo-lo-se\/"},"author":{"name":"Staff","@id":"https:\/\/mediaforceglobal.com\/#\/schema\/person\/27f53727962287ebddbc752dbf219aaf"},"headline":"El cantautor\u00a0Domenic Marte estrena su nuevo sencillo \u201cLo s\u00e9\u201d","datePublished":"2022-05-31T15:32:16+00:00","dateModified":"2023-12-24T17:34:12+00:00","mainEntityOfPage":{"@id":"https:\/\/mediaforceglobal.com\/press-releases\/el-cantautor-domenic-marte-estrena-su-nuevo-sencillo-lo-se\/"},"wordCount":387,"commentCount":0,"publisher":{"@id":"https:\/\/mediaforceglobal.com\/#organization"},"keywords":["Domenic Marte"],"articleSection":["Press Releases"],"inLanguage":"es","potentialAction":[{"@type":"CommentAction","name":"Comment","target":["https:\/\/mediaforceglobal.com\/press-releases\/el-cantautor-domenic-marte-estrena-su-nuevo-sencillo-lo-se\/#respond"]}]},{"@type":"WebPage","@id":"https:\/\/mediaforceglobal.com\/press-releases\/el-cantautor-domenic-marte-estrena-su-nuevo-sencillo-lo-se\/","url":"https:\/\/mediaforceglobal.com\/press-releases\/el-cantautor-domenic-marte-estrena-su-nuevo-sencillo-lo-se\/","name":"El cantautor\u00a0Domenic Marte estrena su nuevo sencillo \u201cLo s\u00e9\u201d &#8226; Media Force Global","isPartOf":{"@id":"https:\/\/mediaforceglobal.com\/#website"},"datePublished":"2022-05-31T15:32:16+00:00","dateModified":"2023-12-24T17:34:12+00:00","breadcrumb":{"@id":"https:\/\/mediaforceglobal.com\/press-releases\/el-cantautor-domenic-marte-estrena-su-nuevo-sencillo-lo-se\/#breadcrumb"},"inLanguage":"es","potentialAction":[{"@type":"ReadAction","target":["https:\/\/mediaforceglobal.com\/press-releases\/el-cantautor-domenic-marte-estrena-su-nuevo-sencillo-lo-se\/"]}]},{"@type":"BreadcrumbList","@id":"https:\/\/mediaforceglobal.com\/press-releases\/el-cantautor-domenic-marte-estrena-su-nuevo-sencillo-lo-se\/#breadcrumb","itemListElement":[{"@type":"ListItem","position":1,"name":"Home","item":"https:\/\/mediaforceglobal.com\/"},{"@type":"ListItem","position":2,"name":"Press Releases","item":"https:\/\/mediaforceglobal.com\/press-releases\/"},{"@type":"ListItem","position":3,"name":"El cantautor\u00a0Domenic Marte estrena su nuevo sencillo \u201cLo s\u00e9\u201d"}]},{"@type":"WebSite","@id":"https:\/\/mediaforceglobal.com\/#website","url":"https:\/\/mediaforceglobal.com\/","name":"Media Force Global","description":"Public Relations + Marketing","publisher":{"@id":"https:\/\/mediaforceglobal.com\/#organization"},"alternateName":"Media Force Global","potentialAction":[{"@type":"SearchAction","target":{"@type":"EntryPoint","urlTemplate":"https:\/\/mediaforceglobal.com\/?s={search_term_string}"},"query-input":{"@type":"PropertyValueSpecification","valueRequired":true,"valueName":"search_term_string"}}],"inLanguage":"es"},{"@type":"Organization","@id":"https:\/\/mediaforceglobal.com\/#organization","name":"Media Force Global","url":"https:\/\/mediaforceglobal.com\/","logo":{"@type":"ImageObject","inLanguage":"es","@id":"https:\/\/mediaforceglobal.com\/#\/schema\/logo\/image\/","url":"https:\/\/mediaforceglobal.com\/wp-content\/uploads\/2022\/09\/2021-MFG-logo-web.jpg","contentUrl":"https:\/\/mediaforceglobal.com\/wp-content\/uploads\/2022\/09\/2021-MFG-logo-web.jpg","width":767,"height":718,"caption":"Media Force Global"},"image":{"@id":"https:\/\/mediaforceglobal.com\/#\/schema\/logo\/image\/"},"sameAs":["https:\/\/www.facebook.com\/mediaforceglobal","https:\/\/x.com\/MFGNewsroom","https:\/\/www.instagram.com\/mediaforceglobal\/","https:\/\/www.linkedin.com\/company\/mediaforceglobal"],"description":"Media Force Global is an agency specializing in public relations, and brand positioning. Discover innovative PR strategies, high-impact campaigns, branding, media management, and business growth solutions\u2014all designed to maximize the visibility, reputation, and global reach of companies, celebrities, and entrepreneurs. Boost your digital presence with experts in strategic communication, storytelling, and performance marketing.","email":"info@mediaforceglobal.com","telephone":"+1 (786) 749-6900","legalName":"Media Force Global & Partners LLC","foundingDate":"2008-10-05","numberOfEmployees":{"@type":"QuantitativeValue","minValue":"1","maxValue":"10"}},{"@type":"Person","@id":"https:\/\/mediaforceglobal.com\/#\/schema\/person\/27f53727962287ebddbc752dbf219aaf","name":"Staff","image":{"@type":"ImageObject","inLanguage":"es","@id":"https:\/\/secure.gravatar.com\/avatar\/91618d41d75a4de8534513840b31d2be1c9485fb9dc8f5ffdf29c4fbf5943cb8?s=96&d=mm&r=g","url":"https:\/\/secure.gravatar.com\/avatar\/91618d41d75a4de8534513840b31d2be1c9485fb9dc8f5ffdf29c4fbf5943cb8?s=96&d=mm&r=g","contentUrl":"https:\/\/secure.gravatar.com\/avatar\/91618d41d75a4de8534513840b31d2be1c9485fb9dc8f5ffdf29c4fbf5943cb8?s=96&d=mm&r=g","caption":"Staff"},"description":"President of Media Force Global + Partners with more than 15 year of experience, a Bachelor\u2019s degree in Communications (Sacred Heart University) and a Master\u2019s in Entertainment Business (Full Sail University). Mel Diaz overseas operations in the areas of Public Relations, Integrated Marketing and Artist Management &amp; Commercialization; through the years, working and implementing Public Relations strategies for Jos\u00e9 Feliciano, Farruko, Proyecto Uno to mention a few, and commercial brands such as Custo Barcelona, Miami Children's Hospital Foundation and Televisa Publishing + Digital among others.","knowsLanguage":["English","Spanish"],"jobTitle":"President CEO","worksFor":"Media Force Global + Partners","url":"https:\/\/mediaforceglobal.com\/es\/author\/adminmfg\/"}]}},"_links":{"self":[{"href":"https:\/\/mediaforceglobal.com\/es\/wp-json\/wp\/v2\/posts\/85162","targetHints":{"allow":["GET"]}}],"collection":[{"href":"https:\/\/mediaforceglobal.com\/es\/wp-json\/wp\/v2\/posts"}],"about":[{"href":"https:\/\/mediaforceglobal.com\/es\/wp-json\/wp\/v2\/types\/post"}],"author":[{"embeddable":true,"href":"https:\/\/mediaforceglobal.com\/es\/wp-json\/wp\/v2\/users\/1"}],"replies":[{"embeddable":true,"href":"https:\/\/mediaforceglobal.com\/es\/wp-json\/wp\/v2\/comments?post=85162"}],"version-history":[{"count":0,"href":"https:\/\/mediaforceglobal.com\/es\/wp-json\/wp\/v2\/posts\/85162\/revisions"}],"wp:attachment":[{"href":"https:\/\/mediaforceglobal.com\/es\/wp-json\/wp\/v2\/media?parent=85162"}],"wp:term":[{"taxonomy":"category","embeddable":true,"href":"https:\/\/mediaforceglobal.com\/es\/wp-json\/wp\/v2\/categories?post=85162"},{"taxonomy":"post_tag","embeddable":true,"href":"https:\/\/mediaforceglobal.com\/es\/wp-json\/wp\/v2\/tags?post=85162"}],"curies":[{"name":"wp","href":"https:\/\/api.w.org\/{rel}","templated":true}]}}