{"id":86855,"date":"2023-07-27T12:13:00","date_gmt":"2023-07-27T16:13:00","guid":{"rendered":"https:\/\/mediaforceglobal.com\/?p=86855"},"modified":"2023-12-24T12:32:09","modified_gmt":"2023-12-24T17:32:09","slug":"domenic-marte-estrena-vete","status":"publish","type":"post","link":"https:\/\/mediaforceglobal.com\/es\/press-releases\/domenic-marte-estrena-vete\/","title":{"rendered":"Domenic Marte estrena \u201cVete\u201d"},"content":{"rendered":"<p>El cantante estadounidense\u00a0<strong>Domenic Marte\u00a0<\/strong>estrena un nuevo sencillo titulado\u00a0<em>\u2018Vete\u2019<\/em>, para comenzar este segundo trimestre del 2023 con m\u00e1s m\u00fasica.<\/p>\n\n\n\n<!--more-->\n\n\n\n<p>Tras el \u00e9xito obtenido con su \u00faltimo \u00e1lbum de estudio\u00a0<strong>\u201cFor you\u201d\u00a0<\/strong>Marte lanza una nueva cani\u00f3n fusionando distintos ritmos interesantes que nombr\u00f3 \u2018Vete\u2019, un tema de intriga y desamor inspirado en la vida cotidiana de las parejas, donde hay conflictos de traici\u00f3n y deslealtad.<br>\u00a0<br><em>\u201cEs una propuesta diferente, una fusi\u00f3n \u00fanica donde mezclamos dos g\u00e9neros: folklor andino y bachata, donde buscamos una sincronizaci\u00f3n perfecta entre los instrumentos andinos y los instrumentos caribe\u00f1os\u201d<\/em>, comenta el cantante.<br>\u00a0<br>Con \u00e9xitos en los charts m\u00e1s populares de\u00a0<strong>Billboard<\/strong>, Domenic Marte sigue apostando por su esencia musical dejando en cada tema, el mayor esfuerzo posible, es por eso que \u2018Vete\u2019 incluye un v\u00eddeo oficial que ya est\u00e1 disponible en YouTube.\u00a0<br>\u00a0<br><em>\u201cEl rodaje del v\u00eddeo se realiz\u00f3 en Ecuador en la Cordillera de Los Andes, fue producido por CABE\u2019S, dirigido por Carlos Ba\u00f1o, es un gran trabajo visual que la gente no se puede perder\u201d,<\/em>\u00a0declara Marte.<br>\u00a0<br>La autor\u00eda de \u201cVete\u201d est\u00e1 a cargo de Fernando Crespo y ya se encuentra disponible en todas las plataformas digitales.<\/p>","protected":false},"excerpt":{"rendered":"<p>El cantante estadounidense\u00a0Domenic Marte\u00a0estrena un nuevo sencillo titulado\u00a0\u2018Vete\u2019, para comenzar este segundo trimestre del 2023 con m\u00e1s m\u00fasica.<\/p>","protected":false},"author":1,"featured_media":86857,"comment_status":"open","ping_status":"open","sticky":false,"template":"","format":"standard","meta":{"_angie_page":false,"page_builder":"","footnotes":""},"categories":[1],"tags":[135],"class_list":["post-86855","post","type-post","status-publish","format-standard","has-post-thumbnail","hentry","category-press-releases","tag-domenic-marte"],"yoast_head":"<!-- This site is optimized with the Yoast SEO Premium plugin v27.5 (Yoast SEO v27.5) - https:\/\/yoast.com\/product\/yoast-seo-premium-wordpress\/ -->\n<title>Domenic Marte estrena \u201cVete\u201d &#8226; Media Force Global<\/title>\n<meta name=\"robots\" content=\"index, follow, max-snippet:-1, max-image-preview:large, max-video-preview:-1\" \/>\n<link rel=\"canonical\" href=\"https:\/\/mediaforceglobal.com\/es\/press-releases\/domenic-marte-estrena-vete\/\" \/>\n<meta property=\"og:locale\" content=\"es_MX\" \/>\n<meta property=\"og:type\" content=\"article\" \/>\n<meta property=\"og:title\" content=\"Domenic Marte estrena \u201cVete\u201d &#8226; Media Force Global\" \/>\n<meta property=\"og:url\" content=\"https:\/\/mediaforceglobal.com\/es\/press-releases\/domenic-marte-estrena-vete\/\" \/>\n<meta property=\"og:site_name\" content=\"Media Force Global\" \/>\n<meta property=\"article:publisher\" content=\"https:\/\/www.facebook.com\/mediaforceglobal\" \/>\n<meta property=\"article:published_time\" content=\"2023-07-27T16:13:00+00:00\" \/>\n<meta property=\"article:modified_time\" content=\"2023-12-24T17:32:09+00:00\" \/>\n<meta property=\"og:image\" content=\"https:\/\/mediaforceglobal.com\/wp-content\/uploads\/2023\/12\/Domenic-Marte-Vete.png\" \/>\n\t<meta property=\"og:image:width\" content=\"976\" \/>\n\t<meta property=\"og:image:height\" content=\"966\" \/>\n\t<meta property=\"og:image:type\" content=\"image\/png\" \/>\n<meta name=\"author\" content=\"Staff\" \/>\n<meta name=\"twitter:card\" content=\"summary_large_image\" \/>\n<meta name=\"twitter:creator\" content=\"@MFGNewsroom\" \/>\n<meta name=\"twitter:site\" content=\"@MFGNewsroom\" \/>\n<meta name=\"twitter:label1\" content=\"Escrito por\" \/>\n\t<meta name=\"twitter:data1\" content=\"Staff\" \/>\n\t<meta name=\"twitter:label2\" content=\"Tiempo de lectura\" \/>\n\t<meta name=\"twitter:data2\" content=\"2 minutos\" \/>\n<script type=\"application\/ld+json\" class=\"yoast-schema-graph\">{\"@context\":\"https:\\\/\\\/schema.org\",\"@graph\":[{\"@type\":\"Article\",\"@id\":\"https:\\\/\\\/mediaforceglobal.com\\\/press-releases\\\/domenic-marte-estrena-vete\\\/#article\",\"isPartOf\":{\"@id\":\"https:\\\/\\\/mediaforceglobal.com\\\/press-releases\\\/domenic-marte-estrena-vete\\\/\"},\"author\":{\"name\":\"Staff\",\"@id\":\"https:\\\/\\\/mediaforceglobal.com\\\/#\\\/schema\\\/person\\\/27f53727962287ebddbc752dbf219aaf\"},\"headline\":\"Domenic Marte estrena \u201cVete\u201d\",\"datePublished\":\"2023-07-27T16:13:00+00:00\",\"dateModified\":\"2023-12-24T17:32:09+00:00\",\"mainEntityOfPage\":{\"@id\":\"https:\\\/\\\/mediaforceglobal.com\\\/press-releases\\\/domenic-marte-estrena-vete\\\/\"},\"wordCount\":210,\"commentCount\":0,\"publisher\":{\"@id\":\"https:\\\/\\\/mediaforceglobal.com\\\/#organization\"},\"image\":{\"@id\":\"https:\\\/\\\/mediaforceglobal.com\\\/press-releases\\\/domenic-marte-estrena-vete\\\/#primaryimage\"},\"thumbnailUrl\":\"https:\\\/\\\/mediaforceglobal.com\\\/wp-content\\\/uploads\\\/2023\\\/12\\\/Domenic-Marte-Vete.png\",\"keywords\":[\"Domenic Marte\"],\"articleSection\":[\"Press Releases\"],\"inLanguage\":\"es\",\"potentialAction\":[{\"@type\":\"CommentAction\",\"name\":\"Comment\",\"target\":[\"https:\\\/\\\/mediaforceglobal.com\\\/press-releases\\\/domenic-marte-estrena-vete\\\/#respond\"]}]},{\"@type\":\"WebPage\",\"@id\":\"https:\\\/\\\/mediaforceglobal.com\\\/press-releases\\\/domenic-marte-estrena-vete\\\/\",\"url\":\"https:\\\/\\\/mediaforceglobal.com\\\/press-releases\\\/domenic-marte-estrena-vete\\\/\",\"name\":\"Domenic Marte estrena \u201cVete\u201d &#8226; Media Force Global\",\"isPartOf\":{\"@id\":\"https:\\\/\\\/mediaforceglobal.com\\\/#website\"},\"primaryImageOfPage\":{\"@id\":\"https:\\\/\\\/mediaforceglobal.com\\\/press-releases\\\/domenic-marte-estrena-vete\\\/#primaryimage\"},\"image\":{\"@id\":\"https:\\\/\\\/mediaforceglobal.com\\\/press-releases\\\/domenic-marte-estrena-vete\\\/#primaryimage\"},\"thumbnailUrl\":\"https:\\\/\\\/mediaforceglobal.com\\\/wp-content\\\/uploads\\\/2023\\\/12\\\/Domenic-Marte-Vete.png\",\"datePublished\":\"2023-07-27T16:13:00+00:00\",\"dateModified\":\"2023-12-24T17:32:09+00:00\",\"breadcrumb\":{\"@id\":\"https:\\\/\\\/mediaforceglobal.com\\\/press-releases\\\/domenic-marte-estrena-vete\\\/#breadcrumb\"},\"inLanguage\":\"es\",\"potentialAction\":[{\"@type\":\"ReadAction\",\"target\":[\"https:\\\/\\\/mediaforceglobal.com\\\/press-releases\\\/domenic-marte-estrena-vete\\\/\"]}]},{\"@type\":\"ImageObject\",\"inLanguage\":\"es\",\"@id\":\"https:\\\/\\\/mediaforceglobal.com\\\/press-releases\\\/domenic-marte-estrena-vete\\\/#primaryimage\",\"url\":\"https:\\\/\\\/mediaforceglobal.com\\\/wp-content\\\/uploads\\\/2023\\\/12\\\/Domenic-Marte-Vete.png\",\"contentUrl\":\"https:\\\/\\\/mediaforceglobal.com\\\/wp-content\\\/uploads\\\/2023\\\/12\\\/Domenic-Marte-Vete.png\",\"width\":976,\"height\":966},{\"@type\":\"BreadcrumbList\",\"@id\":\"https:\\\/\\\/mediaforceglobal.com\\\/press-releases\\\/domenic-marte-estrena-vete\\\/#breadcrumb\",\"itemListElement\":[{\"@type\":\"ListItem\",\"position\":1,\"name\":\"Home\",\"item\":\"https:\\\/\\\/mediaforceglobal.com\\\/\"},{\"@type\":\"ListItem\",\"position\":2,\"name\":\"Press Releases\",\"item\":\"https:\\\/\\\/mediaforceglobal.com\\\/press-releases\\\/\"},{\"@type\":\"ListItem\",\"position\":3,\"name\":\"Domenic Marte estrena \u201cVete\u201d\"}]},{\"@type\":\"WebSite\",\"@id\":\"https:\\\/\\\/mediaforceglobal.com\\\/#website\",\"url\":\"https:\\\/\\\/mediaforceglobal.com\\\/\",\"name\":\"Media Force Global\",\"description\":\"Public Relations + Marketing\",\"publisher\":{\"@id\":\"https:\\\/\\\/mediaforceglobal.com\\\/#organization\"},\"alternateName\":\"Media Force Global\",\"potentialAction\":[{\"@type\":\"SearchAction\",\"target\":{\"@type\":\"EntryPoint\",\"urlTemplate\":\"https:\\\/\\\/mediaforceglobal.com\\\/?s={search_term_string}\"},\"query-input\":{\"@type\":\"PropertyValueSpecification\",\"valueRequired\":true,\"valueName\":\"search_term_string\"}}],\"inLanguage\":\"es\"},{\"@type\":\"Organization\",\"@id\":\"https:\\\/\\\/mediaforceglobal.com\\\/#organization\",\"name\":\"Media Force Global\",\"url\":\"https:\\\/\\\/mediaforceglobal.com\\\/\",\"logo\":{\"@type\":\"ImageObject\",\"inLanguage\":\"es\",\"@id\":\"https:\\\/\\\/mediaforceglobal.com\\\/#\\\/schema\\\/logo\\\/image\\\/\",\"url\":\"https:\\\/\\\/mediaforceglobal.com\\\/wp-content\\\/uploads\\\/2022\\\/09\\\/2021-MFG-logo-web.jpg\",\"contentUrl\":\"https:\\\/\\\/mediaforceglobal.com\\\/wp-content\\\/uploads\\\/2022\\\/09\\\/2021-MFG-logo-web.jpg\",\"width\":767,\"height\":718,\"caption\":\"Media Force Global\"},\"image\":{\"@id\":\"https:\\\/\\\/mediaforceglobal.com\\\/#\\\/schema\\\/logo\\\/image\\\/\"},\"sameAs\":[\"https:\\\/\\\/www.facebook.com\\\/mediaforceglobal\",\"https:\\\/\\\/x.com\\\/MFGNewsroom\",\"https:\\\/\\\/www.instagram.com\\\/mediaforceglobal\\\/\",\"https:\\\/\\\/www.linkedin.com\\\/company\\\/mediaforceglobal\"],\"description\":\"Media Force Global is an agency specializing in public relations, and brand positioning. Discover innovative PR strategies, high-impact campaigns, branding, media management, and business growth solutions\u2014all designed to maximize the visibility, reputation, and global reach of companies, celebrities, and entrepreneurs. Boost your digital presence with experts in strategic communication, storytelling, and performance marketing.\",\"email\":\"info@mediaforceglobal.com\",\"telephone\":\"+1 (786) 749-6900\",\"legalName\":\"Media Force Global & Partners LLC\",\"foundingDate\":\"2008-10-05\",\"numberOfEmployees\":{\"@type\":\"QuantitativeValue\",\"minValue\":\"1\",\"maxValue\":\"10\"}},{\"@type\":\"Person\",\"@id\":\"https:\\\/\\\/mediaforceglobal.com\\\/#\\\/schema\\\/person\\\/27f53727962287ebddbc752dbf219aaf\",\"name\":\"Staff\",\"image\":{\"@type\":\"ImageObject\",\"inLanguage\":\"es\",\"@id\":\"https:\\\/\\\/secure.gravatar.com\\\/avatar\\\/91618d41d75a4de8534513840b31d2be1c9485fb9dc8f5ffdf29c4fbf5943cb8?s=96&d=mm&r=g\",\"url\":\"https:\\\/\\\/secure.gravatar.com\\\/avatar\\\/91618d41d75a4de8534513840b31d2be1c9485fb9dc8f5ffdf29c4fbf5943cb8?s=96&d=mm&r=g\",\"contentUrl\":\"https:\\\/\\\/secure.gravatar.com\\\/avatar\\\/91618d41d75a4de8534513840b31d2be1c9485fb9dc8f5ffdf29c4fbf5943cb8?s=96&d=mm&r=g\",\"caption\":\"Staff\"},\"description\":\"President of Media Force Global + Partners with more than 15 year of experience, a Bachelor\u2019s degree in Communications (Sacred Heart University) and a Master\u2019s in Entertainment Business (Full Sail University). Mel Diaz overseas operations in the areas of Public Relations, Integrated Marketing and Artist Management &amp; Commercialization; through the years, working and implementing Public Relations strategies for Jos\u00e9 Feliciano, Farruko, Proyecto Uno to mention a few, and commercial brands such as Custo Barcelona, Miami Children's Hospital Foundation and Televisa Publishing + Digital among others.\",\"knowsLanguage\":[\"English\",\"Spanish\"],\"jobTitle\":\"President CEO\",\"worksFor\":\"Media Force Global + Partners\",\"url\":\"https:\\\/\\\/mediaforceglobal.com\\\/es\\\/author\\\/adminmfg\\\/\"}]}<\/script>\n<!-- \/ Yoast SEO Premium plugin. -->","yoast_head_json":{"title":"Domenic Marte estrena \u201cVete\u201d &#8226; Media Force Global","robots":{"index":"index","follow":"follow","max-snippet":"max-snippet:-1","max-image-preview":"max-image-preview:large","max-video-preview":"max-video-preview:-1"},"canonical":"https:\/\/mediaforceglobal.com\/es\/press-releases\/domenic-marte-estrena-vete\/","og_locale":"es_MX","og_type":"article","og_title":"Domenic Marte estrena \u201cVete\u201d &#8226; Media Force Global","og_url":"https:\/\/mediaforceglobal.com\/es\/press-releases\/domenic-marte-estrena-vete\/","og_site_name":"Media Force Global","article_publisher":"https:\/\/www.facebook.com\/mediaforceglobal","article_published_time":"2023-07-27T16:13:00+00:00","article_modified_time":"2023-12-24T17:32:09+00:00","og_image":[{"width":976,"height":966,"url":"https:\/\/mediaforceglobal.com\/wp-content\/uploads\/2023\/12\/Domenic-Marte-Vete.png","type":"image\/png"}],"author":"Staff","twitter_card":"summary_large_image","twitter_creator":"@MFGNewsroom","twitter_site":"@MFGNewsroom","twitter_misc":{"Escrito por":"Staff","Tiempo de lectura":"2 minutos"},"schema":{"@context":"https:\/\/schema.org","@graph":[{"@type":"Article","@id":"https:\/\/mediaforceglobal.com\/press-releases\/domenic-marte-estrena-vete\/#article","isPartOf":{"@id":"https:\/\/mediaforceglobal.com\/press-releases\/domenic-marte-estrena-vete\/"},"author":{"name":"Staff","@id":"https:\/\/mediaforceglobal.com\/#\/schema\/person\/27f53727962287ebddbc752dbf219aaf"},"headline":"Domenic Marte estrena \u201cVete\u201d","datePublished":"2023-07-27T16:13:00+00:00","dateModified":"2023-12-24T17:32:09+00:00","mainEntityOfPage":{"@id":"https:\/\/mediaforceglobal.com\/press-releases\/domenic-marte-estrena-vete\/"},"wordCount":210,"commentCount":0,"publisher":{"@id":"https:\/\/mediaforceglobal.com\/#organization"},"image":{"@id":"https:\/\/mediaforceglobal.com\/press-releases\/domenic-marte-estrena-vete\/#primaryimage"},"thumbnailUrl":"https:\/\/mediaforceglobal.com\/wp-content\/uploads\/2023\/12\/Domenic-Marte-Vete.png","keywords":["Domenic Marte"],"articleSection":["Press Releases"],"inLanguage":"es","potentialAction":[{"@type":"CommentAction","name":"Comment","target":["https:\/\/mediaforceglobal.com\/press-releases\/domenic-marte-estrena-vete\/#respond"]}]},{"@type":"WebPage","@id":"https:\/\/mediaforceglobal.com\/press-releases\/domenic-marte-estrena-vete\/","url":"https:\/\/mediaforceglobal.com\/press-releases\/domenic-marte-estrena-vete\/","name":"Domenic Marte estrena \u201cVete\u201d &#8226; Media Force Global","isPartOf":{"@id":"https:\/\/mediaforceglobal.com\/#website"},"primaryImageOfPage":{"@id":"https:\/\/mediaforceglobal.com\/press-releases\/domenic-marte-estrena-vete\/#primaryimage"},"image":{"@id":"https:\/\/mediaforceglobal.com\/press-releases\/domenic-marte-estrena-vete\/#primaryimage"},"thumbnailUrl":"https:\/\/mediaforceglobal.com\/wp-content\/uploads\/2023\/12\/Domenic-Marte-Vete.png","datePublished":"2023-07-27T16:13:00+00:00","dateModified":"2023-12-24T17:32:09+00:00","breadcrumb":{"@id":"https:\/\/mediaforceglobal.com\/press-releases\/domenic-marte-estrena-vete\/#breadcrumb"},"inLanguage":"es","potentialAction":[{"@type":"ReadAction","target":["https:\/\/mediaforceglobal.com\/press-releases\/domenic-marte-estrena-vete\/"]}]},{"@type":"ImageObject","inLanguage":"es","@id":"https:\/\/mediaforceglobal.com\/press-releases\/domenic-marte-estrena-vete\/#primaryimage","url":"https:\/\/mediaforceglobal.com\/wp-content\/uploads\/2023\/12\/Domenic-Marte-Vete.png","contentUrl":"https:\/\/mediaforceglobal.com\/wp-content\/uploads\/2023\/12\/Domenic-Marte-Vete.png","width":976,"height":966},{"@type":"BreadcrumbList","@id":"https:\/\/mediaforceglobal.com\/press-releases\/domenic-marte-estrena-vete\/#breadcrumb","itemListElement":[{"@type":"ListItem","position":1,"name":"Home","item":"https:\/\/mediaforceglobal.com\/"},{"@type":"ListItem","position":2,"name":"Press Releases","item":"https:\/\/mediaforceglobal.com\/press-releases\/"},{"@type":"ListItem","position":3,"name":"Domenic Marte estrena \u201cVete\u201d"}]},{"@type":"WebSite","@id":"https:\/\/mediaforceglobal.com\/#website","url":"https:\/\/mediaforceglobal.com\/","name":"Media Force Global","description":"Public Relations + Marketing","publisher":{"@id":"https:\/\/mediaforceglobal.com\/#organization"},"alternateName":"Media Force Global","potentialAction":[{"@type":"SearchAction","target":{"@type":"EntryPoint","urlTemplate":"https:\/\/mediaforceglobal.com\/?s={search_term_string}"},"query-input":{"@type":"PropertyValueSpecification","valueRequired":true,"valueName":"search_term_string"}}],"inLanguage":"es"},{"@type":"Organization","@id":"https:\/\/mediaforceglobal.com\/#organization","name":"Media Force Global","url":"https:\/\/mediaforceglobal.com\/","logo":{"@type":"ImageObject","inLanguage":"es","@id":"https:\/\/mediaforceglobal.com\/#\/schema\/logo\/image\/","url":"https:\/\/mediaforceglobal.com\/wp-content\/uploads\/2022\/09\/2021-MFG-logo-web.jpg","contentUrl":"https:\/\/mediaforceglobal.com\/wp-content\/uploads\/2022\/09\/2021-MFG-logo-web.jpg","width":767,"height":718,"caption":"Media Force Global"},"image":{"@id":"https:\/\/mediaforceglobal.com\/#\/schema\/logo\/image\/"},"sameAs":["https:\/\/www.facebook.com\/mediaforceglobal","https:\/\/x.com\/MFGNewsroom","https:\/\/www.instagram.com\/mediaforceglobal\/","https:\/\/www.linkedin.com\/company\/mediaforceglobal"],"description":"Media Force Global is an agency specializing in public relations, and brand positioning. Discover innovative PR strategies, high-impact campaigns, branding, media management, and business growth solutions\u2014all designed to maximize the visibility, reputation, and global reach of companies, celebrities, and entrepreneurs. Boost your digital presence with experts in strategic communication, storytelling, and performance marketing.","email":"info@mediaforceglobal.com","telephone":"+1 (786) 749-6900","legalName":"Media Force Global & Partners LLC","foundingDate":"2008-10-05","numberOfEmployees":{"@type":"QuantitativeValue","minValue":"1","maxValue":"10"}},{"@type":"Person","@id":"https:\/\/mediaforceglobal.com\/#\/schema\/person\/27f53727962287ebddbc752dbf219aaf","name":"Staff","image":{"@type":"ImageObject","inLanguage":"es","@id":"https:\/\/secure.gravatar.com\/avatar\/91618d41d75a4de8534513840b31d2be1c9485fb9dc8f5ffdf29c4fbf5943cb8?s=96&d=mm&r=g","url":"https:\/\/secure.gravatar.com\/avatar\/91618d41d75a4de8534513840b31d2be1c9485fb9dc8f5ffdf29c4fbf5943cb8?s=96&d=mm&r=g","contentUrl":"https:\/\/secure.gravatar.com\/avatar\/91618d41d75a4de8534513840b31d2be1c9485fb9dc8f5ffdf29c4fbf5943cb8?s=96&d=mm&r=g","caption":"Staff"},"description":"President of Media Force Global + Partners with more than 15 year of experience, a Bachelor\u2019s degree in Communications (Sacred Heart University) and a Master\u2019s in Entertainment Business (Full Sail University). Mel Diaz overseas operations in the areas of Public Relations, Integrated Marketing and Artist Management &amp; Commercialization; through the years, working and implementing Public Relations strategies for Jos\u00e9 Feliciano, Farruko, Proyecto Uno to mention a few, and commercial brands such as Custo Barcelona, Miami Children's Hospital Foundation and Televisa Publishing + Digital among others.","knowsLanguage":["English","Spanish"],"jobTitle":"President CEO","worksFor":"Media Force Global + Partners","url":"https:\/\/mediaforceglobal.com\/es\/author\/adminmfg\/"}]}},"_links":{"self":[{"href":"https:\/\/mediaforceglobal.com\/es\/wp-json\/wp\/v2\/posts\/86855","targetHints":{"allow":["GET"]}}],"collection":[{"href":"https:\/\/mediaforceglobal.com\/es\/wp-json\/wp\/v2\/posts"}],"about":[{"href":"https:\/\/mediaforceglobal.com\/es\/wp-json\/wp\/v2\/types\/post"}],"author":[{"embeddable":true,"href":"https:\/\/mediaforceglobal.com\/es\/wp-json\/wp\/v2\/users\/1"}],"replies":[{"embeddable":true,"href":"https:\/\/mediaforceglobal.com\/es\/wp-json\/wp\/v2\/comments?post=86855"}],"version-history":[{"count":0,"href":"https:\/\/mediaforceglobal.com\/es\/wp-json\/wp\/v2\/posts\/86855\/revisions"}],"wp:featuredmedia":[{"embeddable":true,"href":"https:\/\/mediaforceglobal.com\/es\/wp-json\/wp\/v2\/media\/86857"}],"wp:attachment":[{"href":"https:\/\/mediaforceglobal.com\/es\/wp-json\/wp\/v2\/media?parent=86855"}],"wp:term":[{"taxonomy":"category","embeddable":true,"href":"https:\/\/mediaforceglobal.com\/es\/wp-json\/wp\/v2\/categories?post=86855"},{"taxonomy":"post_tag","embeddable":true,"href":"https:\/\/mediaforceglobal.com\/es\/wp-json\/wp\/v2\/tags?post=86855"}],"curies":[{"name":"wp","href":"https:\/\/api.w.org\/{rel}","templated":true}]}}