{"id":86981,"date":"2024-02-26T21:02:41","date_gmt":"2024-02-27T02:02:41","guid":{"rendered":"https:\/\/mediaforceglobal.com\/?p=86981"},"modified":"2024-05-19T14:11:27","modified_gmt":"2024-05-19T18:11:27","slug":"erick-cuesta-se-une-a-la-moda-upcycling-para-premio-lo-nuestro-2024","status":"publish","type":"post","link":"https:\/\/mediaforceglobal.com\/es\/press-releases\/erick-cuesta-se-une-a-la-moda-upcycling-para-premio-lo-nuestro-2024\/","title":{"rendered":"Erick Cuesta se une a la moda \u201cupcycling\u201d para Premio Lo Nuestro 2024"},"content":{"rendered":"<p>El reconocido periodista y presentador de televisi\u00f3n Erick Cuesta, captur\u00f3 todas las miradas en la alfombra magenta de <strong>\u201cPremio Lo Nuestro\u201d<\/strong>, el pasado jueves, 22 de febrero, luciendo un impecable traje dise\u00f1ado por el talentoso <strong>Samy Gicherman<\/strong>. Con m\u00e1s de una d\u00e9cada de trayectoria, Erick es conocido por su estilo sobrio y elegante, y esta vez no fue la excepci\u00f3n.<\/p>\n\n\n\n<!--more-->\n\n\n\n<p>Cuesta es la cara del segmento \u201cReto Econom\u00eda\u201d, transmitido en <strong>\u201cLa voz de la ma\u00f1ana\u201d<\/strong> a trav\u00e9s de <strong>VIX<\/strong>, la plataforma de streaming de la cadena <strong>Univisi\u00f3n<\/strong>. Erick lleva el mejor contenido de econom\u00eda y finanzas, y soluciones de ahorro a la audiencia, por eso esta colaboraci\u00f3n con el dise\u00f1ador se dio con naturalidad. El enfoque del vestuario se bas\u00f3 en el proceso de <strong>\u201cupcycling\u201d<\/strong>, que va de modificar una prenda de vestir vieja para darle una segunda oportunidad de vida, sin necesidad de pasar por un proceso industrial. Una obra de arte con incrustaciones a mano de piedras negras, plateadas y rojas se plasm\u00f3 en el traje de Erick, realzando su porte con un gran toque de distinci\u00f3n.<\/p>\n\n\n\n<p><strong>Samy Gicherman<\/strong> es reconocido por su exquisita alta costura y sus impresionantes dise\u00f1os que destacan en las vitrinas de su atelier en Miami. Recientemente, el dise\u00f1ador incursion\u00f3 en la creaci\u00f3n de una l\u00ednea de accesorios con el proceso de <strong>\u201cupcycling\u201d<\/strong>, incluyendo sus famosas chaquetas que se han convertido en una sensaci\u00f3n. Erick no pod\u00eda quedarse atr\u00e1s, as\u00ed que busc\u00f3 al dise\u00f1ador para plasmar su idea y utilizar esta moda como un veh\u00edculo para su prop\u00f3sito de informar a su audiencia y ayudar sus bolsillos.<\/p>\n\n\n\n<blockquote class=\"wp-block-quote is-layout-flow wp-block-quote-is-layout-flow\">\n<p><em>\u201cDebo confesar que me sent\u00eda un poco nervioso al llevar este traje a la alfombra de\u201cPremio Lo Nuestro\u201d, ya que no acostumbro a usar algo tan llamativo, es por eso por lo que lo llam\u00e9 <strong>\u201cReto PLN\u201d<\/strong>. Agradezco a <strong>Samy Gicherman<\/strong> y su gran talento por transformar y darle vida a este traje que ten\u00eda m\u00e1s de 8 a\u00f1os en mi closet, y que al final me hizo sentir radiante\u201d<\/em>, coment\u00f3 Cuesta.<\/p>\n<\/blockquote>\n\n\n\n<p>La colaboraci\u00f3n entre el dise\u00f1ador y el periodista resalta la creatividad y la innovaci\u00f3n de ambos, y destaca el compromiso con la moda sostenible y la reinvenci\u00f3n de prendas, en esta ocasi\u00f3n con Erick Cuesta como lienzo.<\/p>","protected":false},"excerpt":{"rendered":"<p>El reconocido periodista y presentador de televisi\u00f3n Erick Cuesta, captur\u00f3 todas las miradas en la alfombra magenta de \u201cPremio Lo Nuestro\u201d, el pasado jueves, 22 de febrero, luciendo un impecable traje dise\u00f1ado por el talentoso Samy Gicherman. Con m\u00e1s de una d\u00e9cada de trayectoria, Erick es conocido por su estilo sobrio y elegante, y esta [&hellip;]<\/p>\n","protected":false},"author":1,"featured_media":86984,"comment_status":"closed","ping_status":"open","sticky":false,"template":"","format":"standard","meta":{"_angie_page":false,"page_builder":"","footnotes":""},"categories":[1],"tags":[100,461],"class_list":["post-86981","post","type-post","status-publish","format-standard","has-post-thumbnail","hentry","category-press-releases","tag-erick-cuesta","tag-samy-gicherman"],"yoast_head":"<!-- This site is optimized with the Yoast SEO Premium plugin v27.5 (Yoast SEO v27.5) - https:\/\/yoast.com\/product\/yoast-seo-premium-wordpress\/ -->\n<title>Erick Cuesta se une a la moda \u201cupcycling\u201d para Premio Lo Nuestro 2024 &#8226; Media Force Global<\/title>\n<meta name=\"robots\" content=\"index, follow, max-snippet:-1, max-image-preview:large, max-video-preview:-1\" \/>\n<link rel=\"canonical\" href=\"https:\/\/mediaforceglobal.com\/es\/press-releases\/erick-cuesta-se-une-a-la-moda-upcycling-para-premio-lo-nuestro-2024\/\" \/>\n<meta property=\"og:locale\" content=\"es_MX\" \/>\n<meta property=\"og:type\" content=\"article\" \/>\n<meta property=\"og:title\" content=\"Erick Cuesta se une a la moda \u201cupcycling\u201d para Premio Lo Nuestro 2024 &#8226; Media Force Global\" \/>\n<meta property=\"og:url\" content=\"https:\/\/mediaforceglobal.com\/es\/press-releases\/erick-cuesta-se-une-a-la-moda-upcycling-para-premio-lo-nuestro-2024\/\" \/>\n<meta property=\"og:site_name\" content=\"Media Force Global\" \/>\n<meta property=\"article:publisher\" content=\"https:\/\/www.facebook.com\/mediaforceglobal\" \/>\n<meta property=\"article:published_time\" content=\"2024-02-27T02:02:41+00:00\" \/>\n<meta property=\"article:modified_time\" content=\"2024-05-19T18:11:27+00:00\" \/>\n<meta property=\"og:image\" content=\"https:\/\/mediaforceglobal.com\/wp-content\/uploads\/2024\/02\/EC-PLN24-1-e1708999916711.jpeg\" \/>\n\t<meta property=\"og:image:width\" content=\"1534\" \/>\n\t<meta property=\"og:image:height\" content=\"1461\" \/>\n\t<meta property=\"og:image:type\" content=\"image\/jpeg\" \/>\n<meta name=\"author\" content=\"Staff\" \/>\n<meta name=\"twitter:card\" content=\"summary_large_image\" \/>\n<meta name=\"twitter:creator\" content=\"@MFGNewsroom\" \/>\n<meta name=\"twitter:site\" content=\"@MFGNewsroom\" \/>\n<meta name=\"twitter:label1\" content=\"Escrito por\" \/>\n\t<meta name=\"twitter:data1\" content=\"Staff\" \/>\n\t<meta name=\"twitter:label2\" content=\"Tiempo de lectura\" \/>\n\t<meta name=\"twitter:data2\" content=\"2 minutos\" \/>\n<script type=\"application\/ld+json\" class=\"yoast-schema-graph\">{\"@context\":\"https:\\\/\\\/schema.org\",\"@graph\":[{\"@type\":\"Article\",\"@id\":\"https:\\\/\\\/mediaforceglobal.com\\\/press-releases\\\/erick-cuesta-se-une-a-la-moda-upcycling-para-premio-lo-nuestro-2024\\\/#article\",\"isPartOf\":{\"@id\":\"https:\\\/\\\/mediaforceglobal.com\\\/press-releases\\\/erick-cuesta-se-une-a-la-moda-upcycling-para-premio-lo-nuestro-2024\\\/\"},\"author\":{\"name\":\"Staff\",\"@id\":\"https:\\\/\\\/mediaforceglobal.com\\\/#\\\/schema\\\/person\\\/27f53727962287ebddbc752dbf219aaf\"},\"headline\":\"Erick Cuesta se une a la moda \u201cupcycling\u201d para Premio Lo Nuestro 2024\",\"datePublished\":\"2024-02-27T02:02:41+00:00\",\"dateModified\":\"2024-05-19T18:11:27+00:00\",\"mainEntityOfPage\":{\"@id\":\"https:\\\/\\\/mediaforceglobal.com\\\/press-releases\\\/erick-cuesta-se-une-a-la-moda-upcycling-para-premio-lo-nuestro-2024\\\/\"},\"wordCount\":415,\"publisher\":{\"@id\":\"https:\\\/\\\/mediaforceglobal.com\\\/#organization\"},\"image\":{\"@id\":\"https:\\\/\\\/mediaforceglobal.com\\\/press-releases\\\/erick-cuesta-se-une-a-la-moda-upcycling-para-premio-lo-nuestro-2024\\\/#primaryimage\"},\"thumbnailUrl\":\"https:\\\/\\\/mediaforceglobal.com\\\/wp-content\\\/uploads\\\/2024\\\/02\\\/EC-PLN24-1-e1708999916711.jpeg\",\"keywords\":[\"Erick Cuesta\",\"Samy Gicherman\"],\"articleSection\":[\"Press Releases\"],\"inLanguage\":\"es\"},{\"@type\":\"WebPage\",\"@id\":\"https:\\\/\\\/mediaforceglobal.com\\\/press-releases\\\/erick-cuesta-se-une-a-la-moda-upcycling-para-premio-lo-nuestro-2024\\\/\",\"url\":\"https:\\\/\\\/mediaforceglobal.com\\\/press-releases\\\/erick-cuesta-se-une-a-la-moda-upcycling-para-premio-lo-nuestro-2024\\\/\",\"name\":\"Erick Cuesta se une a la moda \u201cupcycling\u201d para Premio Lo Nuestro 2024 &#8226; Media Force Global\",\"isPartOf\":{\"@id\":\"https:\\\/\\\/mediaforceglobal.com\\\/#website\"},\"primaryImageOfPage\":{\"@id\":\"https:\\\/\\\/mediaforceglobal.com\\\/press-releases\\\/erick-cuesta-se-une-a-la-moda-upcycling-para-premio-lo-nuestro-2024\\\/#primaryimage\"},\"image\":{\"@id\":\"https:\\\/\\\/mediaforceglobal.com\\\/press-releases\\\/erick-cuesta-se-une-a-la-moda-upcycling-para-premio-lo-nuestro-2024\\\/#primaryimage\"},\"thumbnailUrl\":\"https:\\\/\\\/mediaforceglobal.com\\\/wp-content\\\/uploads\\\/2024\\\/02\\\/EC-PLN24-1-e1708999916711.jpeg\",\"datePublished\":\"2024-02-27T02:02:41+00:00\",\"dateModified\":\"2024-05-19T18:11:27+00:00\",\"breadcrumb\":{\"@id\":\"https:\\\/\\\/mediaforceglobal.com\\\/press-releases\\\/erick-cuesta-se-une-a-la-moda-upcycling-para-premio-lo-nuestro-2024\\\/#breadcrumb\"},\"inLanguage\":\"es\",\"potentialAction\":[{\"@type\":\"ReadAction\",\"target\":[\"https:\\\/\\\/mediaforceglobal.com\\\/press-releases\\\/erick-cuesta-se-une-a-la-moda-upcycling-para-premio-lo-nuestro-2024\\\/\"]}]},{\"@type\":\"ImageObject\",\"inLanguage\":\"es\",\"@id\":\"https:\\\/\\\/mediaforceglobal.com\\\/press-releases\\\/erick-cuesta-se-une-a-la-moda-upcycling-para-premio-lo-nuestro-2024\\\/#primaryimage\",\"url\":\"https:\\\/\\\/mediaforceglobal.com\\\/wp-content\\\/uploads\\\/2024\\\/02\\\/EC-PLN24-1-e1708999916711.jpeg\",\"contentUrl\":\"https:\\\/\\\/mediaforceglobal.com\\\/wp-content\\\/uploads\\\/2024\\\/02\\\/EC-PLN24-1-e1708999916711.jpeg\",\"width\":1534,\"height\":1461},{\"@type\":\"BreadcrumbList\",\"@id\":\"https:\\\/\\\/mediaforceglobal.com\\\/press-releases\\\/erick-cuesta-se-une-a-la-moda-upcycling-para-premio-lo-nuestro-2024\\\/#breadcrumb\",\"itemListElement\":[{\"@type\":\"ListItem\",\"position\":1,\"name\":\"Home\",\"item\":\"https:\\\/\\\/mediaforceglobal.com\\\/\"},{\"@type\":\"ListItem\",\"position\":2,\"name\":\"Press Releases\",\"item\":\"https:\\\/\\\/mediaforceglobal.com\\\/press-releases\\\/\"},{\"@type\":\"ListItem\",\"position\":3,\"name\":\"Erick Cuesta se une a la moda \u201cupcycling\u201d para Premio Lo Nuestro 2024\"}]},{\"@type\":\"WebSite\",\"@id\":\"https:\\\/\\\/mediaforceglobal.com\\\/#website\",\"url\":\"https:\\\/\\\/mediaforceglobal.com\\\/\",\"name\":\"Media Force Global\",\"description\":\"Public Relations + Marketing\",\"publisher\":{\"@id\":\"https:\\\/\\\/mediaforceglobal.com\\\/#organization\"},\"alternateName\":\"Media Force Global\",\"potentialAction\":[{\"@type\":\"SearchAction\",\"target\":{\"@type\":\"EntryPoint\",\"urlTemplate\":\"https:\\\/\\\/mediaforceglobal.com\\\/?s={search_term_string}\"},\"query-input\":{\"@type\":\"PropertyValueSpecification\",\"valueRequired\":true,\"valueName\":\"search_term_string\"}}],\"inLanguage\":\"es\"},{\"@type\":\"Organization\",\"@id\":\"https:\\\/\\\/mediaforceglobal.com\\\/#organization\",\"name\":\"Media Force Global\",\"url\":\"https:\\\/\\\/mediaforceglobal.com\\\/\",\"logo\":{\"@type\":\"ImageObject\",\"inLanguage\":\"es\",\"@id\":\"https:\\\/\\\/mediaforceglobal.com\\\/#\\\/schema\\\/logo\\\/image\\\/\",\"url\":\"https:\\\/\\\/mediaforceglobal.com\\\/wp-content\\\/uploads\\\/2022\\\/09\\\/2021-MFG-logo-web.jpg\",\"contentUrl\":\"https:\\\/\\\/mediaforceglobal.com\\\/wp-content\\\/uploads\\\/2022\\\/09\\\/2021-MFG-logo-web.jpg\",\"width\":767,\"height\":718,\"caption\":\"Media Force Global\"},\"image\":{\"@id\":\"https:\\\/\\\/mediaforceglobal.com\\\/#\\\/schema\\\/logo\\\/image\\\/\"},\"sameAs\":[\"https:\\\/\\\/www.facebook.com\\\/mediaforceglobal\",\"https:\\\/\\\/x.com\\\/MFGNewsroom\",\"https:\\\/\\\/www.instagram.com\\\/mediaforceglobal\\\/\",\"https:\\\/\\\/www.linkedin.com\\\/company\\\/mediaforceglobal\"],\"description\":\"Media Force Global is an agency specializing in public relations, and brand positioning. Discover innovative PR strategies, high-impact campaigns, branding, media management, and business growth solutions\u2014all designed to maximize the visibility, reputation, and global reach of companies, celebrities, and entrepreneurs. Boost your digital presence with experts in strategic communication, storytelling, and performance marketing.\",\"email\":\"info@mediaforceglobal.com\",\"telephone\":\"+1 (786) 749-6900\",\"legalName\":\"Media Force Global & Partners LLC\",\"foundingDate\":\"2008-10-05\",\"numberOfEmployees\":{\"@type\":\"QuantitativeValue\",\"minValue\":\"1\",\"maxValue\":\"10\"}},{\"@type\":\"Person\",\"@id\":\"https:\\\/\\\/mediaforceglobal.com\\\/#\\\/schema\\\/person\\\/27f53727962287ebddbc752dbf219aaf\",\"name\":\"Staff\",\"image\":{\"@type\":\"ImageObject\",\"inLanguage\":\"es\",\"@id\":\"https:\\\/\\\/secure.gravatar.com\\\/avatar\\\/91618d41d75a4de8534513840b31d2be1c9485fb9dc8f5ffdf29c4fbf5943cb8?s=96&d=mm&r=g\",\"url\":\"https:\\\/\\\/secure.gravatar.com\\\/avatar\\\/91618d41d75a4de8534513840b31d2be1c9485fb9dc8f5ffdf29c4fbf5943cb8?s=96&d=mm&r=g\",\"contentUrl\":\"https:\\\/\\\/secure.gravatar.com\\\/avatar\\\/91618d41d75a4de8534513840b31d2be1c9485fb9dc8f5ffdf29c4fbf5943cb8?s=96&d=mm&r=g\",\"caption\":\"Staff\"},\"description\":\"President of Media Force Global + Partners with more than 15 year of experience, a Bachelor\u2019s degree in Communications (Sacred Heart University) and a Master\u2019s in Entertainment Business (Full Sail University). Mel Diaz overseas operations in the areas of Public Relations, Integrated Marketing and Artist Management &amp; Commercialization; through the years, working and implementing Public Relations strategies for Jos\u00e9 Feliciano, Farruko, Proyecto Uno to mention a few, and commercial brands such as Custo Barcelona, Miami Children's Hospital Foundation and Televisa Publishing + Digital among others.\",\"knowsLanguage\":[\"English\",\"Spanish\"],\"jobTitle\":\"President CEO\",\"worksFor\":\"Media Force Global + Partners\",\"url\":\"https:\\\/\\\/mediaforceglobal.com\\\/es\\\/author\\\/adminmfg\\\/\"}]}<\/script>\n<!-- \/ Yoast SEO Premium plugin. -->","yoast_head_json":{"title":"Erick Cuesta se une a la moda \u201cupcycling\u201d para Premio Lo Nuestro 2024 &#8226; Media Force Global","robots":{"index":"index","follow":"follow","max-snippet":"max-snippet:-1","max-image-preview":"max-image-preview:large","max-video-preview":"max-video-preview:-1"},"canonical":"https:\/\/mediaforceglobal.com\/es\/press-releases\/erick-cuesta-se-une-a-la-moda-upcycling-para-premio-lo-nuestro-2024\/","og_locale":"es_MX","og_type":"article","og_title":"Erick Cuesta se une a la moda \u201cupcycling\u201d para Premio Lo Nuestro 2024 &#8226; Media Force Global","og_url":"https:\/\/mediaforceglobal.com\/es\/press-releases\/erick-cuesta-se-une-a-la-moda-upcycling-para-premio-lo-nuestro-2024\/","og_site_name":"Media Force Global","article_publisher":"https:\/\/www.facebook.com\/mediaforceglobal","article_published_time":"2024-02-27T02:02:41+00:00","article_modified_time":"2024-05-19T18:11:27+00:00","og_image":[{"width":1534,"height":1461,"url":"https:\/\/mediaforceglobal.com\/wp-content\/uploads\/2024\/02\/EC-PLN24-1-e1708999916711.jpeg","type":"image\/jpeg"}],"author":"Staff","twitter_card":"summary_large_image","twitter_creator":"@MFGNewsroom","twitter_site":"@MFGNewsroom","twitter_misc":{"Escrito por":"Staff","Tiempo de lectura":"2 minutos"},"schema":{"@context":"https:\/\/schema.org","@graph":[{"@type":"Article","@id":"https:\/\/mediaforceglobal.com\/press-releases\/erick-cuesta-se-une-a-la-moda-upcycling-para-premio-lo-nuestro-2024\/#article","isPartOf":{"@id":"https:\/\/mediaforceglobal.com\/press-releases\/erick-cuesta-se-une-a-la-moda-upcycling-para-premio-lo-nuestro-2024\/"},"author":{"name":"Staff","@id":"https:\/\/mediaforceglobal.com\/#\/schema\/person\/27f53727962287ebddbc752dbf219aaf"},"headline":"Erick Cuesta se une a la moda \u201cupcycling\u201d para Premio Lo Nuestro 2024","datePublished":"2024-02-27T02:02:41+00:00","dateModified":"2024-05-19T18:11:27+00:00","mainEntityOfPage":{"@id":"https:\/\/mediaforceglobal.com\/press-releases\/erick-cuesta-se-une-a-la-moda-upcycling-para-premio-lo-nuestro-2024\/"},"wordCount":415,"publisher":{"@id":"https:\/\/mediaforceglobal.com\/#organization"},"image":{"@id":"https:\/\/mediaforceglobal.com\/press-releases\/erick-cuesta-se-une-a-la-moda-upcycling-para-premio-lo-nuestro-2024\/#primaryimage"},"thumbnailUrl":"https:\/\/mediaforceglobal.com\/wp-content\/uploads\/2024\/02\/EC-PLN24-1-e1708999916711.jpeg","keywords":["Erick Cuesta","Samy Gicherman"],"articleSection":["Press Releases"],"inLanguage":"es"},{"@type":"WebPage","@id":"https:\/\/mediaforceglobal.com\/press-releases\/erick-cuesta-se-une-a-la-moda-upcycling-para-premio-lo-nuestro-2024\/","url":"https:\/\/mediaforceglobal.com\/press-releases\/erick-cuesta-se-une-a-la-moda-upcycling-para-premio-lo-nuestro-2024\/","name":"Erick Cuesta se une a la moda \u201cupcycling\u201d para Premio Lo Nuestro 2024 &#8226; Media Force Global","isPartOf":{"@id":"https:\/\/mediaforceglobal.com\/#website"},"primaryImageOfPage":{"@id":"https:\/\/mediaforceglobal.com\/press-releases\/erick-cuesta-se-une-a-la-moda-upcycling-para-premio-lo-nuestro-2024\/#primaryimage"},"image":{"@id":"https:\/\/mediaforceglobal.com\/press-releases\/erick-cuesta-se-une-a-la-moda-upcycling-para-premio-lo-nuestro-2024\/#primaryimage"},"thumbnailUrl":"https:\/\/mediaforceglobal.com\/wp-content\/uploads\/2024\/02\/EC-PLN24-1-e1708999916711.jpeg","datePublished":"2024-02-27T02:02:41+00:00","dateModified":"2024-05-19T18:11:27+00:00","breadcrumb":{"@id":"https:\/\/mediaforceglobal.com\/press-releases\/erick-cuesta-se-une-a-la-moda-upcycling-para-premio-lo-nuestro-2024\/#breadcrumb"},"inLanguage":"es","potentialAction":[{"@type":"ReadAction","target":["https:\/\/mediaforceglobal.com\/press-releases\/erick-cuesta-se-une-a-la-moda-upcycling-para-premio-lo-nuestro-2024\/"]}]},{"@type":"ImageObject","inLanguage":"es","@id":"https:\/\/mediaforceglobal.com\/press-releases\/erick-cuesta-se-une-a-la-moda-upcycling-para-premio-lo-nuestro-2024\/#primaryimage","url":"https:\/\/mediaforceglobal.com\/wp-content\/uploads\/2024\/02\/EC-PLN24-1-e1708999916711.jpeg","contentUrl":"https:\/\/mediaforceglobal.com\/wp-content\/uploads\/2024\/02\/EC-PLN24-1-e1708999916711.jpeg","width":1534,"height":1461},{"@type":"BreadcrumbList","@id":"https:\/\/mediaforceglobal.com\/press-releases\/erick-cuesta-se-une-a-la-moda-upcycling-para-premio-lo-nuestro-2024\/#breadcrumb","itemListElement":[{"@type":"ListItem","position":1,"name":"Home","item":"https:\/\/mediaforceglobal.com\/"},{"@type":"ListItem","position":2,"name":"Press Releases","item":"https:\/\/mediaforceglobal.com\/press-releases\/"},{"@type":"ListItem","position":3,"name":"Erick Cuesta se une a la moda \u201cupcycling\u201d para Premio Lo Nuestro 2024"}]},{"@type":"WebSite","@id":"https:\/\/mediaforceglobal.com\/#website","url":"https:\/\/mediaforceglobal.com\/","name":"Media Force Global","description":"Public Relations + Marketing","publisher":{"@id":"https:\/\/mediaforceglobal.com\/#organization"},"alternateName":"Media Force Global","potentialAction":[{"@type":"SearchAction","target":{"@type":"EntryPoint","urlTemplate":"https:\/\/mediaforceglobal.com\/?s={search_term_string}"},"query-input":{"@type":"PropertyValueSpecification","valueRequired":true,"valueName":"search_term_string"}}],"inLanguage":"es"},{"@type":"Organization","@id":"https:\/\/mediaforceglobal.com\/#organization","name":"Media Force Global","url":"https:\/\/mediaforceglobal.com\/","logo":{"@type":"ImageObject","inLanguage":"es","@id":"https:\/\/mediaforceglobal.com\/#\/schema\/logo\/image\/","url":"https:\/\/mediaforceglobal.com\/wp-content\/uploads\/2022\/09\/2021-MFG-logo-web.jpg","contentUrl":"https:\/\/mediaforceglobal.com\/wp-content\/uploads\/2022\/09\/2021-MFG-logo-web.jpg","width":767,"height":718,"caption":"Media Force Global"},"image":{"@id":"https:\/\/mediaforceglobal.com\/#\/schema\/logo\/image\/"},"sameAs":["https:\/\/www.facebook.com\/mediaforceglobal","https:\/\/x.com\/MFGNewsroom","https:\/\/www.instagram.com\/mediaforceglobal\/","https:\/\/www.linkedin.com\/company\/mediaforceglobal"],"description":"Media Force Global is an agency specializing in public relations, and brand positioning. Discover innovative PR strategies, high-impact campaigns, branding, media management, and business growth solutions\u2014all designed to maximize the visibility, reputation, and global reach of companies, celebrities, and entrepreneurs. Boost your digital presence with experts in strategic communication, storytelling, and performance marketing.","email":"info@mediaforceglobal.com","telephone":"+1 (786) 749-6900","legalName":"Media Force Global & Partners LLC","foundingDate":"2008-10-05","numberOfEmployees":{"@type":"QuantitativeValue","minValue":"1","maxValue":"10"}},{"@type":"Person","@id":"https:\/\/mediaforceglobal.com\/#\/schema\/person\/27f53727962287ebddbc752dbf219aaf","name":"Staff","image":{"@type":"ImageObject","inLanguage":"es","@id":"https:\/\/secure.gravatar.com\/avatar\/91618d41d75a4de8534513840b31d2be1c9485fb9dc8f5ffdf29c4fbf5943cb8?s=96&d=mm&r=g","url":"https:\/\/secure.gravatar.com\/avatar\/91618d41d75a4de8534513840b31d2be1c9485fb9dc8f5ffdf29c4fbf5943cb8?s=96&d=mm&r=g","contentUrl":"https:\/\/secure.gravatar.com\/avatar\/91618d41d75a4de8534513840b31d2be1c9485fb9dc8f5ffdf29c4fbf5943cb8?s=96&d=mm&r=g","caption":"Staff"},"description":"President of Media Force Global + Partners with more than 15 year of experience, a Bachelor\u2019s degree in Communications (Sacred Heart University) and a Master\u2019s in Entertainment Business (Full Sail University). Mel Diaz overseas operations in the areas of Public Relations, Integrated Marketing and Artist Management &amp; Commercialization; through the years, working and implementing Public Relations strategies for Jos\u00e9 Feliciano, Farruko, Proyecto Uno to mention a few, and commercial brands such as Custo Barcelona, Miami Children's Hospital Foundation and Televisa Publishing + Digital among others.","knowsLanguage":["English","Spanish"],"jobTitle":"President CEO","worksFor":"Media Force Global + Partners","url":"https:\/\/mediaforceglobal.com\/es\/author\/adminmfg\/"}]}},"_links":{"self":[{"href":"https:\/\/mediaforceglobal.com\/es\/wp-json\/wp\/v2\/posts\/86981","targetHints":{"allow":["GET"]}}],"collection":[{"href":"https:\/\/mediaforceglobal.com\/es\/wp-json\/wp\/v2\/posts"}],"about":[{"href":"https:\/\/mediaforceglobal.com\/es\/wp-json\/wp\/v2\/types\/post"}],"author":[{"embeddable":true,"href":"https:\/\/mediaforceglobal.com\/es\/wp-json\/wp\/v2\/users\/1"}],"replies":[{"embeddable":true,"href":"https:\/\/mediaforceglobal.com\/es\/wp-json\/wp\/v2\/comments?post=86981"}],"version-history":[{"count":0,"href":"https:\/\/mediaforceglobal.com\/es\/wp-json\/wp\/v2\/posts\/86981\/revisions"}],"wp:featuredmedia":[{"embeddable":true,"href":"https:\/\/mediaforceglobal.com\/es\/wp-json\/wp\/v2\/media\/86984"}],"wp:attachment":[{"href":"https:\/\/mediaforceglobal.com\/es\/wp-json\/wp\/v2\/media?parent=86981"}],"wp:term":[{"taxonomy":"category","embeddable":true,"href":"https:\/\/mediaforceglobal.com\/es\/wp-json\/wp\/v2\/categories?post=86981"},{"taxonomy":"post_tag","embeddable":true,"href":"https:\/\/mediaforceglobal.com\/es\/wp-json\/wp\/v2\/tags?post=86981"}],"curies":[{"name":"wp","href":"https:\/\/api.w.org\/{rel}","templated":true}]}}