{"id":95979,"date":"2025-09-23T15:02:46","date_gmt":"2025-09-23T19:02:46","guid":{"rendered":"https:\/\/mediaforceglobal.com\/proyecto-uno-regresa-con-el-album-back-in-da-house\/"},"modified":"2026-09-03T12:52:39","modified_gmt":"2026-09-03T16:52:39","slug":"proyecto-uno-regresa-con-el-album-back-in-da-house","status":"publish","type":"post","link":"https:\/\/mediaforceglobal.com\/es\/proyecto-uno-regresa-con-el-album-back-in-da-house\/","title":{"rendered":"Proyecto Uno regresa con el \u00e1lbum \u201cBack In Da House\u201d"},"content":{"rendered":"\n<p class=\"wp-block-paragraph\">El ic\u00f3nico grupo pionero del merengue hip hop presenta su nuevo \u00e1lbum titulado \u201cBack In Da House\u201d, una producci\u00f3n que marca un regreso a los sonidos originales y a la esencia musical que los convirti\u00f3 en un referente internacional.<\/p>\n\n<!--more-->\n\n<p class=\"wp-block-paragraph\">Fiel a su estilo innovador, Proyecto Uno fusiona en este trabajo g\u00e9neros como el funk, la m\u00fasica disco, el R&amp;B, el hip hop y el merengue, creando una banda sonora fresca que conecta lo cl\u00e1sico con lo contempor\u00e1neo.<\/p>\n\n<p class=\"wp-block-paragraph\">La producci\u00f3n estuvo a cargo de Nelson Zapata, Gabriel Torres (Kid G), Winston De Jes\u00fas, Edwin Garc\u00eda, Paul Ure\u00f1a y Dennis Nieves, con mezcla de Raymundo (Juanchy) Tavares y masterizaci\u00f3n de Boris Milan.<\/p>\n\n<p class=\"wp-block-paragraph\">Las composiciones estuvieron lideradas por Nelson Zapata, Gabriel Torres y Paolo Tondo, junto con aportaciones de reconocidos autores como Roy Tabar\u00e9, Winston De Jes\u00fas, Gerardo Rodr\u00edguez, Marcela Arciniegas, Paul Ure\u00f1a, Stefano Marchetti y Agust\u00edn Espina.<\/p>\n\n<p class=\"wp-block-paragraph\">El \u00e1lbum tambi\u00e9n cuenta con invitados especiales: el artista colombiano Jerau, el grupo Fulanito y The Mad Stunt Man, que ya hab\u00edan colaborado con la banda en \u00e9xitos hist\u00f3ricos como \u201cLatinos\u201d y \u201cMueve la cadera\u201d.<\/p>\n\n<p class=\"wp-block-paragraph\">\u201cHac\u00eda tiempo que no public\u00e1bamos una producci\u00f3n musical, as\u00ed que decidimos volver a nuestra esencia sin prestar demasiada atenci\u00f3n a las tendencias actuales. Inici\u00e9 un proceso de mezclar antiguos discos de vinilo para encontrar la inspiraci\u00f3n necesaria y escribir nuevas canciones\u201d, coment\u00f3 Nelson Zapata, fundador de Proyecto Uno.<\/p>\n\n<figure class=\"wp-block-embed is-type-video is-provider-youtube wp-block-embed-youtube wp-embed-aspect-16-9 wp-has-aspect-ratio\"><div class=\"wp-block-embed__wrapper\">\n<iframe title=\"Proyecto Uno-Regresa Al Nido (Official video)\" width=\"800\" height=\"450\" src=\"https:\/\/www.youtube.com\/embed\/F2xnLHtz00k?feature=oembed\" frameborder=\"0\" allow=\"accelerometer; autoplay; clipboard-write; encrypted-media; gyroscope; picture-in-picture; web-share\" referrerpolicy=\"strict-origin-when-cross-origin\" allowfullscreen><\/iframe>\n<\/div><\/figure>\n\n<p class=\"wp-block-paragraph\">Con \u201cBack In Da House\u201d, Proyecto Uno reafirma su legado como pioneros en la fusi\u00f3n de ritmos latinos y urbanos, al tiempo que celebra tres d\u00e9cadas de historia musical con una propuesta que promete conquistar a nuevas generaciones.<\/p>\n","protected":false},"excerpt":{"rendered":"<p>El ic\u00f3nico grupo pionero del merengue hip hop presenta su nuevo \u00e1lbum titulado \u201cBack In Da House\u201d, una producci\u00f3n que marca un regreso a los sonidos originales y a la esencia musical que los convirti\u00f3 en un referente internacional.<\/p>\n","protected":false},"author":1,"featured_media":95980,"comment_status":"open","ping_status":"open","sticky":false,"template":"","format":"standard","meta":{"page_builder":"","footnotes":""},"categories":[525],"tags":[542],"class_list":["post-95979","post","type-post","status-publish","format-standard","has-post-thumbnail","hentry","category-noticias","tag-proyecto-uno"],"aioseo_notices":[],"aioseo_head":"\n\t\t<!-- All in One SEO 5.0.1.1 - aioseo.com -->\n\t<meta name=\"description\" content=\"El ic\u00f3nico grupo pionero del merengue hip hop presenta su nuevo \u00e1lbum titulado \u201cBack In Da House\u201d, una producci\u00f3n que marca un regreso a los sonidos originales y a la esencia musical que los convirti\u00f3 en un referente internacional. Fiel a su estilo innovador, Proyecto Uno fusiona en este trabajo g\u00e9neros como el funk, la\" \/>\n\t<meta name=\"robots\" content=\"max-image-preview:large\" \/>\n\t<meta name=\"author\" content=\"Staff\"\/>\n\t<link rel=\"canonical\" href=\"https:\/\/mediaforceglobal.com\/es\/proyecto-uno-regresa-con-el-album-back-in-da-house\/\" \/>\n\t<meta name=\"generator\" content=\"All in One SEO (AIOSEO) 5.0.1.1\" \/>\n\t\t<meta property=\"og:locale\" content=\"es_ES\" \/>\n\t\t<meta property=\"og:site_name\" content=\"Media Force Global 1 \u2022 Public Relations + Marketing\" \/>\n\t\t<meta property=\"og:type\" content=\"article\" \/>\n\t\t<meta property=\"og:title\" content=\"Proyecto Uno regresa con el \u00e1lbum \u201cBack In Da House\u201d \u2022 Media Force Global 1\" \/>\n\t\t<meta property=\"og:description\" content=\"El ic\u00f3nico grupo pionero del merengue hip hop presenta su nuevo \u00e1lbum titulado \u201cBack In Da House\u201d, una producci\u00f3n que marca un regreso a los sonidos originales y a la esencia musical que los convirti\u00f3 en un referente internacional. Fiel a su estilo innovador, Proyecto Uno fusiona en este trabajo g\u00e9neros como el funk, la\" \/>\n\t\t<meta property=\"og:url\" content=\"https:\/\/mediaforceglobal.com\/es\/proyecto-uno-regresa-con-el-album-back-in-da-house\/\" \/>\n\t\t<meta property=\"og:image\" content=\"https:\/\/mediaforceglobal.com\/wp-content\/uploads\/2025\/09\/Proyecto-Uno-Sin-letras.png\" \/>\n\t\t<meta property=\"og:image:secure_url\" content=\"https:\/\/mediaforceglobal.com\/wp-content\/uploads\/2025\/09\/Proyecto-Uno-Sin-letras.png\" \/>\n\t\t<meta property=\"og:image:width\" content=\"1600\" \/>\n\t\t<meta property=\"og:image:height\" content=\"1600\" \/>\n\t\t<meta property=\"article:published_time\" content=\"2025-09-23T19:02:46+00:00\" \/>\n\t\t<meta property=\"article:modified_time\" content=\"2026-09-03T16:52:39+00:00\" \/>\n\t\t<meta property=\"article:publisher\" content=\"https:\/\/facebook.com\/mediaforceglobal\" \/>\n\t\t<meta name=\"twitter:card\" content=\"summary_large_image\" \/>\n\t\t<meta name=\"twitter:title\" content=\"Proyecto Uno regresa con el \u00e1lbum \u201cBack In Da House\u201d \u2022 Media Force Global 1\" \/>\n\t\t<meta name=\"twitter:description\" content=\"El ic\u00f3nico grupo pionero del merengue hip hop presenta su nuevo \u00e1lbum titulado \u201cBack In Da House\u201d, una producci\u00f3n que marca un regreso a los sonidos originales y a la esencia musical que los convirti\u00f3 en un referente internacional. Fiel a su estilo innovador, Proyecto Uno fusiona en este trabajo g\u00e9neros como el funk, la\" \/>\n\t\t<meta name=\"twitter:image\" content=\"https:\/\/mediaforceglobal.com\/wp-content\/uploads\/2025\/09\/Proyecto-Uno-Sin-letras.png\" \/>\n\t\t<script type=\"application\/ld+json\" class=\"aioseo-schema\">\n\t\t\t{\"@context\":\"https:\\\/\\\/schema.org\",\"@graph\":[{\"@type\":\"BlogPosting\",\"@id\":\"https:\\\/\\\/mediaforceglobal.com\\\/es\\\/proyecto-uno-regresa-con-el-album-back-in-da-house\\\/#blogposting\",\"name\":\"Proyecto Uno regresa con el \\u00e1lbum \\u201cBack In Da House\\u201d \\u2022 Media Force Global 1\",\"headline\":\"Proyecto Uno regresa con el \\u00e1lbum \\u201cBack In Da House\\u201d\",\"author\":{\"@id\":\"https:\\\/\\\/mediaforceglobal.com\\\/es\\\/author\\\/adminmfg\\\/#author\"},\"publisher\":{\"@id\":\"https:\\\/\\\/mediaforceglobal.com\\\/es\\\/#organization\"},\"image\":{\"@type\":\"ImageObject\",\"url\":\"https:\\\/\\\/mediaforceglobal.com\\\/wp-content\\\/uploads\\\/2025\\\/09\\\/Proyecto-Uno-Sin-letras.png\",\"width\":1600,\"height\":1600},\"datePublished\":\"2025-09-23T15:02:46-04:00\",\"dateModified\":\"2026-09-03T12:52:39-04:00\",\"inLanguage\":\"es-ES\",\"mainEntityOfPage\":{\"@id\":\"https:\\\/\\\/mediaforceglobal.com\\\/es\\\/proyecto-uno-regresa-con-el-album-back-in-da-house\\\/#webpage\"},\"isPartOf\":{\"@id\":\"https:\\\/\\\/mediaforceglobal.com\\\/es\\\/proyecto-uno-regresa-con-el-album-back-in-da-house\\\/#webpage\"},\"articleSection\":\"Noticias, Proyecto Uno, Opcional\"},{\"@type\":\"BreadcrumbList\",\"@id\":\"https:\\\/\\\/mediaforceglobal.com\\\/es\\\/proyecto-uno-regresa-con-el-album-back-in-da-house\\\/#breadcrumblist\",\"itemListElement\":[{\"@type\":\"ListItem\",\"@id\":\"https:\\\/\\\/mediaforceglobal.com\\\/es\\\/#listItem\",\"position\":1,\"name\":\"Home\",\"item\":\"https:\\\/\\\/mediaforceglobal.com\\\/es\\\/\",\"nextItem\":{\"@type\":\"ListItem\",\"@id\":\"https:\\\/\\\/mediaforceglobal.com\\\/es\\\/noticias\\\/#listItem\",\"name\":\"Noticias\"}},{\"@type\":\"ListItem\",\"@id\":\"https:\\\/\\\/mediaforceglobal.com\\\/es\\\/noticias\\\/#listItem\",\"position\":2,\"name\":\"Noticias\",\"item\":\"https:\\\/\\\/mediaforceglobal.com\\\/es\\\/noticias\\\/\",\"nextItem\":{\"@type\":\"ListItem\",\"@id\":\"https:\\\/\\\/mediaforceglobal.com\\\/es\\\/proyecto-uno-regresa-con-el-album-back-in-da-house\\\/#listItem\",\"name\":\"Proyecto Uno regresa con el \\u00e1lbum \\u201cBack In Da House\\u201d\"},\"previousItem\":{\"@type\":\"ListItem\",\"@id\":\"https:\\\/\\\/mediaforceglobal.com\\\/es\\\/#listItem\",\"name\":\"Home\"}},{\"@type\":\"ListItem\",\"@id\":\"https:\\\/\\\/mediaforceglobal.com\\\/es\\\/proyecto-uno-regresa-con-el-album-back-in-da-house\\\/#listItem\",\"position\":3,\"name\":\"Proyecto Uno regresa con el \\u00e1lbum \\u201cBack In Da House\\u201d\",\"previousItem\":{\"@type\":\"ListItem\",\"@id\":\"https:\\\/\\\/mediaforceglobal.com\\\/es\\\/noticias\\\/#listItem\",\"name\":\"Noticias\"}}]},{\"@type\":\"Organization\",\"@id\":\"https:\\\/\\\/mediaforceglobal.com\\\/es\\\/#organization\",\"name\":\"Media Force Global 1\",\"description\":\"Public Relations + Marketing\",\"url\":\"https:\\\/\\\/mediaforceglobal.com\\\/es\\\/\",\"email\":\"mel.diaz@mediaforceglobal.com\",\"telephone\":\"+17862710313\",\"foundingDate\":\"2010-08-04\",\"numberOfEmployees\":{\"@type\":\"QuantitativeValue\",\"minValue\":1,\"maxValue\":5},\"logo\":{\"@type\":\"ImageObject\",\"url\":\"https:\\\/\\\/mediaforceglobal.com\\\/wp-content\\\/uploads\\\/2022\\\/02\\\/cropped-mfg-1.jpg\",\"@id\":\"https:\\\/\\\/mediaforceglobal.com\\\/es\\\/proyecto-uno-regresa-con-el-album-back-in-da-house\\\/#organizationLogo\"},\"image\":{\"@id\":\"https:\\\/\\\/mediaforceglobal.com\\\/es\\\/proyecto-uno-regresa-con-el-album-back-in-da-house\\\/#organizationLogo\"},\"sameAs\":[\"https:\\\/\\\/facebook.com\\\/mediaforceglobal\",\"https:\\\/\\\/x.com\\\/mfgnewsroom\",\"https:\\\/\\\/instagram.com\\\/mediaforceglobal\",\"https:\\\/\\\/tiktok.com\\\/@mediaforceglobal\",\"https:\\\/\\\/pinterest.com\\\/mediaforceglobal\",\"https:\\\/\\\/youtube.com\\\/mediaforceglobal\",\"https:\\\/\\\/linkedin.com\\\/in\\\/mediaforceglobal\",\"https:\\\/\\\/threads.com\\\/@mediaforceglobal\"]},{\"@type\":\"Person\",\"@id\":\"https:\\\/\\\/mediaforceglobal.com\\\/es\\\/author\\\/adminmfg\\\/#author\",\"url\":\"https:\\\/\\\/mediaforceglobal.com\\\/es\\\/author\\\/adminmfg\\\/\",\"name\":\"Staff\",\"image\":{\"@type\":\"ImageObject\",\"@id\":\"https:\\\/\\\/mediaforceglobal.com\\\/es\\\/proyecto-uno-regresa-con-el-album-back-in-da-house\\\/#authorImage\",\"url\":\"https:\\\/\\\/secure.gravatar.com\\\/avatar\\\/91618d41d75a4de8534513840b31d2be1c9485fb9dc8f5ffdf29c4fbf5943cb8?s=96&d=mm&r=g\",\"width\":96,\"height\":96,\"caption\":\"Staff\"}},{\"@type\":\"WebPage\",\"@id\":\"https:\\\/\\\/mediaforceglobal.com\\\/es\\\/proyecto-uno-regresa-con-el-album-back-in-da-house\\\/#webpage\",\"url\":\"https:\\\/\\\/mediaforceglobal.com\\\/es\\\/proyecto-uno-regresa-con-el-album-back-in-da-house\\\/\",\"name\":\"Proyecto Uno regresa con el \\u00e1lbum \\u201cBack In Da House\\u201d \\u2022 Media Force Global 1\",\"description\":\"El ic\\u00f3nico grupo pionero del merengue hip hop presenta su nuevo \\u00e1lbum titulado \\u201cBack In Da House\\u201d, una producci\\u00f3n que marca un regreso a los sonidos originales y a la esencia musical que los convirti\\u00f3 en un referente internacional. Fiel a su estilo innovador, Proyecto Uno fusiona en este trabajo g\\u00e9neros como el funk, la\",\"inLanguage\":\"es-ES\",\"isPartOf\":{\"@id\":\"https:\\\/\\\/mediaforceglobal.com\\\/es\\\/#website\"},\"breadcrumb\":{\"@id\":\"https:\\\/\\\/mediaforceglobal.com\\\/es\\\/proyecto-uno-regresa-con-el-album-back-in-da-house\\\/#breadcrumblist\"},\"author\":{\"@id\":\"https:\\\/\\\/mediaforceglobal.com\\\/es\\\/author\\\/adminmfg\\\/#author\"},\"creator\":{\"@id\":\"https:\\\/\\\/mediaforceglobal.com\\\/es\\\/author\\\/adminmfg\\\/#author\"},\"image\":{\"@type\":\"ImageObject\",\"url\":\"https:\\\/\\\/mediaforceglobal.com\\\/wp-content\\\/uploads\\\/2025\\\/09\\\/Proyecto-Uno-Sin-letras.png\",\"@id\":\"https:\\\/\\\/mediaforceglobal.com\\\/es\\\/proyecto-uno-regresa-con-el-album-back-in-da-house\\\/#mainImage\",\"width\":1600,\"height\":1600},\"primaryImageOfPage\":{\"@id\":\"https:\\\/\\\/mediaforceglobal.com\\\/es\\\/proyecto-uno-regresa-con-el-album-back-in-da-house\\\/#mainImage\"},\"datePublished\":\"2025-09-23T15:02:46-04:00\",\"dateModified\":\"2026-09-03T12:52:39-04:00\"},{\"@type\":\"WebSite\",\"@id\":\"https:\\\/\\\/mediaforceglobal.com\\\/es\\\/#website\",\"url\":\"https:\\\/\\\/mediaforceglobal.com\\\/es\\\/\",\"name\":\"Media Force Global 1\",\"description\":\"Public Relations + Marketing\",\"inLanguage\":\"es-ES\",\"publisher\":{\"@id\":\"https:\\\/\\\/mediaforceglobal.com\\\/es\\\/#organization\"}}]}\n\t\t<\/script>\n\t\t<!-- All in One SEO -->\n\n","aioseo_head_json":{"title":"Proyecto Uno regresa con el \u00e1lbum \u201cBack In Da House\u201d \u2022 Media Force Global 1","description":"El ic\u00f3nico grupo pionero del merengue hip hop presenta su nuevo \u00e1lbum titulado \u201cBack In Da House\u201d, una producci\u00f3n que marca un regreso a los sonidos originales y a la esencia musical que los convirti\u00f3 en un referente internacional. Fiel a su estilo innovador, Proyecto Uno fusiona en este trabajo g\u00e9neros como el funk, la","canonical_url":"https:\/\/mediaforceglobal.com\/es\/proyecto-uno-regresa-con-el-album-back-in-da-house\/","robots":"max-image-preview:large","keywords":"","webmasterTools":{"miscellaneous":""},"schema":{"@context":"https:\/\/schema.org","@graph":[{"@type":"BlogPosting","@id":"https:\/\/mediaforceglobal.com\/es\/proyecto-uno-regresa-con-el-album-back-in-da-house\/#blogposting","name":"Proyecto Uno regresa con el \u00e1lbum \u201cBack In Da House\u201d \u2022 Media Force Global 1","headline":"Proyecto Uno regresa con el \u00e1lbum \u201cBack In Da House\u201d","author":{"@id":"https:\/\/mediaforceglobal.com\/es\/author\/adminmfg\/#author"},"publisher":{"@id":"https:\/\/mediaforceglobal.com\/es\/#organization"},"image":{"@type":"ImageObject","url":"https:\/\/mediaforceglobal.com\/wp-content\/uploads\/2025\/09\/Proyecto-Uno-Sin-letras.png","width":1600,"height":1600},"datePublished":"2025-09-23T15:02:46-04:00","dateModified":"2026-09-03T12:52:39-04:00","inLanguage":"es-ES","mainEntityOfPage":{"@id":"https:\/\/mediaforceglobal.com\/es\/proyecto-uno-regresa-con-el-album-back-in-da-house\/#webpage"},"isPartOf":{"@id":"https:\/\/mediaforceglobal.com\/es\/proyecto-uno-regresa-con-el-album-back-in-da-house\/#webpage"},"articleSection":"Noticias, Proyecto Uno, Opcional"},{"@type":"BreadcrumbList","@id":"https:\/\/mediaforceglobal.com\/es\/proyecto-uno-regresa-con-el-album-back-in-da-house\/#breadcrumblist","itemListElement":[{"@type":"ListItem","@id":"https:\/\/mediaforceglobal.com\/es\/#listItem","position":1,"name":"Home","item":"https:\/\/mediaforceglobal.com\/es\/","nextItem":{"@type":"ListItem","@id":"https:\/\/mediaforceglobal.com\/es\/noticias\/#listItem","name":"Noticias"}},{"@type":"ListItem","@id":"https:\/\/mediaforceglobal.com\/es\/noticias\/#listItem","position":2,"name":"Noticias","item":"https:\/\/mediaforceglobal.com\/es\/noticias\/","nextItem":{"@type":"ListItem","@id":"https:\/\/mediaforceglobal.com\/es\/proyecto-uno-regresa-con-el-album-back-in-da-house\/#listItem","name":"Proyecto Uno regresa con el \u00e1lbum \u201cBack In Da House\u201d"},"previousItem":{"@type":"ListItem","@id":"https:\/\/mediaforceglobal.com\/es\/#listItem","name":"Home"}},{"@type":"ListItem","@id":"https:\/\/mediaforceglobal.com\/es\/proyecto-uno-regresa-con-el-album-back-in-da-house\/#listItem","position":3,"name":"Proyecto Uno regresa con el \u00e1lbum \u201cBack In Da House\u201d","previousItem":{"@type":"ListItem","@id":"https:\/\/mediaforceglobal.com\/es\/noticias\/#listItem","name":"Noticias"}}]},{"@type":"Organization","@id":"https:\/\/mediaforceglobal.com\/es\/#organization","name":"Media Force Global 1","description":"Public Relations + Marketing","url":"https:\/\/mediaforceglobal.com\/es\/","email":"mel.diaz@mediaforceglobal.com","telephone":"+17862710313","foundingDate":"2010-08-04","numberOfEmployees":{"@type":"QuantitativeValue","minValue":1,"maxValue":5},"logo":{"@type":"ImageObject","url":"https:\/\/mediaforceglobal.com\/wp-content\/uploads\/2022\/02\/cropped-mfg-1.jpg","@id":"https:\/\/mediaforceglobal.com\/es\/proyecto-uno-regresa-con-el-album-back-in-da-house\/#organizationLogo"},"image":{"@id":"https:\/\/mediaforceglobal.com\/es\/proyecto-uno-regresa-con-el-album-back-in-da-house\/#organizationLogo"},"sameAs":["https:\/\/facebook.com\/mediaforceglobal","https:\/\/x.com\/mfgnewsroom","https:\/\/instagram.com\/mediaforceglobal","https:\/\/tiktok.com\/@mediaforceglobal","https:\/\/pinterest.com\/mediaforceglobal","https:\/\/youtube.com\/mediaforceglobal","https:\/\/linkedin.com\/in\/mediaforceglobal","https:\/\/threads.com\/@mediaforceglobal"]},{"@type":"Person","@id":"https:\/\/mediaforceglobal.com\/es\/author\/adminmfg\/#author","url":"https:\/\/mediaforceglobal.com\/es\/author\/adminmfg\/","name":"Staff","image":{"@type":"ImageObject","@id":"https:\/\/mediaforceglobal.com\/es\/proyecto-uno-regresa-con-el-album-back-in-da-house\/#authorImage","url":"https:\/\/secure.gravatar.com\/avatar\/91618d41d75a4de8534513840b31d2be1c9485fb9dc8f5ffdf29c4fbf5943cb8?s=96&d=mm&r=g","width":96,"height":96,"caption":"Staff"}},{"@type":"WebPage","@id":"https:\/\/mediaforceglobal.com\/es\/proyecto-uno-regresa-con-el-album-back-in-da-house\/#webpage","url":"https:\/\/mediaforceglobal.com\/es\/proyecto-uno-regresa-con-el-album-back-in-da-house\/","name":"Proyecto Uno regresa con el \u00e1lbum \u201cBack In Da House\u201d \u2022 Media Force Global 1","description":"El ic\u00f3nico grupo pionero del merengue hip hop presenta su nuevo \u00e1lbum titulado \u201cBack In Da House\u201d, una producci\u00f3n que marca un regreso a los sonidos originales y a la esencia musical que los convirti\u00f3 en un referente internacional. Fiel a su estilo innovador, Proyecto Uno fusiona en este trabajo g\u00e9neros como el funk, la","inLanguage":"es-ES","isPartOf":{"@id":"https:\/\/mediaforceglobal.com\/es\/#website"},"breadcrumb":{"@id":"https:\/\/mediaforceglobal.com\/es\/proyecto-uno-regresa-con-el-album-back-in-da-house\/#breadcrumblist"},"author":{"@id":"https:\/\/mediaforceglobal.com\/es\/author\/adminmfg\/#author"},"creator":{"@id":"https:\/\/mediaforceglobal.com\/es\/author\/adminmfg\/#author"},"image":{"@type":"ImageObject","url":"https:\/\/mediaforceglobal.com\/wp-content\/uploads\/2025\/09\/Proyecto-Uno-Sin-letras.png","@id":"https:\/\/mediaforceglobal.com\/es\/proyecto-uno-regresa-con-el-album-back-in-da-house\/#mainImage","width":1600,"height":1600},"primaryImageOfPage":{"@id":"https:\/\/mediaforceglobal.com\/es\/proyecto-uno-regresa-con-el-album-back-in-da-house\/#mainImage"},"datePublished":"2025-09-23T15:02:46-04:00","dateModified":"2026-09-03T12:52:39-04:00"},{"@type":"WebSite","@id":"https:\/\/mediaforceglobal.com\/es\/#website","url":"https:\/\/mediaforceglobal.com\/es\/","name":"Media Force Global 1","description":"Public Relations + Marketing","inLanguage":"es-ES","publisher":{"@id":"https:\/\/mediaforceglobal.com\/es\/#organization"}}]},"og:locale":"es_ES","og:site_name":"Media Force Global 1 \u2022 Public Relations + Marketing","og:type":"article","og:title":"Proyecto Uno regresa con el \u00e1lbum \u201cBack In Da House\u201d \u2022 Media Force Global 1","og:description":"El ic\u00f3nico grupo pionero del merengue hip hop presenta su nuevo \u00e1lbum titulado \u201cBack In Da House\u201d, una producci\u00f3n que marca un regreso a los sonidos originales y a la esencia musical que los convirti\u00f3 en un referente internacional. Fiel a su estilo innovador, Proyecto Uno fusiona en este trabajo g\u00e9neros como el funk, la","og:url":"https:\/\/mediaforceglobal.com\/es\/proyecto-uno-regresa-con-el-album-back-in-da-house\/","og:image":"https:\/\/mediaforceglobal.com\/wp-content\/uploads\/2025\/09\/Proyecto-Uno-Sin-letras.png","og:image:secure_url":"https:\/\/mediaforceglobal.com\/wp-content\/uploads\/2025\/09\/Proyecto-Uno-Sin-letras.png","og:image:width":1600,"og:image:height":1600,"article:published_time":"2025-09-23T19:02:46+00:00","article:modified_time":"2026-09-03T16:52:39+00:00","article:publisher":"https:\/\/facebook.com\/mediaforceglobal","twitter:card":"summary_large_image","twitter:title":"Proyecto Uno regresa con el \u00e1lbum \u201cBack In Da House\u201d \u2022 Media Force Global 1","twitter:description":"El ic\u00f3nico grupo pionero del merengue hip hop presenta su nuevo \u00e1lbum titulado \u201cBack In Da House\u201d, una producci\u00f3n que marca un regreso a los sonidos originales y a la esencia musical que los convirti\u00f3 en un referente internacional. Fiel a su estilo innovador, Proyecto Uno fusiona en este trabajo g\u00e9neros como el funk, la","twitter:image":"https:\/\/mediaforceglobal.com\/wp-content\/uploads\/2025\/09\/Proyecto-Uno-Sin-letras.png"},"aioseo_meta_data":{"post_id":"95979","title":null,"description":null,"keywords":null,"keyphrases":null,"focus_keyword":null,"additional_keywords":null,"truseo_locale":null,"primary_term":null,"canonical_url":null,"og_title":null,"og_description":null,"og_object_type":"default","og_image_type":"default","og_image_custom_url":null,"og_image_custom_fields":null,"og_image_url":null,"og_image_width":null,"og_image_height":null,"og_video":null,"og_custom_url":null,"og_article_section":null,"og_article_tags":null,"twitter_use_og":false,"twitter_card":"default","twitter_image_type":"default","twitter_image_custom_url":null,"twitter_image_custom_fields":null,"twitter_image_url":null,"twitter_title":null,"twitter_description":null,"schema_type":"default","schema_type_options":null,"schema":{"blockGraphs":[],"customGraphs":[],"default":{"data":{"Article":[],"Course":[],"Dataset":[],"FAQPage":[],"Movie":[],"Person":[],"Product":[],"ProductReview":[],"Car":[],"Recipe":[],"Service":[],"SoftwareApplication":[],"WebPage":[]},"graphName":"","isEnabled":true},"graphs":[]},"pillar_content":false,"robots_default":true,"robots_noindex":false,"robots_noarchive":false,"robots_nosnippet":false,"robots_nofollow":false,"robots_noimageindex":false,"robots_noodp":false,"robots_notranslate":false,"robots_max_snippet":null,"robots_max_videopreview":null,"robots_max_imagepreview":"large","priority":null,"frequency":null,"local_seo":null,"limit_modified_date":false,"ai":null,"breadcrumb_settings":null,"seo_analyzer_scan_date":null,"created":"2026-09-03 16:52:39","updated":"2026-09-03 17:00:03"},"aioseo_breadcrumb":"<div class=\"aioseo-breadcrumbs\"><span class=\"aioseo-breadcrumb\">\n\t\t\t<a href=\"https:\/\/mediaforceglobal.com\/es\/\" title=\"Home\">Home<\/a>\n\t\t<\/span><span class=\"aioseo-breadcrumb-separator\">&raquo;<\/span><span class=\"aioseo-breadcrumb\">\n\t\t\t<a href=\"https:\/\/mediaforceglobal.com\/es\/noticias\/\" title=\"Noticias\">Noticias<\/a>\n\t\t<\/span><span class=\"aioseo-breadcrumb-separator\">&raquo;<\/span><span class=\"aioseo-breadcrumb\">\n\t\t\tProyecto Uno regresa con el \u00e1lbum \u201cBack In Da House\u201d\n\t\t<\/span><\/div>","aioseo_breadcrumb_json":[{"label":"Home","link":"https:\/\/mediaforceglobal.com\/es\/"},{"label":"Noticias","link":"https:\/\/mediaforceglobal.com\/es\/noticias\/"},{"label":"Proyecto Uno regresa con el \u00e1lbum \u201cBack In Da House\u201d","link":"https:\/\/mediaforceglobal.com\/es\/proyecto-uno-regresa-con-el-album-back-in-da-house\/"}],"_links":{"self":[{"href":"https:\/\/mediaforceglobal.com\/es\/wp-json\/wp\/v2\/posts\/95979","targetHints":{"allow":["GET"]}}],"collection":[{"href":"https:\/\/mediaforceglobal.com\/es\/wp-json\/wp\/v2\/posts"}],"about":[{"href":"https:\/\/mediaforceglobal.com\/es\/wp-json\/wp\/v2\/types\/post"}],"author":[{"embeddable":true,"href":"https:\/\/mediaforceglobal.com\/es\/wp-json\/wp\/v2\/users\/1"}],"replies":[{"embeddable":true,"href":"https:\/\/mediaforceglobal.com\/es\/wp-json\/wp\/v2\/comments?post=95979"}],"version-history":[{"count":1,"href":"https:\/\/mediaforceglobal.com\/es\/wp-json\/wp\/v2\/posts\/95979\/revisions"}],"predecessor-version":[{"id":95981,"href":"https:\/\/mediaforceglobal.com\/es\/wp-json\/wp\/v2\/posts\/95979\/revisions\/95981"}],"wp:featuredmedia":[{"embeddable":true,"href":"https:\/\/mediaforceglobal.com\/es\/wp-json\/wp\/v2\/media\/95980"}],"wp:attachment":[{"href":"https:\/\/mediaforceglobal.com\/es\/wp-json\/wp\/v2\/media?parent=95979"}],"wp:term":[{"taxonomy":"category","embeddable":true,"href":"https:\/\/mediaforceglobal.com\/es\/wp-json\/wp\/v2\/categories?post=95979"},{"taxonomy":"post_tag","embeddable":true,"href":"https:\/\/mediaforceglobal.com\/es\/wp-json\/wp\/v2\/tags?post=95979"}],"curies":[{"name":"wp","href":"https:\/\/api.w.org\/{rel}","templated":true}]}}